{"id":3915,"date":"2023-03-29T08:59:29","date_gmt":"2023-03-29T06:59:29","guid":{"rendered":"https:\/\/www.upo.es\/25-aniversario\/?p=3915"},"modified":"2023-03-30T15:20:51","modified_gmt":"2023-03-30T13:20:51","slug":"la-obra-de-teatro-el-sueno-ilustrado-de-olavide-conmemora-el-25o-aniversario-de-la-upo","status":"publish","type":"post","link":"https:\/\/www.upo.es\/25-aniversario\/la-obra-de-teatro-el-sueno-ilustrado-de-olavide-conmemora-el-25o-aniversario-de-la-upo\/","title":{"rendered":"La obra de teatro \u2018El sue\u00f1o ilustrado de Olavide\u2019 conmemora el 25\u00ba Aniversario de la UPO"},"content":{"rendered":"\t\t<div data-elementor-type=\"wp-post\" data-elementor-id=\"3915\" class=\"elementor elementor-3915\">\n\t\t\t\t\t\t\t\t\t<section class=\"elementor-section elementor-top-section elementor-element elementor-element-1a36c627 elementor-section-boxed elementor-section-height-default elementor-section-height-default\" data-id=\"1a36c627\" data-element_type=\"section\">\n\t\t\t\t\t\t<div class=\"elementor-container elementor-column-gap-default\">\n\t\t\t\t\t<div class=\"elementor-column elementor-col-100 elementor-top-column elementor-element elementor-element-5861784d\" data-id=\"5861784d\" data-element_type=\"column\">\n\t\t\t<div class=\"elementor-widget-wrap elementor-element-populated\">\n\t\t\t\t\t\t\t\t<div class=\"elementor-element elementor-element-656115c3 elementor-widget elementor-widget-text-editor\" data-id=\"656115c3\" data-element_type=\"widget\" data-widget_type=\"text-editor.default\">\n\t\t\t\t<div class=\"elementor-widget-container\">\n\t\t\t<style>\/*! elementor - v3.8.0 - 30-10-2022 *\/\n.elementor-widget-text-editor.elementor-drop-cap-view-stacked .elementor-drop-cap{background-color:#818a91;color:#fff}.elementor-widget-text-editor.elementor-drop-cap-view-framed .elementor-drop-cap{color:#818a91;border:3px solid;background-color:transparent}.elementor-widget-text-editor:not(.elementor-drop-cap-view-default) .elementor-drop-cap{margin-top:8px}.elementor-widget-text-editor:not(.elementor-drop-cap-view-default) .elementor-drop-cap-letter{width:1em;height:1em}.elementor-widget-text-editor .elementor-drop-cap{float:left;text-align:center;line-height:1;font-size:50px}.elementor-widget-text-editor .elementor-drop-cap-letter{display:inline-block}<\/style>\t\t\t\t<p>El <strong>Grupo de Teatro del Ilustre Colegio de Abogados de Sevilla<\/strong>\u00a0ha representado\u00a0<strong>\u2018El sue\u00f1o ilustrado de Olavide\u2019<\/strong>, una obra que se enmarca en la <a href=\"https:\/\/eventos.upo.es\/94737\/detail\/4o-semana-de-la-historia-de-la-universidad-pablo-de-olavide.html\">4\u00aa Semana de la Historia<\/a>, con motivo del 25 aniversario de la Universidad Pablo de Olavide.<\/p><p>La obra teatral hace un repaso por sula vida y logros de Pablo de Olavide y J\u00e1uregui,\u00a0 partiendo de la dramatizaci\u00f3n de su muerte.<\/p><p>La funci\u00f3n, que fue representada en el auditorio de la sede de la Fundaci\u00f3n Cajasol en Sevilla, cont\u00f3 con la presencia del rector de la Universidad Pablo de Olavide,\u00a0<strong>Francisco Oliva Bl\u00e1zquez<\/strong>.<\/p><p>La 4\u00aa Semana de la Historia de la Universidad Pablo de Olavide es un evento de divulgaci\u00f3n que, bajo el lema \u2018Tanto por descubrir\u2019, se celebra hasta este viernes 31 de marzo en el campus universitario y en diversos espacios de la ciudad de Sevilla.<\/p><p><a title=\"\u2018El sue\u00f1o ilustrado de Olavide\u2019\" href=\"https:\/\/www.flickr.com\/photos\/pablodeolavide\/albums\/72177720307101348\" data-flickr-embed=\"true\"><img loading=\"lazy\" decoding=\"async\" src=\"https:\/\/live.staticflickr.com\/65535\/52780731507_8e7999dedb_z.jpg\" alt=\"\u2018El sue\u00f1o ilustrado de Olavide\u2019\" width=\"640\" height=\"480\" \/><\/a><script async src=\"\/\/embedr.flickr.com\/assets\/client-code.js\" charset=\"utf-8\"><\/script><\/p>\t\t\t\t\t\t<\/div>\n\t\t\t\t<\/div>\n\t\t\t\t\t<\/div>\n\t\t<\/div>\n\t\t\t\t\t\t\t<\/div>\n\t\t<\/section>\n\t\t\t\t\t\t\t<\/div>\n\t\t","protected":false},"excerpt":{"rendered":"<p>El Grupo de Teatro del Ilustre Colegio de Abogados de Sevilla ha representado \u2018El sue\u00f1o ilustrado de Olavide\u2019, una obra que se enmarca en la 4\u00aa Semana de la Historia, con motivo del 25 aniversario de la Universidad Pablo de Olavide.<\/p>\n","protected":false},"author":3,"featured_media":3917,"comment_status":"closed","ping_status":"open","sticky":false,"template":"","format":"standard","meta":{"om_disable_all_campaigns":false,"_monsterinsights_skip_tracking":false,"_monsterinsights_sitenote_active":false,"_monsterinsights_sitenote_note":"","_monsterinsights_sitenote_category":0,"footnotes":""},"categories":[14],"tags":[60,100,111,53,99,98],"class_list":["post-3915","post","type-post","status-publish","format-standard","has-post-thumbnail","hentry","category-noticias-25-aniversaio","tag-25-aniversario-upo","tag-colegio-de-abogados-de-sevilla","tag-fundacion-cajasol","tag-pablo-de-olavide","tag-semana-de-la-historia","tag-teatro"],"aioseo_notices":[],"yoast_head":"<!-- This site is optimized with the Yoast SEO plugin v19.9 - https:\/\/yoast.com\/wordpress\/plugins\/seo\/ -->\n<title>La obra de teatro \u2018El sue\u00f1o ilustrado de Olavide\u2019 conmemora el 25\u00ba Aniversario de la UPO - 25 Aniversario UPO<\/title>\n<meta name=\"robots\" content=\"index, follow, max-snippet:-1, max-image-preview:large, max-video-preview:-1\" \/>\n<link rel=\"canonical\" href=\"https:\/\/www.upo.es\/25-aniversario\/la-obra-de-teatro-el-sueno-ilustrado-de-olavide-conmemora-el-25o-aniversario-de-la-upo\/\" \/>\n<meta property=\"og:locale\" content=\"es_ES\" \/>\n<meta property=\"og:type\" content=\"article\" \/>\n<meta property=\"og:title\" content=\"La obra de teatro \u2018El sue\u00f1o ilustrado de Olavide\u2019 conmemora el 25\u00ba Aniversario de la UPO - 25 Aniversario UPO\" \/>\n<meta property=\"og:description\" content=\"El Grupo de Teatro del Ilustre Colegio de Abogados de Sevilla ha representado \u2018El sue\u00f1o ilustrado de Olavide\u2019, una obra que se enmarca en la 4\u00aa Semana de la Historia, con motivo del 25 aniversario de la Universidad Pablo de Olavide.\" \/>\n<meta property=\"og:url\" content=\"https:\/\/www.upo.es\/25-aniversario\/la-obra-de-teatro-el-sueno-ilustrado-de-olavide-conmemora-el-25o-aniversario-de-la-upo\/\" \/>\n<meta property=\"og:site_name\" content=\"25 Aniversario UPO\" \/>\n<meta property=\"article:published_time\" content=\"2023-03-29T06:59:29+00:00\" \/>\n<meta property=\"article:modified_time\" content=\"2023-03-30T13:20:51+00:00\" \/>\n<meta property=\"og:image\" content=\"https:\/\/www.upo.es\/25-aniversario\/wp-content\/uploads\/2023\/03\/Teatro-Olavide-9.jpg\" \/>\n\t<meta property=\"og:image:width\" content=\"1352\" \/>\n\t<meta property=\"og:image:height\" content=\"780\" \/>\n\t<meta property=\"og:image:type\" content=\"image\/jpeg\" \/>\n<meta name=\"author\" content=\"Asunci\u00f3n Dom\u00ednguez\" \/>\n<meta name=\"twitter:card\" content=\"summary_large_image\" \/>\n<meta name=\"twitter:label1\" content=\"Escrito por\" \/>\n\t<meta name=\"twitter:data1\" content=\"Asunci\u00f3n Dom\u00ednguez\" \/>\n\t<meta name=\"twitter:label2\" content=\"Tiempo de lectura\" \/>\n\t<meta name=\"twitter:data2\" content=\"5 minutos\" \/>\n<script type=\"application\/ld+json\" class=\"yoast-schema-graph\">{\"@context\":\"https:\/\/schema.org\",\"@graph\":[{\"@type\":\"WebPage\",\"@id\":\"https:\/\/www.upo.es\/25-aniversario\/la-obra-de-teatro-el-sueno-ilustrado-de-olavide-conmemora-el-25o-aniversario-de-la-upo\/\",\"url\":\"https:\/\/www.upo.es\/25-aniversario\/la-obra-de-teatro-el-sueno-ilustrado-de-olavide-conmemora-el-25o-aniversario-de-la-upo\/\",\"name\":\"La obra de teatro \u2018El sue\u00f1o ilustrado de Olavide\u2019 conmemora el 25\u00ba Aniversario de la UPO - 25 Aniversario UPO\",\"isPartOf\":{\"@id\":\"https:\/\/www.upo.es\/25-aniversario\/#website\"},\"datePublished\":\"2023-03-29T06:59:29+00:00\",\"dateModified\":\"2023-03-30T13:20:51+00:00\",\"author\":{\"@id\":\"https:\/\/www.upo.es\/25-aniversario\/#\/schema\/person\/2e5f17d1d65bcd2cc80a2933aff81b11\"},\"breadcrumb\":{\"@id\":\"https:\/\/www.upo.es\/25-aniversario\/la-obra-de-teatro-el-sueno-ilustrado-de-olavide-conmemora-el-25o-aniversario-de-la-upo\/#breadcrumb\"},\"inLanguage\":\"es\",\"potentialAction\":[{\"@type\":\"ReadAction\",\"target\":[\"https:\/\/www.upo.es\/25-aniversario\/la-obra-de-teatro-el-sueno-ilustrado-de-olavide-conmemora-el-25o-aniversario-de-la-upo\/\"]}]},{\"@type\":\"BreadcrumbList\",\"@id\":\"https:\/\/www.upo.es\/25-aniversario\/la-obra-de-teatro-el-sueno-ilustrado-de-olavide-conmemora-el-25o-aniversario-de-la-upo\/#breadcrumb\",\"itemListElement\":[{\"@type\":\"ListItem\",\"position\":1,\"name\":\"\",\"item\":\"https:\/\/www.upo.es\/25-aniversario\/\"},{\"@type\":\"ListItem\",\"position\":2,\"name\":\"La obra de teatro \u2018El sue\u00f1o ilustrado de Olavide\u2019 conmemora el 25\u00ba Aniversario de la UPO\"}]},{\"@type\":\"WebSite\",\"@id\":\"https:\/\/www.upo.es\/25-aniversario\/#website\",\"url\":\"https:\/\/www.upo.es\/25-aniversario\/\",\"name\":\"25 Aniversario UPO\",\"description\":\"Olavide, x 25 m\u00e1s\",\"potentialAction\":[{\"@type\":\"SearchAction\",\"target\":{\"@type\":\"EntryPoint\",\"urlTemplate\":\"https:\/\/www.upo.es\/25-aniversario\/?s={search_term_string}\"},\"query-input\":\"required name=search_term_string\"}],\"inLanguage\":\"es\"},{\"@type\":\"Person\",\"@id\":\"https:\/\/www.upo.es\/25-aniversario\/#\/schema\/person\/2e5f17d1d65bcd2cc80a2933aff81b11\",\"name\":\"Asunci\u00f3n Dom\u00ednguez\",\"image\":{\"@type\":\"ImageObject\",\"inLanguage\":\"es\",\"@id\":\"https:\/\/www.upo.es\/25-aniversario\/#\/schema\/person\/image\/\",\"url\":\"https:\/\/secure.gravatar.com\/avatar\/c3a4f82a59b9d773aa26470c49f08a5e1cb300a3af918febb7cfc220957fe528?s=96&d=mm&r=g\",\"contentUrl\":\"https:\/\/secure.gravatar.com\/avatar\/c3a4f82a59b9d773aa26470c49f08a5e1cb300a3af918febb7cfc220957fe528?s=96&d=mm&r=g\",\"caption\":\"Asunci\u00f3n Dom\u00ednguez\"},\"url\":\"https:\/\/www.upo.es\/25-aniversario\/author\/utc\/\"}]}<\/script>\n<!-- \/ Yoast SEO plugin. -->","yoast_head_json":{"title":"La obra de teatro \u2018El sue\u00f1o ilustrado de Olavide\u2019 conmemora el 25\u00ba Aniversario de la UPO - 25 Aniversario UPO","robots":{"index":"index","follow":"follow","max-snippet":"max-snippet:-1","max-image-preview":"max-image-preview:large","max-video-preview":"max-video-preview:-1"},"canonical":"https:\/\/www.upo.es\/25-aniversario\/la-obra-de-teatro-el-sueno-ilustrado-de-olavide-conmemora-el-25o-aniversario-de-la-upo\/","og_locale":"es_ES","og_type":"article","og_title":"La obra de teatro \u2018El sue\u00f1o ilustrado de Olavide\u2019 conmemora el 25\u00ba Aniversario de la UPO - 25 Aniversario UPO","og_description":"El Grupo de Teatro del Ilustre Colegio de Abogados de Sevilla ha representado \u2018El sue\u00f1o ilustrado de Olavide\u2019, una obra que se enmarca en la 4\u00aa Semana de la Historia, con motivo del 25 aniversario de la Universidad Pablo de Olavide.","og_url":"https:\/\/www.upo.es\/25-aniversario\/la-obra-de-teatro-el-sueno-ilustrado-de-olavide-conmemora-el-25o-aniversario-de-la-upo\/","og_site_name":"25 Aniversario UPO","article_published_time":"2023-03-29T06:59:29+00:00","article_modified_time":"2023-03-30T13:20:51+00:00","og_image":[{"width":1352,"height":780,"url":"https:\/\/www.upo.es\/25-aniversario\/wp-content\/uploads\/2023\/03\/Teatro-Olavide-9.jpg","type":"image\/jpeg"}],"author":"Asunci\u00f3n Dom\u00ednguez","twitter_card":"summary_large_image","twitter_misc":{"Escrito por":"Asunci\u00f3n Dom\u00ednguez","Tiempo de lectura":"5 minutos"},"schema":{"@context":"https:\/\/schema.org","@graph":[{"@type":"WebPage","@id":"https:\/\/www.upo.es\/25-aniversario\/la-obra-de-teatro-el-sueno-ilustrado-de-olavide-conmemora-el-25o-aniversario-de-la-upo\/","url":"https:\/\/www.upo.es\/25-aniversario\/la-obra-de-teatro-el-sueno-ilustrado-de-olavide-conmemora-el-25o-aniversario-de-la-upo\/","name":"La obra de teatro \u2018El sue\u00f1o ilustrado de Olavide\u2019 conmemora el 25\u00ba Aniversario de la UPO - 25 Aniversario UPO","isPartOf":{"@id":"https:\/\/www.upo.es\/25-aniversario\/#website"},"datePublished":"2023-03-29T06:59:29+00:00","dateModified":"2023-03-30T13:20:51+00:00","author":{"@id":"https:\/\/www.upo.es\/25-aniversario\/#\/schema\/person\/2e5f17d1d65bcd2cc80a2933aff81b11"},"breadcrumb":{"@id":"https:\/\/www.upo.es\/25-aniversario\/la-obra-de-teatro-el-sueno-ilustrado-de-olavide-conmemora-el-25o-aniversario-de-la-upo\/#breadcrumb"},"inLanguage":"es","potentialAction":[{"@type":"ReadAction","target":["https:\/\/www.upo.es\/25-aniversario\/la-obra-de-teatro-el-sueno-ilustrado-de-olavide-conmemora-el-25o-aniversario-de-la-upo\/"]}]},{"@type":"BreadcrumbList","@id":"https:\/\/www.upo.es\/25-aniversario\/la-obra-de-teatro-el-sueno-ilustrado-de-olavide-conmemora-el-25o-aniversario-de-la-upo\/#breadcrumb","itemListElement":[{"@type":"ListItem","position":1,"name":"","item":"https:\/\/www.upo.es\/25-aniversario\/"},{"@type":"ListItem","position":2,"name":"La obra de teatro \u2018El sue\u00f1o ilustrado de Olavide\u2019 conmemora el 25\u00ba Aniversario de la UPO"}]},{"@type":"WebSite","@id":"https:\/\/www.upo.es\/25-aniversario\/#website","url":"https:\/\/www.upo.es\/25-aniversario\/","name":"25 Aniversario UPO","description":"Olavide, x 25 m\u00e1s","potentialAction":[{"@type":"SearchAction","target":{"@type":"EntryPoint","urlTemplate":"https:\/\/www.upo.es\/25-aniversario\/?s={search_term_string}"},"query-input":"required name=search_term_string"}],"inLanguage":"es"},{"@type":"Person","@id":"https:\/\/www.upo.es\/25-aniversario\/#\/schema\/person\/2e5f17d1d65bcd2cc80a2933aff81b11","name":"Asunci\u00f3n Dom\u00ednguez","image":{"@type":"ImageObject","inLanguage":"es","@id":"https:\/\/www.upo.es\/25-aniversario\/#\/schema\/person\/image\/","url":"https:\/\/secure.gravatar.com\/avatar\/c3a4f82a59b9d773aa26470c49f08a5e1cb300a3af918febb7cfc220957fe528?s=96&d=mm&r=g","contentUrl":"https:\/\/secure.gravatar.com\/avatar\/c3a4f82a59b9d773aa26470c49f08a5e1cb300a3af918febb7cfc220957fe528?s=96&d=mm&r=g","caption":"Asunci\u00f3n Dom\u00ednguez"},"url":"https:\/\/www.upo.es\/25-aniversario\/author\/utc\/"}]}},"_links":{"self":[{"href":"https:\/\/www.upo.es\/25-aniversario\/wp-json\/wp\/v2\/posts\/3915","targetHints":{"allow":["GET"]}}],"collection":[{"href":"https:\/\/www.upo.es\/25-aniversario\/wp-json\/wp\/v2\/posts"}],"about":[{"href":"https:\/\/www.upo.es\/25-aniversario\/wp-json\/wp\/v2\/types\/post"}],"author":[{"embeddable":true,"href":"https:\/\/www.upo.es\/25-aniversario\/wp-json\/wp\/v2\/users\/3"}],"replies":[{"embeddable":true,"href":"https:\/\/www.upo.es\/25-aniversario\/wp-json\/wp\/v2\/comments?post=3915"}],"version-history":[{"count":8,"href":"https:\/\/www.upo.es\/25-aniversario\/wp-json\/wp\/v2\/posts\/3915\/revisions"}],"predecessor-version":[{"id":3924,"href":"https:\/\/www.upo.es\/25-aniversario\/wp-json\/wp\/v2\/posts\/3915\/revisions\/3924"}],"wp:featuredmedia":[{"embeddable":true,"href":"https:\/\/www.upo.es\/25-aniversario\/wp-json\/wp\/v2\/media\/3917"}],"wp:attachment":[{"href":"https:\/\/www.upo.es\/25-aniversario\/wp-json\/wp\/v2\/media?parent=3915"}],"wp:term":[{"taxonomy":"category","embeddable":true,"href":"https:\/\/www.upo.es\/25-aniversario\/wp-json\/wp\/v2\/categories?post=3915"},{"taxonomy":"post_tag","embeddable":true,"href":"https:\/\/www.upo.es\/25-aniversario\/wp-json\/wp\/v2\/tags?post=3915"}],"curies":[{"name":"wp","href":"https:\/\/api.w.org\/{rel}","templated":true}]}}