{"id":3991,"date":"2023-06-09T13:14:36","date_gmt":"2023-06-09T11:14:36","guid":{"rendered":"https:\/\/www.upo.es\/25-aniversario\/?p=3991"},"modified":"2023-06-14T13:14:49","modified_gmt":"2023-06-14T11:14:49","slug":"concierto-de-la-banda-del-sol-y-cata-de-olavidium-en-el-antiquarium-con-motivo-del-25o-aniversario-de-la-upo","status":"publish","type":"post","link":"https:\/\/www.upo.es\/25-aniversario\/concierto-de-la-banda-del-sol-y-cata-de-olavidium-en-el-antiquarium-con-motivo-del-25o-aniversario-de-la-upo\/","title":{"rendered":"Concierto de la Banda del Sol y Cata de \u2018Olavidium\u2019 en el Antiquarium con motivo del 25\u00ba Aniversario de la UPO"},"content":{"rendered":"\t\t<div data-elementor-type=\"wp-post\" data-elementor-id=\"3991\" class=\"elementor elementor-3991\">\n\t\t\t\t\t\t\t\t\t<section class=\"elementor-section elementor-top-section elementor-element elementor-element-1a36c627 elementor-section-boxed elementor-section-height-default elementor-section-height-default\" data-id=\"1a36c627\" data-element_type=\"section\">\n\t\t\t\t\t\t<div class=\"elementor-container elementor-column-gap-default\">\n\t\t\t\t\t<div class=\"elementor-column elementor-col-100 elementor-top-column elementor-element elementor-element-5861784d\" data-id=\"5861784d\" data-element_type=\"column\">\n\t\t\t<div class=\"elementor-widget-wrap elementor-element-populated\">\n\t\t\t\t\t\t\t\t<div class=\"elementor-element elementor-element-656115c3 elementor-widget elementor-widget-text-editor\" data-id=\"656115c3\" data-element_type=\"widget\" data-widget_type=\"text-editor.default\">\n\t\t\t\t<div class=\"elementor-widget-container\">\n\t\t\t<style>\/*! elementor - v3.8.0 - 30-10-2022 *\/\n.elementor-widget-text-editor.elementor-drop-cap-view-stacked .elementor-drop-cap{background-color:#818a91;color:#fff}.elementor-widget-text-editor.elementor-drop-cap-view-framed .elementor-drop-cap{color:#818a91;border:3px solid;background-color:transparent}.elementor-widget-text-editor:not(.elementor-drop-cap-view-default) .elementor-drop-cap{margin-top:8px}.elementor-widget-text-editor:not(.elementor-drop-cap-view-default) .elementor-drop-cap-letter{width:1em;height:1em}.elementor-widget-text-editor .elementor-drop-cap{float:left;text-align:center;line-height:1;font-size:50px}.elementor-widget-text-editor .elementor-drop-cap-letter{display:inline-block}<\/style>\t\t\t\t<p><img loading=\"lazy\" decoding=\"async\" class=\"alignleft wp-image-3994 size-medium\" src=\"https:\/\/www.upo.es\/25-aniversario\/wp-content\/uploads\/2023\/06\/310942ed-5e84-45d9-897b-c245039a33c8-300x197.jpg\" alt=\"\" width=\"300\" height=\"197\" srcset=\"https:\/\/www.upo.es\/25-aniversario\/wp-content\/uploads\/2023\/06\/310942ed-5e84-45d9-897b-c245039a33c8-300x197.jpg 300w, https:\/\/www.upo.es\/25-aniversario\/wp-content\/uploads\/2023\/06\/310942ed-5e84-45d9-897b-c245039a33c8-768x504.jpg 768w, https:\/\/www.upo.es\/25-aniversario\/wp-content\/uploads\/2023\/06\/310942ed-5e84-45d9-897b-c245039a33c8.jpg 1024w\" sizes=\"auto, (max-width: 300px) 100vw, 300px\" \/><\/p><p>La Universidad Pablo de Olavide ha organizado \u2018Un aniversario de pel\u00edcula\u2019, un acto con motivo del 25\u00ba Aniversario de la instituci\u00f3n en la Sala Antiquarium de Sevilla, que ha contado con un concierto de bandas sonoras de largometrajes a cargo de la Banda de M\u00fasica del Sol con la direcci\u00f3n de Jorge Belda Mora y una cata de vino Olavidium.<\/p><p>\u00a0\u00a0\u00a0\u00a0\u00a0\u00a0 El acto cont\u00f3 con la presencia del vicerrector de Estrategia y Planificaci\u00f3n Acad\u00e9mica y vicerrector primero, Jos\u00e9 Antonio S\u00e1nchez Medina; la vicerrectora de Relaciones Institucionales y Fundaciones, Laura L\u00f3pez de la Cruz; la directora general de Inclusi\u00f3n y Pol\u00edticas Socioculturales, Mar\u00eda Jos\u00e9 Parejo Guzm\u00e1n; el catedr\u00e1tico de Gen\u00e9tica de la UPO, Juan Jim\u00e9nez Mart\u00ednez; Gumersindo Caballero G\u00f3mez, de la sede Olavide en Sevilla \u2013 Centro; y Javier Fito, coordinador de la Sala Antiquarium del Ayuntamiento de Sevilla.<\/p><p>\u00a0\u00a0\u00a0\u00a0\u00a0\u00a0 La Banda del Sol fue creada por Jos\u00e9 Mar\u00eda G\u00f3mez D\u00edaz y, en 1999, se vincula a la Hermanda del Sol tomando como nombre el de la titular de la instituci\u00f3n. En la actualidad, su relaci\u00f3n con la UPO a trav\u00e9s del Vicerrectorado de Cultura y Pol\u00edticas Sociales tiene forma en la Escuela de Percusi\u00f3n que la Banda ha constituido en el Colegio Paz y Bien para ni\u00f1os, ni\u00f1as y j\u00f3venes del barrio Pol\u00edgono Sur con el apoyo del Espacio de Innovaci\u00f3n Social de la Residencia Universitaria Flora Trist\u00e1n.<\/p><p>\u00a0\u00a0\u00a0\u00a0\u00a0\u00a0 Olavidium es un vino que nace de la fermentaci\u00f3n del mosto de uva soleada de la variedad moscatel de grano menudo, con una levadura aut\u00f3ctona de Andaluc\u00eda, aislada y seleccionada por personal investigador de la Universidad Pablo de Olavide por sus propiedades \u00fanicas y su sorprendente poder fermentativo. Juan Jim\u00e9nez, ex rector de la UPO, es el director de este proyecto junto con Andr\u00e9s Garz\u00f3n.\u00a0\u00a0\u00a0<\/p><p>\u00a0<\/p>\t\t\t\t\t\t<\/div>\n\t\t\t\t<\/div>\n\t\t\t\t\t<\/div>\n\t\t<\/div>\n\t\t\t\t\t\t\t<\/div>\n\t\t<\/section>\n\t\t\t\t\t\t\t<\/div>\n\t\t","protected":false},"excerpt":{"rendered":"<p>La Universidad Pablo de Olavide ha organizado \u2018Un aniversario de pel\u00edcula\u2019, un acto con motivo del 25\u00ba Aniversario de la instituci\u00f3n en la Sala Antiquarium de Sevilla, que ha contado con un concierto de bandas sonoras de largometrajes a cargo de la Banda de M\u00fasica del Sol con la direcci\u00f3n de Jorge Belda Mora y una cata de vino Olavidium. <\/p>\n","protected":false},"author":3,"featured_media":3994,"comment_status":"closed","ping_status":"open","sticky":false,"template":"","format":"standard","meta":{"om_disable_all_campaigns":false,"_monsterinsights_skip_tracking":false,"_monsterinsights_sitenote_active":false,"_monsterinsights_sitenote_note":"","_monsterinsights_sitenote_category":0,"footnotes":""},"categories":[14],"tags":[60,149,146,150,134],"class_list":["post-3991","post","type-post","status-publish","format-standard","has-post-thumbnail","hentry","category-noticias-25-aniversaio","tag-25-aniversario-upo","tag-banda-del-sol","tag-olavidium","tag-sala-antiquarium","tag-vicerrectorado-de-cultura-y-politicas-sociales"],"aioseo_notices":[],"yoast_head":"<!-- This site is optimized with the Yoast SEO plugin v19.9 - https:\/\/yoast.com\/wordpress\/plugins\/seo\/ -->\n<title>Concierto de la Banda del Sol y Cata de \u2018Olavidium\u2019 en el Antiquarium con motivo del 25\u00ba Aniversario de la UPO - 25 Aniversario UPO<\/title>\n<meta name=\"robots\" content=\"index, follow, max-snippet:-1, max-image-preview:large, max-video-preview:-1\" \/>\n<link rel=\"canonical\" href=\"https:\/\/www.upo.es\/25-aniversario\/concierto-de-la-banda-del-sol-y-cata-de-olavidium-en-el-antiquarium-con-motivo-del-25o-aniversario-de-la-upo\/\" \/>\n<meta property=\"og:locale\" content=\"es_ES\" \/>\n<meta property=\"og:type\" content=\"article\" \/>\n<meta property=\"og:title\" content=\"Concierto de la Banda del Sol y Cata de \u2018Olavidium\u2019 en el Antiquarium con motivo del 25\u00ba Aniversario de la UPO - 25 Aniversario UPO\" \/>\n<meta property=\"og:description\" content=\"La Universidad Pablo de Olavide ha organizado \u2018Un aniversario de pel\u00edcula\u2019, un acto con motivo del 25\u00ba Aniversario de la instituci\u00f3n en la Sala Antiquarium de Sevilla, que ha contado con un concierto de bandas sonoras de largometrajes a cargo de la Banda de M\u00fasica del Sol con la direcci\u00f3n de Jorge Belda Mora y una cata de vino Olavidium.\" \/>\n<meta property=\"og:url\" content=\"https:\/\/www.upo.es\/25-aniversario\/concierto-de-la-banda-del-sol-y-cata-de-olavidium-en-el-antiquarium-con-motivo-del-25o-aniversario-de-la-upo\/\" \/>\n<meta property=\"og:site_name\" content=\"25 Aniversario UPO\" \/>\n<meta property=\"article:published_time\" content=\"2023-06-09T11:14:36+00:00\" \/>\n<meta property=\"article:modified_time\" content=\"2023-06-14T11:14:49+00:00\" \/>\n<meta property=\"og:image\" content=\"https:\/\/www.upo.es\/25-aniversario\/wp-content\/uploads\/2023\/06\/310942ed-5e84-45d9-897b-c245039a33c8.jpg\" \/>\n\t<meta property=\"og:image:width\" content=\"1024\" \/>\n\t<meta property=\"og:image:height\" content=\"672\" \/>\n\t<meta property=\"og:image:type\" content=\"image\/jpeg\" \/>\n<meta name=\"author\" content=\"Asunci\u00f3n Dom\u00ednguez\" \/>\n<meta name=\"twitter:card\" content=\"summary_large_image\" \/>\n<meta name=\"twitter:label1\" content=\"Escrito por\" \/>\n\t<meta name=\"twitter:data1\" content=\"Asunci\u00f3n Dom\u00ednguez\" \/>\n\t<meta name=\"twitter:label2\" content=\"Tiempo de lectura\" \/>\n\t<meta name=\"twitter:data2\" content=\"5 minutos\" \/>\n<script type=\"application\/ld+json\" class=\"yoast-schema-graph\">{\"@context\":\"https:\/\/schema.org\",\"@graph\":[{\"@type\":\"WebPage\",\"@id\":\"https:\/\/www.upo.es\/25-aniversario\/concierto-de-la-banda-del-sol-y-cata-de-olavidium-en-el-antiquarium-con-motivo-del-25o-aniversario-de-la-upo\/\",\"url\":\"https:\/\/www.upo.es\/25-aniversario\/concierto-de-la-banda-del-sol-y-cata-de-olavidium-en-el-antiquarium-con-motivo-del-25o-aniversario-de-la-upo\/\",\"name\":\"Concierto de la Banda del Sol y Cata de \u2018Olavidium\u2019 en el Antiquarium con motivo del 25\u00ba Aniversario de la UPO - 25 Aniversario UPO\",\"isPartOf\":{\"@id\":\"https:\/\/www.upo.es\/25-aniversario\/#website\"},\"datePublished\":\"2023-06-09T11:14:36+00:00\",\"dateModified\":\"2023-06-14T11:14:49+00:00\",\"author\":{\"@id\":\"https:\/\/www.upo.es\/25-aniversario\/#\/schema\/person\/2e5f17d1d65bcd2cc80a2933aff81b11\"},\"breadcrumb\":{\"@id\":\"https:\/\/www.upo.es\/25-aniversario\/concierto-de-la-banda-del-sol-y-cata-de-olavidium-en-el-antiquarium-con-motivo-del-25o-aniversario-de-la-upo\/#breadcrumb\"},\"inLanguage\":\"es\",\"potentialAction\":[{\"@type\":\"ReadAction\",\"target\":[\"https:\/\/www.upo.es\/25-aniversario\/concierto-de-la-banda-del-sol-y-cata-de-olavidium-en-el-antiquarium-con-motivo-del-25o-aniversario-de-la-upo\/\"]}]},{\"@type\":\"BreadcrumbList\",\"@id\":\"https:\/\/www.upo.es\/25-aniversario\/concierto-de-la-banda-del-sol-y-cata-de-olavidium-en-el-antiquarium-con-motivo-del-25o-aniversario-de-la-upo\/#breadcrumb\",\"itemListElement\":[{\"@type\":\"ListItem\",\"position\":1,\"name\":\"\",\"item\":\"https:\/\/www.upo.es\/25-aniversario\/\"},{\"@type\":\"ListItem\",\"position\":2,\"name\":\"Concierto de la Banda del Sol y Cata de \u2018Olavidium\u2019 en el Antiquarium con motivo del 25\u00ba Aniversario de la UPO\"}]},{\"@type\":\"WebSite\",\"@id\":\"https:\/\/www.upo.es\/25-aniversario\/#website\",\"url\":\"https:\/\/www.upo.es\/25-aniversario\/\",\"name\":\"25 Aniversario UPO\",\"description\":\"Olavide, x 25 m\u00e1s\",\"potentialAction\":[{\"@type\":\"SearchAction\",\"target\":{\"@type\":\"EntryPoint\",\"urlTemplate\":\"https:\/\/www.upo.es\/25-aniversario\/?s={search_term_string}\"},\"query-input\":\"required name=search_term_string\"}],\"inLanguage\":\"es\"},{\"@type\":\"Person\",\"@id\":\"https:\/\/www.upo.es\/25-aniversario\/#\/schema\/person\/2e5f17d1d65bcd2cc80a2933aff81b11\",\"name\":\"Asunci\u00f3n Dom\u00ednguez\",\"image\":{\"@type\":\"ImageObject\",\"inLanguage\":\"es\",\"@id\":\"https:\/\/www.upo.es\/25-aniversario\/#\/schema\/person\/image\/\",\"url\":\"https:\/\/secure.gravatar.com\/avatar\/c3a4f82a59b9d773aa26470c49f08a5e1cb300a3af918febb7cfc220957fe528?s=96&d=mm&r=g\",\"contentUrl\":\"https:\/\/secure.gravatar.com\/avatar\/c3a4f82a59b9d773aa26470c49f08a5e1cb300a3af918febb7cfc220957fe528?s=96&d=mm&r=g\",\"caption\":\"Asunci\u00f3n Dom\u00ednguez\"},\"url\":\"https:\/\/www.upo.es\/25-aniversario\/author\/utc\/\"}]}<\/script>\n<!-- \/ Yoast SEO plugin. -->","yoast_head_json":{"title":"Concierto de la Banda del Sol y Cata de \u2018Olavidium\u2019 en el Antiquarium con motivo del 25\u00ba Aniversario de la UPO - 25 Aniversario UPO","robots":{"index":"index","follow":"follow","max-snippet":"max-snippet:-1","max-image-preview":"max-image-preview:large","max-video-preview":"max-video-preview:-1"},"canonical":"https:\/\/www.upo.es\/25-aniversario\/concierto-de-la-banda-del-sol-y-cata-de-olavidium-en-el-antiquarium-con-motivo-del-25o-aniversario-de-la-upo\/","og_locale":"es_ES","og_type":"article","og_title":"Concierto de la Banda del Sol y Cata de \u2018Olavidium\u2019 en el Antiquarium con motivo del 25\u00ba Aniversario de la UPO - 25 Aniversario UPO","og_description":"La Universidad Pablo de Olavide ha organizado \u2018Un aniversario de pel\u00edcula\u2019, un acto con motivo del 25\u00ba Aniversario de la instituci\u00f3n en la Sala Antiquarium de Sevilla, que ha contado con un concierto de bandas sonoras de largometrajes a cargo de la Banda de M\u00fasica del Sol con la direcci\u00f3n de Jorge Belda Mora y una cata de vino Olavidium.","og_url":"https:\/\/www.upo.es\/25-aniversario\/concierto-de-la-banda-del-sol-y-cata-de-olavidium-en-el-antiquarium-con-motivo-del-25o-aniversario-de-la-upo\/","og_site_name":"25 Aniversario UPO","article_published_time":"2023-06-09T11:14:36+00:00","article_modified_time":"2023-06-14T11:14:49+00:00","og_image":[{"width":1024,"height":672,"url":"https:\/\/www.upo.es\/25-aniversario\/wp-content\/uploads\/2023\/06\/310942ed-5e84-45d9-897b-c245039a33c8.jpg","type":"image\/jpeg"}],"author":"Asunci\u00f3n Dom\u00ednguez","twitter_card":"summary_large_image","twitter_misc":{"Escrito por":"Asunci\u00f3n Dom\u00ednguez","Tiempo de lectura":"5 minutos"},"schema":{"@context":"https:\/\/schema.org","@graph":[{"@type":"WebPage","@id":"https:\/\/www.upo.es\/25-aniversario\/concierto-de-la-banda-del-sol-y-cata-de-olavidium-en-el-antiquarium-con-motivo-del-25o-aniversario-de-la-upo\/","url":"https:\/\/www.upo.es\/25-aniversario\/concierto-de-la-banda-del-sol-y-cata-de-olavidium-en-el-antiquarium-con-motivo-del-25o-aniversario-de-la-upo\/","name":"Concierto de la Banda del Sol y Cata de \u2018Olavidium\u2019 en el Antiquarium con motivo del 25\u00ba Aniversario de la UPO - 25 Aniversario UPO","isPartOf":{"@id":"https:\/\/www.upo.es\/25-aniversario\/#website"},"datePublished":"2023-06-09T11:14:36+00:00","dateModified":"2023-06-14T11:14:49+00:00","author":{"@id":"https:\/\/www.upo.es\/25-aniversario\/#\/schema\/person\/2e5f17d1d65bcd2cc80a2933aff81b11"},"breadcrumb":{"@id":"https:\/\/www.upo.es\/25-aniversario\/concierto-de-la-banda-del-sol-y-cata-de-olavidium-en-el-antiquarium-con-motivo-del-25o-aniversario-de-la-upo\/#breadcrumb"},"inLanguage":"es","potentialAction":[{"@type":"ReadAction","target":["https:\/\/www.upo.es\/25-aniversario\/concierto-de-la-banda-del-sol-y-cata-de-olavidium-en-el-antiquarium-con-motivo-del-25o-aniversario-de-la-upo\/"]}]},{"@type":"BreadcrumbList","@id":"https:\/\/www.upo.es\/25-aniversario\/concierto-de-la-banda-del-sol-y-cata-de-olavidium-en-el-antiquarium-con-motivo-del-25o-aniversario-de-la-upo\/#breadcrumb","itemListElement":[{"@type":"ListItem","position":1,"name":"","item":"https:\/\/www.upo.es\/25-aniversario\/"},{"@type":"ListItem","position":2,"name":"Concierto de la Banda del Sol y Cata de \u2018Olavidium\u2019 en el Antiquarium con motivo del 25\u00ba Aniversario de la UPO"}]},{"@type":"WebSite","@id":"https:\/\/www.upo.es\/25-aniversario\/#website","url":"https:\/\/www.upo.es\/25-aniversario\/","name":"25 Aniversario UPO","description":"Olavide, x 25 m\u00e1s","potentialAction":[{"@type":"SearchAction","target":{"@type":"EntryPoint","urlTemplate":"https:\/\/www.upo.es\/25-aniversario\/?s={search_term_string}"},"query-input":"required name=search_term_string"}],"inLanguage":"es"},{"@type":"Person","@id":"https:\/\/www.upo.es\/25-aniversario\/#\/schema\/person\/2e5f17d1d65bcd2cc80a2933aff81b11","name":"Asunci\u00f3n Dom\u00ednguez","image":{"@type":"ImageObject","inLanguage":"es","@id":"https:\/\/www.upo.es\/25-aniversario\/#\/schema\/person\/image\/","url":"https:\/\/secure.gravatar.com\/avatar\/c3a4f82a59b9d773aa26470c49f08a5e1cb300a3af918febb7cfc220957fe528?s=96&d=mm&r=g","contentUrl":"https:\/\/secure.gravatar.com\/avatar\/c3a4f82a59b9d773aa26470c49f08a5e1cb300a3af918febb7cfc220957fe528?s=96&d=mm&r=g","caption":"Asunci\u00f3n Dom\u00ednguez"},"url":"https:\/\/www.upo.es\/25-aniversario\/author\/utc\/"}]}},"_links":{"self":[{"href":"https:\/\/www.upo.es\/25-aniversario\/wp-json\/wp\/v2\/posts\/3991","targetHints":{"allow":["GET"]}}],"collection":[{"href":"https:\/\/www.upo.es\/25-aniversario\/wp-json\/wp\/v2\/posts"}],"about":[{"href":"https:\/\/www.upo.es\/25-aniversario\/wp-json\/wp\/v2\/types\/post"}],"author":[{"embeddable":true,"href":"https:\/\/www.upo.es\/25-aniversario\/wp-json\/wp\/v2\/users\/3"}],"replies":[{"embeddable":true,"href":"https:\/\/www.upo.es\/25-aniversario\/wp-json\/wp\/v2\/comments?post=3991"}],"version-history":[{"count":5,"href":"https:\/\/www.upo.es\/25-aniversario\/wp-json\/wp\/v2\/posts\/3991\/revisions"}],"predecessor-version":[{"id":3999,"href":"https:\/\/www.upo.es\/25-aniversario\/wp-json\/wp\/v2\/posts\/3991\/revisions\/3999"}],"wp:featuredmedia":[{"embeddable":true,"href":"https:\/\/www.upo.es\/25-aniversario\/wp-json\/wp\/v2\/media\/3994"}],"wp:attachment":[{"href":"https:\/\/www.upo.es\/25-aniversario\/wp-json\/wp\/v2\/media?parent=3991"}],"wp:term":[{"taxonomy":"category","embeddable":true,"href":"https:\/\/www.upo.es\/25-aniversario\/wp-json\/wp\/v2\/categories?post=3991"},{"taxonomy":"post_tag","embeddable":true,"href":"https:\/\/www.upo.es\/25-aniversario\/wp-json\/wp\/v2\/tags?post=3991"}],"curies":[{"name":"wp","href":"https:\/\/api.w.org\/{rel}","templated":true}]}}