{"id":137,"date":"2025-02-25T14:30:46","date_gmt":"2025-02-25T13:30:46","guid":{"rendered":"https:\/\/www.upo.es\/catedraemprendimientosocial\/?p=137"},"modified":"2025-04-23T12:53:45","modified_gmt":"2025-04-23T10:53:45","slug":"francisco-oliva-en-la-inauguracion-de-la-coops-week-el-futuro-es-colaborativo-innovador-y-transformador","status":"publish","type":"post","link":"https:\/\/www.upo.es\/catedraemprendimientosocial\/francisco-oliva-en-la-inauguracion-de-la-coops-week-el-futuro-es-colaborativo-innovador-y-transformador\/","title":{"rendered":"Francisco Oliva en la inauguraci\u00f3n de la Coop\u2019s Week: \u201cEl futuro es colaborativo, innovador y transformador\u201d"},"content":{"rendered":"<h4 class=\"subtitle\">El rector anuncia que la Universidad Pablo de Olavide pondr\u00e1 en marcha el proyecto \u2018Emprendizaje\u2019, un TFG centrado en una experiencia de emprendimiento<\/h4>\n<p>Organizada por la Federaci\u00f3n Andaluza de Empresas Cooperativas (FAECTA), la segunda edici\u00f3n de la\u00a0<strong><em>Coop\u2019s Week<\/em>, Semana Universitaria de la Econom\u00eda Social y el Cooperativismo<\/strong>, se celebra esta ma\u00f1ana en la Universidad Pablo de Olavide con el objetivo de fomentar entre el estudiantado universitario el emprendimiento y la innovaci\u00f3n a trav\u00e9s del cooperativismo.<\/p>\n<p>Francisco Oliva, rector de la Universidad Pablo de Olavide; Luis Miguel Jurado, presidente de la FAECTA; y Carmen Mar\u00eda Dur\u00e1n, directora general de Trabajo Aut\u00f3nomo y Econom\u00eda Social de la Junta de Andaluc\u00eda, han presentado una jornada para poner de relieve la econom\u00eda social, un modelo que a\u00fana empleo, emprendimiento, innovaci\u00f3n y cooperaci\u00f3n.<\/p>\n<p>Un modelo que <strong>Luis Miguel Jurado<\/strong>\u00a0ha definido como \u201cm\u00e1s inclusivo, m\u00e1s participativo, m\u00e1s democr\u00e1tico y, en suma, m\u00e1s sostenible\u201d. \u201cQueremos sembrar la semilla del cooperativismo en el tercio del estudiantado que considera el emprendimiento como una posibilidad\u201d, ha se\u00f1alado el presidente de FAECTA.<\/p>\n<p>Por su parte,\u00a0<strong>Carmen Mar\u00eda Dur\u00e1n<\/strong>\u00a0ha calificado de \u201cexcelente\u201d el modo de trabajo de la econom\u00eda social y ha recordado que 26 de las 100 mayores cooperativas de Espa\u00f1a son andaluzas. La directora general de Trabajo Aut\u00f3nomo y Econom\u00eda Social ha subrayado la importancia que tiene el sector en el medio rural y en la inclusi\u00f3n laboral de colectivos vulnerables y ha apuntado al relevo generacional como el gran reto que afronta en la actualidad.<\/p>\n<p><img fetchpriority=\"high\" decoding=\"async\" class=\" wp-image-139 alignleft\" src=\"https:\/\/www.upo.es\/catedraemprendimientosocial\/wp-content\/uploads\/2025\/03\/25022025-Coops-Week-0556-scaled-1-1024x576.jpg\" alt=\"\" width=\"407\" height=\"229\" srcset=\"https:\/\/www.upo.es\/catedraemprendimientosocial\/wp-content\/uploads\/2025\/03\/25022025-Coops-Week-0556-scaled-1-1024x576.jpg 1024w, https:\/\/www.upo.es\/catedraemprendimientosocial\/wp-content\/uploads\/2025\/03\/25022025-Coops-Week-0556-scaled-1-300x169.jpg 300w, https:\/\/www.upo.es\/catedraemprendimientosocial\/wp-content\/uploads\/2025\/03\/25022025-Coops-Week-0556-scaled-1-768x432.jpg 768w, https:\/\/www.upo.es\/catedraemprendimientosocial\/wp-content\/uploads\/2025\/03\/25022025-Coops-Week-0556-scaled-1-1536x864.jpg 1536w, https:\/\/www.upo.es\/catedraemprendimientosocial\/wp-content\/uploads\/2025\/03\/25022025-Coops-Week-0556-scaled-1-2048x1152.jpg 2048w\" sizes=\"(max-width: 407px) 100vw, 407px\" \/><\/p>\n<p><strong>Francisco Oliva<\/strong>, que ha definido el emprendimiento como una actitud vital, ha se\u00f1alado a la juventud como el segmento de la sociedad id\u00f3neo para innovar: \u201cquien mejor para innovar, para atreverse a hacer cosas distintas, que la gente joven\u201d. El rector de la Pablo de Olavide ha incidido en que las universidades tienen mucho que aportar para que las iniciativas emprendedoras andaluzas tengan una mayor base tecnol\u00f3gica y una participaci\u00f3n m\u00e1s amplia de mujeres. \u201cInnovaci\u00f3n es una palabra m\u00e1gica, casi una garant\u00eda de \u00e9xito\u201d ha declarado el rector, tras hacer hincapi\u00e9 en que desde los campus se debe hacer un mayor esfuerzo para que la investigaci\u00f3n generada redunde en una mayor innovaci\u00f3n.<\/p>\n<p>Para mejorar la formaci\u00f3n del estudiantado en emprendimiento, y su conocimiento sobre la econom\u00eda social, el rector de la Olavide ha anunciado que\u00a0<strong>la Universidad pondr\u00e1 en marcha pr\u00f3ximamente \u2018Emprendizaje\u2019, un proyecto piloto para que el Trabajo Fin de Grado (TFG) gire en torno a una experiencia de emprendimiento<\/strong>. Las facultades de Ciencias Empresariales y Ciencias Sociales ser\u00e1n las primeras en ofrecer esta iniciativa.<\/p>\n<p>Tras la inauguraci\u00f3n institucional, ha sido presentada la\u00a0<strong>C\u00e1tedra de Emprendimiento e Innovaci\u00f3n Empresarial en Econom\u00eda Social de la Universidad Pablo de Olavide<\/strong>, dirigida por\u00a0<strong>Francisco Rinc\u00f3n<\/strong>, profesor de Organizaci\u00f3n de Empresas de la UPO, que desarrollar\u00e1 actividades de investigaci\u00f3n, divulgaci\u00f3n y transferencia para promover la econom\u00eda social desde la Universidad.<\/p>\n","protected":false},"excerpt":{"rendered":"<p>El rector anuncia que la Universidad Pablo de Olavide pondr\u00e1 en marcha el proyecto \u2018Emprendizaje\u2019, un TFG centrado en una experiencia de emprendimiento Organizada por la Federaci\u00f3n Andaluza de Empresas [&hellip;]<\/p>\n","protected":false},"author":2,"featured_media":138,"comment_status":"open","ping_status":"open","sticky":false,"template":"","format":"standard","meta":{"footnotes":""},"categories":[4],"tags":[],"class_list":["post-137","post","type-post","status-publish","format-standard","has-post-thumbnail","hentry","category-noticias"],"yoast_head":"<!-- This site is optimized with the Yoast SEO plugin v24.7 - https:\/\/yoast.com\/wordpress\/plugins\/seo\/ -->\n<title>Francisco Oliva en la inauguraci\u00f3n de la Coop\u2019s Week: \u201cEl futuro es colaborativo, innovador y transformador\u201d - C\u00e1tedra Emprendimiento Social e Innovaci\u00f3n Empresarial en Econom\u00eda Social<\/title>\n<meta name=\"robots\" content=\"index, follow, max-snippet:-1, max-image-preview:large, max-video-preview:-1\" \/>\n<link rel=\"canonical\" href=\"https:\/\/www.upo.es\/catedraemprendimientosocial\/francisco-oliva-en-la-inauguracion-de-la-coops-week-el-futuro-es-colaborativo-innovador-y-transformador\/\" \/>\n<meta property=\"og:locale\" content=\"es_ES\" \/>\n<meta property=\"og:type\" content=\"article\" \/>\n<meta property=\"og:title\" content=\"Francisco Oliva en la inauguraci\u00f3n de la Coop\u2019s Week: \u201cEl futuro es colaborativo, innovador y transformador\u201d - C\u00e1tedra Emprendimiento Social e Innovaci\u00f3n Empresarial en Econom\u00eda Social\" \/>\n<meta property=\"og:description\" content=\"El rector anuncia que la Universidad Pablo de Olavide pondr\u00e1 en marcha el proyecto \u2018Emprendizaje\u2019, un TFG centrado en una experiencia de emprendimiento Organizada por la Federaci\u00f3n Andaluza de Empresas [&hellip;]\" \/>\n<meta property=\"og:url\" content=\"https:\/\/www.upo.es\/catedraemprendimientosocial\/francisco-oliva-en-la-inauguracion-de-la-coops-week-el-futuro-es-colaborativo-innovador-y-transformador\/\" \/>\n<meta property=\"og:site_name\" content=\"C\u00e1tedra Emprendimiento Social e Innovaci\u00f3n Empresarial en Econom\u00eda Social\" \/>\n<meta property=\"article:published_time\" content=\"2025-02-25T13:30:46+00:00\" \/>\n<meta property=\"article:modified_time\" content=\"2025-04-23T10:53:45+00:00\" \/>\n<meta property=\"og:image\" content=\"https:\/\/www.upo.es\/catedraemprendimientosocial\/wp-content\/uploads\/2025\/03\/25022025-Coops-Week-0530-scaled-1.jpg\" \/>\n\t<meta property=\"og:image:width\" content=\"2560\" \/>\n\t<meta property=\"og:image:height\" content=\"1707\" \/>\n\t<meta property=\"og:image:type\" content=\"image\/jpeg\" \/>\n<meta name=\"author\" content=\"ComunicacionFUPO\" \/>\n<meta name=\"twitter:card\" content=\"summary_large_image\" \/>\n<meta name=\"twitter:label1\" content=\"Escrito por\" \/>\n\t<meta name=\"twitter:data1\" content=\"ComunicacionFUPO\" \/>\n\t<meta name=\"twitter:label2\" content=\"Tiempo de lectura\" \/>\n\t<meta name=\"twitter:data2\" content=\"3 minutos\" \/>\n<script type=\"application\/ld+json\" class=\"yoast-schema-graph\">{\"@context\":\"https:\/\/schema.org\",\"@graph\":[{\"@type\":\"Article\",\"@id\":\"https:\/\/www.upo.es\/catedraemprendimientosocial\/francisco-oliva-en-la-inauguracion-de-la-coops-week-el-futuro-es-colaborativo-innovador-y-transformador\/#article\",\"isPartOf\":{\"@id\":\"https:\/\/www.upo.es\/catedraemprendimientosocial\/francisco-oliva-en-la-inauguracion-de-la-coops-week-el-futuro-es-colaborativo-innovador-y-transformador\/\"},\"author\":{\"name\":\"ComunicacionFUPO\",\"@id\":\"https:\/\/www.upo.es\/catedraemprendimientosocial\/#\/schema\/person\/28ce96d8a66fc9c91530fdf20e796f02\"},\"headline\":\"Francisco Oliva en la inauguraci\u00f3n de la Coop\u2019s Week: \u201cEl futuro es colaborativo, innovador y transformador\u201d\",\"datePublished\":\"2025-02-25T13:30:46+00:00\",\"dateModified\":\"2025-04-23T10:53:45+00:00\",\"mainEntityOfPage\":{\"@id\":\"https:\/\/www.upo.es\/catedraemprendimientosocial\/francisco-oliva-en-la-inauguracion-de-la-coops-week-el-futuro-es-colaborativo-innovador-y-transformador\/\"},\"wordCount\":544,\"commentCount\":0,\"publisher\":{\"@id\":\"https:\/\/www.upo.es\/catedraemprendimientosocial\/#organization\"},\"image\":{\"@id\":\"https:\/\/www.upo.es\/catedraemprendimientosocial\/francisco-oliva-en-la-inauguracion-de-la-coops-week-el-futuro-es-colaborativo-innovador-y-transformador\/#primaryimage\"},\"thumbnailUrl\":\"https:\/\/www.upo.es\/catedraemprendimientosocial\/wp-content\/uploads\/2025\/03\/25022025-Coops-Week-0530-scaled-1.jpg\",\"articleSection\":[\"Noticias\"],\"inLanguage\":\"es\",\"potentialAction\":[{\"@type\":\"CommentAction\",\"name\":\"Comment\",\"target\":[\"https:\/\/www.upo.es\/catedraemprendimientosocial\/francisco-oliva-en-la-inauguracion-de-la-coops-week-el-futuro-es-colaborativo-innovador-y-transformador\/#respond\"]}]},{\"@type\":\"WebPage\",\"@id\":\"https:\/\/www.upo.es\/catedraemprendimientosocial\/francisco-oliva-en-la-inauguracion-de-la-coops-week-el-futuro-es-colaborativo-innovador-y-transformador\/\",\"url\":\"https:\/\/www.upo.es\/catedraemprendimientosocial\/francisco-oliva-en-la-inauguracion-de-la-coops-week-el-futuro-es-colaborativo-innovador-y-transformador\/\",\"name\":\"Francisco Oliva en la inauguraci\u00f3n de la Coop\u2019s Week: \u201cEl futuro es colaborativo, innovador y transformador\u201d - C\u00e1tedra Emprendimiento Social e Innovaci\u00f3n Empresarial en Econom\u00eda Social\",\"isPartOf\":{\"@id\":\"https:\/\/www.upo.es\/catedraemprendimientosocial\/#website\"},\"primaryImageOfPage\":{\"@id\":\"https:\/\/www.upo.es\/catedraemprendimientosocial\/francisco-oliva-en-la-inauguracion-de-la-coops-week-el-futuro-es-colaborativo-innovador-y-transformador\/#primaryimage\"},\"image\":{\"@id\":\"https:\/\/www.upo.es\/catedraemprendimientosocial\/francisco-oliva-en-la-inauguracion-de-la-coops-week-el-futuro-es-colaborativo-innovador-y-transformador\/#primaryimage\"},\"thumbnailUrl\":\"https:\/\/www.upo.es\/catedraemprendimientosocial\/wp-content\/uploads\/2025\/03\/25022025-Coops-Week-0530-scaled-1.jpg\",\"datePublished\":\"2025-02-25T13:30:46+00:00\",\"dateModified\":\"2025-04-23T10:53:45+00:00\",\"breadcrumb\":{\"@id\":\"https:\/\/www.upo.es\/catedraemprendimientosocial\/francisco-oliva-en-la-inauguracion-de-la-coops-week-el-futuro-es-colaborativo-innovador-y-transformador\/#breadcrumb\"},\"inLanguage\":\"es\",\"potentialAction\":[{\"@type\":\"ReadAction\",\"target\":[\"https:\/\/www.upo.es\/catedraemprendimientosocial\/francisco-oliva-en-la-inauguracion-de-la-coops-week-el-futuro-es-colaborativo-innovador-y-transformador\/\"]}]},{\"@type\":\"ImageObject\",\"inLanguage\":\"es\",\"@id\":\"https:\/\/www.upo.es\/catedraemprendimientosocial\/francisco-oliva-en-la-inauguracion-de-la-coops-week-el-futuro-es-colaborativo-innovador-y-transformador\/#primaryimage\",\"url\":\"https:\/\/www.upo.es\/catedraemprendimientosocial\/wp-content\/uploads\/2025\/03\/25022025-Coops-Week-0530-scaled-1.jpg\",\"contentUrl\":\"https:\/\/www.upo.es\/catedraemprendimientosocial\/wp-content\/uploads\/2025\/03\/25022025-Coops-Week-0530-scaled-1.jpg\",\"width\":2560,\"height\":1707},{\"@type\":\"BreadcrumbList\",\"@id\":\"https:\/\/www.upo.es\/catedraemprendimientosocial\/francisco-oliva-en-la-inauguracion-de-la-coops-week-el-futuro-es-colaborativo-innovador-y-transformador\/#breadcrumb\",\"itemListElement\":[{\"@type\":\"ListItem\",\"position\":1,\"name\":\"Portada\",\"item\":\"https:\/\/www.upo.es\/catedraemprendimientosocial\/\"},{\"@type\":\"ListItem\",\"position\":2,\"name\":\"Francisco Oliva en la inauguraci\u00f3n de la Coop\u2019s Week: \u201cEl futuro es colaborativo, innovador y transformador\u201d\"}]},{\"@type\":\"WebSite\",\"@id\":\"https:\/\/www.upo.es\/catedraemprendimientosocial\/#website\",\"url\":\"https:\/\/www.upo.es\/catedraemprendimientosocial\/\",\"name\":\"C\u00e1tedra Emprendimiento e Innovaci\u00f3n Empresarial en Econom\u00eda Social - Universidad Pablo de Olavide\",\"description\":\"\",\"publisher\":{\"@id\":\"https:\/\/www.upo.es\/catedraemprendimientosocial\/#organization\"},\"potentialAction\":[{\"@type\":\"SearchAction\",\"target\":{\"@type\":\"EntryPoint\",\"urlTemplate\":\"https:\/\/www.upo.es\/catedraemprendimientosocial\/?s={search_term_string}\"},\"query-input\":{\"@type\":\"PropertyValueSpecification\",\"valueRequired\":true,\"valueName\":\"search_term_string\"}}],\"inLanguage\":\"es\"},{\"@type\":\"Organization\",\"@id\":\"https:\/\/www.upo.es\/catedraemprendimientosocial\/#organization\",\"name\":\"C\u00e1tedra Emprendimiento e Innovaci\u00f3n Empresarial en Econom\u00eda Social - Universidad Pablo de Olavide\",\"url\":\"https:\/\/www.upo.es\/catedraemprendimientosocial\/\",\"logo\":{\"@type\":\"ImageObject\",\"inLanguage\":\"es\",\"@id\":\"https:\/\/www.upo.es\/catedraemprendimientosocial\/#\/schema\/logo\/image\/\",\"url\":\"https:\/\/www.upo.es\/catedraemprendimientosocial\/wp-content\/uploads\/2025\/03\/Logo-Catedra-Economia-Social.png\",\"contentUrl\":\"https:\/\/www.upo.es\/catedraemprendimientosocial\/wp-content\/uploads\/2025\/03\/Logo-Catedra-Economia-Social.png\",\"width\":963,\"height\":300,\"caption\":\"C\u00e1tedra Emprendimiento e Innovaci\u00f3n Empresarial en Econom\u00eda Social - Universidad Pablo de Olavide\"},\"image\":{\"@id\":\"https:\/\/www.upo.es\/catedraemprendimientosocial\/#\/schema\/logo\/image\/\"}},{\"@type\":\"Person\",\"@id\":\"https:\/\/www.upo.es\/catedraemprendimientosocial\/#\/schema\/person\/28ce96d8a66fc9c91530fdf20e796f02\",\"name\":\"ComunicacionFUPO\",\"image\":{\"@type\":\"ImageObject\",\"inLanguage\":\"es\",\"@id\":\"https:\/\/www.upo.es\/catedraemprendimientosocial\/#\/schema\/person\/image\/\",\"url\":\"https:\/\/secure.gravatar.com\/avatar\/4239a842e1cbbde053ab65850dddd9b00d8e30eed112223a1000e7903600bfbd?s=96&d=mm&r=g\",\"contentUrl\":\"https:\/\/secure.gravatar.com\/avatar\/4239a842e1cbbde053ab65850dddd9b00d8e30eed112223a1000e7903600bfbd?s=96&d=mm&r=g\",\"caption\":\"ComunicacionFUPO\"},\"url\":\"https:\/\/www.upo.es\/catedraemprendimientosocial\/author\/comunicacionfupo\/\"}]}<\/script>\n<!-- \/ Yoast SEO plugin. -->","yoast_head_json":{"title":"Francisco Oliva en la inauguraci\u00f3n de la Coop\u2019s Week: \u201cEl futuro es colaborativo, innovador y transformador\u201d - C\u00e1tedra Emprendimiento Social e Innovaci\u00f3n Empresarial en Econom\u00eda Social","robots":{"index":"index","follow":"follow","max-snippet":"max-snippet:-1","max-image-preview":"max-image-preview:large","max-video-preview":"max-video-preview:-1"},"canonical":"https:\/\/www.upo.es\/catedraemprendimientosocial\/francisco-oliva-en-la-inauguracion-de-la-coops-week-el-futuro-es-colaborativo-innovador-y-transformador\/","og_locale":"es_ES","og_type":"article","og_title":"Francisco Oliva en la inauguraci\u00f3n de la Coop\u2019s Week: \u201cEl futuro es colaborativo, innovador y transformador\u201d - C\u00e1tedra Emprendimiento Social e Innovaci\u00f3n Empresarial en Econom\u00eda Social","og_description":"El rector anuncia que la Universidad Pablo de Olavide pondr\u00e1 en marcha el proyecto \u2018Emprendizaje\u2019, un TFG centrado en una experiencia de emprendimiento Organizada por la Federaci\u00f3n Andaluza de Empresas [&hellip;]","og_url":"https:\/\/www.upo.es\/catedraemprendimientosocial\/francisco-oliva-en-la-inauguracion-de-la-coops-week-el-futuro-es-colaborativo-innovador-y-transformador\/","og_site_name":"C\u00e1tedra Emprendimiento Social e Innovaci\u00f3n Empresarial en Econom\u00eda Social","article_published_time":"2025-02-25T13:30:46+00:00","article_modified_time":"2025-04-23T10:53:45+00:00","og_image":[{"width":2560,"height":1707,"url":"https:\/\/www.upo.es\/catedraemprendimientosocial\/wp-content\/uploads\/2025\/03\/25022025-Coops-Week-0530-scaled-1.jpg","type":"image\/jpeg"}],"author":"ComunicacionFUPO","twitter_card":"summary_large_image","twitter_misc":{"Escrito por":"ComunicacionFUPO","Tiempo de lectura":"3 minutos"},"schema":{"@context":"https:\/\/schema.org","@graph":[{"@type":"Article","@id":"https:\/\/www.upo.es\/catedraemprendimientosocial\/francisco-oliva-en-la-inauguracion-de-la-coops-week-el-futuro-es-colaborativo-innovador-y-transformador\/#article","isPartOf":{"@id":"https:\/\/www.upo.es\/catedraemprendimientosocial\/francisco-oliva-en-la-inauguracion-de-la-coops-week-el-futuro-es-colaborativo-innovador-y-transformador\/"},"author":{"name":"ComunicacionFUPO","@id":"https:\/\/www.upo.es\/catedraemprendimientosocial\/#\/schema\/person\/28ce96d8a66fc9c91530fdf20e796f02"},"headline":"Francisco Oliva en la inauguraci\u00f3n de la Coop\u2019s Week: \u201cEl futuro es colaborativo, innovador y transformador\u201d","datePublished":"2025-02-25T13:30:46+00:00","dateModified":"2025-04-23T10:53:45+00:00","mainEntityOfPage":{"@id":"https:\/\/www.upo.es\/catedraemprendimientosocial\/francisco-oliva-en-la-inauguracion-de-la-coops-week-el-futuro-es-colaborativo-innovador-y-transformador\/"},"wordCount":544,"commentCount":0,"publisher":{"@id":"https:\/\/www.upo.es\/catedraemprendimientosocial\/#organization"},"image":{"@id":"https:\/\/www.upo.es\/catedraemprendimientosocial\/francisco-oliva-en-la-inauguracion-de-la-coops-week-el-futuro-es-colaborativo-innovador-y-transformador\/#primaryimage"},"thumbnailUrl":"https:\/\/www.upo.es\/catedraemprendimientosocial\/wp-content\/uploads\/2025\/03\/25022025-Coops-Week-0530-scaled-1.jpg","articleSection":["Noticias"],"inLanguage":"es","potentialAction":[{"@type":"CommentAction","name":"Comment","target":["https:\/\/www.upo.es\/catedraemprendimientosocial\/francisco-oliva-en-la-inauguracion-de-la-coops-week-el-futuro-es-colaborativo-innovador-y-transformador\/#respond"]}]},{"@type":"WebPage","@id":"https:\/\/www.upo.es\/catedraemprendimientosocial\/francisco-oliva-en-la-inauguracion-de-la-coops-week-el-futuro-es-colaborativo-innovador-y-transformador\/","url":"https:\/\/www.upo.es\/catedraemprendimientosocial\/francisco-oliva-en-la-inauguracion-de-la-coops-week-el-futuro-es-colaborativo-innovador-y-transformador\/","name":"Francisco Oliva en la inauguraci\u00f3n de la Coop\u2019s Week: \u201cEl futuro es colaborativo, innovador y transformador\u201d - C\u00e1tedra Emprendimiento Social e Innovaci\u00f3n Empresarial en Econom\u00eda Social","isPartOf":{"@id":"https:\/\/www.upo.es\/catedraemprendimientosocial\/#website"},"primaryImageOfPage":{"@id":"https:\/\/www.upo.es\/catedraemprendimientosocial\/francisco-oliva-en-la-inauguracion-de-la-coops-week-el-futuro-es-colaborativo-innovador-y-transformador\/#primaryimage"},"image":{"@id":"https:\/\/www.upo.es\/catedraemprendimientosocial\/francisco-oliva-en-la-inauguracion-de-la-coops-week-el-futuro-es-colaborativo-innovador-y-transformador\/#primaryimage"},"thumbnailUrl":"https:\/\/www.upo.es\/catedraemprendimientosocial\/wp-content\/uploads\/2025\/03\/25022025-Coops-Week-0530-scaled-1.jpg","datePublished":"2025-02-25T13:30:46+00:00","dateModified":"2025-04-23T10:53:45+00:00","breadcrumb":{"@id":"https:\/\/www.upo.es\/catedraemprendimientosocial\/francisco-oliva-en-la-inauguracion-de-la-coops-week-el-futuro-es-colaborativo-innovador-y-transformador\/#breadcrumb"},"inLanguage":"es","potentialAction":[{"@type":"ReadAction","target":["https:\/\/www.upo.es\/catedraemprendimientosocial\/francisco-oliva-en-la-inauguracion-de-la-coops-week-el-futuro-es-colaborativo-innovador-y-transformador\/"]}]},{"@type":"ImageObject","inLanguage":"es","@id":"https:\/\/www.upo.es\/catedraemprendimientosocial\/francisco-oliva-en-la-inauguracion-de-la-coops-week-el-futuro-es-colaborativo-innovador-y-transformador\/#primaryimage","url":"https:\/\/www.upo.es\/catedraemprendimientosocial\/wp-content\/uploads\/2025\/03\/25022025-Coops-Week-0530-scaled-1.jpg","contentUrl":"https:\/\/www.upo.es\/catedraemprendimientosocial\/wp-content\/uploads\/2025\/03\/25022025-Coops-Week-0530-scaled-1.jpg","width":2560,"height":1707},{"@type":"BreadcrumbList","@id":"https:\/\/www.upo.es\/catedraemprendimientosocial\/francisco-oliva-en-la-inauguracion-de-la-coops-week-el-futuro-es-colaborativo-innovador-y-transformador\/#breadcrumb","itemListElement":[{"@type":"ListItem","position":1,"name":"Portada","item":"https:\/\/www.upo.es\/catedraemprendimientosocial\/"},{"@type":"ListItem","position":2,"name":"Francisco Oliva en la inauguraci\u00f3n de la Coop\u2019s Week: \u201cEl futuro es colaborativo, innovador y transformador\u201d"}]},{"@type":"WebSite","@id":"https:\/\/www.upo.es\/catedraemprendimientosocial\/#website","url":"https:\/\/www.upo.es\/catedraemprendimientosocial\/","name":"C\u00e1tedra Emprendimiento e Innovaci\u00f3n Empresarial en Econom\u00eda Social - Universidad Pablo de Olavide","description":"","publisher":{"@id":"https:\/\/www.upo.es\/catedraemprendimientosocial\/#organization"},"potentialAction":[{"@type":"SearchAction","target":{"@type":"EntryPoint","urlTemplate":"https:\/\/www.upo.es\/catedraemprendimientosocial\/?s={search_term_string}"},"query-input":{"@type":"PropertyValueSpecification","valueRequired":true,"valueName":"search_term_string"}}],"inLanguage":"es"},{"@type":"Organization","@id":"https:\/\/www.upo.es\/catedraemprendimientosocial\/#organization","name":"C\u00e1tedra Emprendimiento e Innovaci\u00f3n Empresarial en Econom\u00eda Social - Universidad Pablo de Olavide","url":"https:\/\/www.upo.es\/catedraemprendimientosocial\/","logo":{"@type":"ImageObject","inLanguage":"es","@id":"https:\/\/www.upo.es\/catedraemprendimientosocial\/#\/schema\/logo\/image\/","url":"https:\/\/www.upo.es\/catedraemprendimientosocial\/wp-content\/uploads\/2025\/03\/Logo-Catedra-Economia-Social.png","contentUrl":"https:\/\/www.upo.es\/catedraemprendimientosocial\/wp-content\/uploads\/2025\/03\/Logo-Catedra-Economia-Social.png","width":963,"height":300,"caption":"C\u00e1tedra Emprendimiento e Innovaci\u00f3n Empresarial en Econom\u00eda Social - Universidad Pablo de Olavide"},"image":{"@id":"https:\/\/www.upo.es\/catedraemprendimientosocial\/#\/schema\/logo\/image\/"}},{"@type":"Person","@id":"https:\/\/www.upo.es\/catedraemprendimientosocial\/#\/schema\/person\/28ce96d8a66fc9c91530fdf20e796f02","name":"ComunicacionFUPO","image":{"@type":"ImageObject","inLanguage":"es","@id":"https:\/\/www.upo.es\/catedraemprendimientosocial\/#\/schema\/person\/image\/","url":"https:\/\/secure.gravatar.com\/avatar\/4239a842e1cbbde053ab65850dddd9b00d8e30eed112223a1000e7903600bfbd?s=96&d=mm&r=g","contentUrl":"https:\/\/secure.gravatar.com\/avatar\/4239a842e1cbbde053ab65850dddd9b00d8e30eed112223a1000e7903600bfbd?s=96&d=mm&r=g","caption":"ComunicacionFUPO"},"url":"https:\/\/www.upo.es\/catedraemprendimientosocial\/author\/comunicacionfupo\/"}]}},"_links":{"self":[{"href":"https:\/\/www.upo.es\/catedraemprendimientosocial\/wp-json\/wp\/v2\/posts\/137","targetHints":{"allow":["GET"]}}],"collection":[{"href":"https:\/\/www.upo.es\/catedraemprendimientosocial\/wp-json\/wp\/v2\/posts"}],"about":[{"href":"https:\/\/www.upo.es\/catedraemprendimientosocial\/wp-json\/wp\/v2\/types\/post"}],"author":[{"embeddable":true,"href":"https:\/\/www.upo.es\/catedraemprendimientosocial\/wp-json\/wp\/v2\/users\/2"}],"replies":[{"embeddable":true,"href":"https:\/\/www.upo.es\/catedraemprendimientosocial\/wp-json\/wp\/v2\/comments?post=137"}],"version-history":[{"count":2,"href":"https:\/\/www.upo.es\/catedraemprendimientosocial\/wp-json\/wp\/v2\/posts\/137\/revisions"}],"predecessor-version":[{"id":144,"href":"https:\/\/www.upo.es\/catedraemprendimientosocial\/wp-json\/wp\/v2\/posts\/137\/revisions\/144"}],"wp:featuredmedia":[{"embeddable":true,"href":"https:\/\/www.upo.es\/catedraemprendimientosocial\/wp-json\/wp\/v2\/media\/138"}],"wp:attachment":[{"href":"https:\/\/www.upo.es\/catedraemprendimientosocial\/wp-json\/wp\/v2\/media?parent=137"}],"wp:term":[{"taxonomy":"category","embeddable":true,"href":"https:\/\/www.upo.es\/catedraemprendimientosocial\/wp-json\/wp\/v2\/categories?post=137"},{"taxonomy":"post_tag","embeddable":true,"href":"https:\/\/www.upo.es\/catedraemprendimientosocial\/wp-json\/wp\/v2\/tags?post=137"}],"curies":[{"name":"wp","href":"https:\/\/api.w.org\/{rel}","templated":true}]}}