{"id":195,"date":"2025-03-24T11:35:45","date_gmt":"2025-03-24T10:35:45","guid":{"rendered":"https:\/\/www.upo.es\/catedraemprendimientosocial\/?p=195"},"modified":"2025-04-23T10:12:31","modified_gmt":"2025-04-23T08:12:31","slug":"vi-semana-universitaria-de-la-economia-social-2025","status":"publish","type":"post","link":"https:\/\/www.upo.es\/catedraemprendimientosocial\/vi-semana-universitaria-de-la-economia-social-2025\/","title":{"rendered":"VI Semana Universitaria de la Econom\u00eda Social, 2025"},"content":{"rendered":"<p data-start=\"153\" data-end=\"190\">Lunes 24\/03\/2025 &#8211; 10:00 horas<\/p>\n<p class=\"\" data-start=\"191\" data-end=\"342\"><strong data-start=\"191\" data-end=\"206\">Ponencia 1:<\/strong> La Econom\u00eda Social en el Contexto Actual<br data-start=\"247\" data-end=\"250\" \/><strong data-start=\"250\" data-end=\"262\">Ponente:<\/strong> \u00c1lvaro Trujillo, Experto en Econom\u00eda Social<br data-start=\"306\" data-end=\"309\" \/><strong data-start=\"309\" data-end=\"319\">Lugar:<\/strong> Edificio 14 \u2013 Aula 3<\/p>\n<p data-start=\"344\" data-end=\"382\">Jueves 27\/03\/2025 &#8211; 11:00 horas<\/p>\n<p class=\"\" data-start=\"383\" data-end=\"571\"><strong data-start=\"383\" data-end=\"398\">Ponencia 2:<\/strong> Las Cooperativas de Vivienda en Cesi\u00f3n de Uso<br data-start=\"444\" data-end=\"447\" \/><strong data-start=\"447\" data-end=\"459\">Ponente:<\/strong> Jos\u00e9 Manuel Betanzos Mart\u00edn, Socio-Trabajador de Autonom\u00eda Sur S.Coop. And.<br data-start=\"535\" data-end=\"538\" \/><strong data-start=\"538\" data-end=\"548\">Lugar:<\/strong> Edificio 11 \u2013 Aula 4<\/p>\n<p data-start=\"573\" data-end=\"612\">Viernes 28\/03\/2025 &#8211; 11:00 horas<\/p>\n<p class=\"\" data-start=\"613\" data-end=\"805\"><strong data-start=\"613\" data-end=\"628\">Ponencia 3:<\/strong> Econom\u00eda Social y Empresas de Inserci\u00f3n<br data-start=\"668\" data-end=\"671\" \/><strong data-start=\"671\" data-end=\"683\">Ponente:<\/strong> Javier Granja, Presidente de la Asociaci\u00f3n Andaluza de Empresas de Inserci\u00f3n (ANDEIS)<br data-start=\"769\" data-end=\"772\" \/><strong data-start=\"772\" data-end=\"782\">Lugar:<\/strong> Edificio 16 \u2013 Aula 5<\/p>\n<p data-start=\"807\" data-end=\"844\">Martes 1\/04\/2025 &#8211; 17:30 horas<\/p>\n<p class=\"\" data-start=\"845\" data-end=\"962\"><strong data-start=\"845\" data-end=\"860\">Ponencia 4:<\/strong> Bioalverde, Empresa de Inserci\u00f3n<br data-start=\"893\" data-end=\"896\" \/><strong data-start=\"896\" data-end=\"906\">Lugar:<\/strong> Bioalverde, Avda. Condes de Ibarra, s\/n. Dos Hermanas<\/p>\n<p data-start=\"964\" data-end=\"1004\">Mi\u00e9rcoles 2\/04\/2025 &#8211; 18:00 horas<\/p>\n<p class=\"\" data-start=\"1005\" data-end=\"1145\"><strong data-start=\"1005\" data-end=\"1020\">Ponencia 5:<\/strong> Econom\u00eda Social: Conceptos B\u00e1sicos<br data-start=\"1055\" data-end=\"1058\" \/><strong data-start=\"1058\" data-end=\"1070\">Ponente:<\/strong> Eladia Pino, Experta en Econom\u00eda Social<br data-start=\"1110\" data-end=\"1113\" \/><strong data-start=\"1113\" data-end=\"1123\">Lugar:<\/strong> Edificio 8 \u2013 Aula 2<\/p>\n","protected":false},"excerpt":{"rendered":"<p>Lunes 24\/03\/2025 &#8211; 10:00 horas Ponencia 1: La Econom\u00eda Social en el Contexto ActualPonente: \u00c1lvaro Trujillo, Experto en Econom\u00eda SocialLugar: Edificio 14 \u2013 Aula 3 Jueves 27\/03\/2025 &#8211; 11:00 horas [&hellip;]<\/p>\n","protected":false},"author":2,"featured_media":196,"comment_status":"open","ping_status":"open","sticky":false,"template":"","format":"standard","meta":{"footnotes":""},"categories":[4],"tags":[],"class_list":["post-195","post","type-post","status-publish","format-standard","has-post-thumbnail","hentry","category-noticias"],"yoast_head":"<!-- This site is optimized with the Yoast SEO plugin v24.7 - https:\/\/yoast.com\/wordpress\/plugins\/seo\/ -->\n<title>VI Semana Universitaria de la Econom\u00eda Social, 2025 - C\u00e1tedra Emprendimiento Social e Innovaci\u00f3n Empresarial en Econom\u00eda Social<\/title>\n<meta name=\"robots\" content=\"index, follow, max-snippet:-1, max-image-preview:large, max-video-preview:-1\" \/>\n<link rel=\"canonical\" href=\"https:\/\/www.upo.es\/catedraemprendimientosocial\/vi-semana-universitaria-de-la-economia-social-2025\/\" \/>\n<meta property=\"og:locale\" content=\"es_ES\" \/>\n<meta property=\"og:type\" content=\"article\" \/>\n<meta property=\"og:title\" content=\"VI Semana Universitaria de la Econom\u00eda Social, 2025 - C\u00e1tedra Emprendimiento Social e Innovaci\u00f3n Empresarial en Econom\u00eda Social\" \/>\n<meta property=\"og:description\" content=\"Lunes 24\/03\/2025 &#8211; 10:00 horas Ponencia 1: La Econom\u00eda Social en el Contexto ActualPonente: \u00c1lvaro Trujillo, Experto en Econom\u00eda SocialLugar: Edificio 14 \u2013 Aula 3 Jueves 27\/03\/2025 &#8211; 11:00 horas [&hellip;]\" \/>\n<meta property=\"og:url\" content=\"https:\/\/www.upo.es\/catedraemprendimientosocial\/vi-semana-universitaria-de-la-economia-social-2025\/\" \/>\n<meta property=\"og:site_name\" content=\"C\u00e1tedra Emprendimiento Social e Innovaci\u00f3n Empresarial en Econom\u00eda Social\" \/>\n<meta property=\"article:published_time\" content=\"2025-03-24T10:35:45+00:00\" \/>\n<meta property=\"article:modified_time\" content=\"2025-04-23T08:12:31+00:00\" \/>\n<meta property=\"og:image\" content=\"https:\/\/www.upo.es\/catedraemprendimientosocial\/wp-content\/uploads\/2025\/03\/Cartel-semana-universitaria-definitivo.png\" \/>\n\t<meta property=\"og:image:width\" content=\"1624\" \/>\n\t<meta property=\"og:image:height\" content=\"2352\" \/>\n\t<meta property=\"og:image:type\" content=\"image\/png\" \/>\n<meta name=\"author\" content=\"ComunicacionFUPO\" \/>\n<meta name=\"twitter:card\" content=\"summary_large_image\" \/>\n<meta name=\"twitter:label1\" content=\"Escrito por\" \/>\n\t<meta name=\"twitter:data1\" content=\"ComunicacionFUPO\" \/>\n\t<meta name=\"twitter:label2\" content=\"Tiempo de lectura\" \/>\n\t<meta name=\"twitter:data2\" content=\"1 minuto\" \/>\n<script type=\"application\/ld+json\" class=\"yoast-schema-graph\">{\"@context\":\"https:\/\/schema.org\",\"@graph\":[{\"@type\":\"Article\",\"@id\":\"https:\/\/www.upo.es\/catedraemprendimientosocial\/vi-semana-universitaria-de-la-economia-social-2025\/#article\",\"isPartOf\":{\"@id\":\"https:\/\/www.upo.es\/catedraemprendimientosocial\/vi-semana-universitaria-de-la-economia-social-2025\/\"},\"author\":{\"name\":\"ComunicacionFUPO\",\"@id\":\"https:\/\/www.upo.es\/catedraemprendimientosocial\/#\/schema\/person\/28ce96d8a66fc9c91530fdf20e796f02\"},\"headline\":\"VI Semana Universitaria de la Econom\u00eda Social, 2025\",\"datePublished\":\"2025-03-24T10:35:45+00:00\",\"dateModified\":\"2025-04-23T08:12:31+00:00\",\"mainEntityOfPage\":{\"@id\":\"https:\/\/www.upo.es\/catedraemprendimientosocial\/vi-semana-universitaria-de-la-economia-social-2025\/\"},\"wordCount\":132,\"commentCount\":0,\"publisher\":{\"@id\":\"https:\/\/www.upo.es\/catedraemprendimientosocial\/#organization\"},\"image\":{\"@id\":\"https:\/\/www.upo.es\/catedraemprendimientosocial\/vi-semana-universitaria-de-la-economia-social-2025\/#primaryimage\"},\"thumbnailUrl\":\"https:\/\/www.upo.es\/catedraemprendimientosocial\/wp-content\/uploads\/2025\/03\/Cartel-semana-universitaria-definitivo.png\",\"articleSection\":[\"Noticias\"],\"inLanguage\":\"es\",\"potentialAction\":[{\"@type\":\"CommentAction\",\"name\":\"Comment\",\"target\":[\"https:\/\/www.upo.es\/catedraemprendimientosocial\/vi-semana-universitaria-de-la-economia-social-2025\/#respond\"]}]},{\"@type\":\"WebPage\",\"@id\":\"https:\/\/www.upo.es\/catedraemprendimientosocial\/vi-semana-universitaria-de-la-economia-social-2025\/\",\"url\":\"https:\/\/www.upo.es\/catedraemprendimientosocial\/vi-semana-universitaria-de-la-economia-social-2025\/\",\"name\":\"VI Semana Universitaria de la Econom\u00eda Social, 2025 - C\u00e1tedra Emprendimiento Social e Innovaci\u00f3n Empresarial en Econom\u00eda Social\",\"isPartOf\":{\"@id\":\"https:\/\/www.upo.es\/catedraemprendimientosocial\/#website\"},\"primaryImageOfPage\":{\"@id\":\"https:\/\/www.upo.es\/catedraemprendimientosocial\/vi-semana-universitaria-de-la-economia-social-2025\/#primaryimage\"},\"image\":{\"@id\":\"https:\/\/www.upo.es\/catedraemprendimientosocial\/vi-semana-universitaria-de-la-economia-social-2025\/#primaryimage\"},\"thumbnailUrl\":\"https:\/\/www.upo.es\/catedraemprendimientosocial\/wp-content\/uploads\/2025\/03\/Cartel-semana-universitaria-definitivo.png\",\"datePublished\":\"2025-03-24T10:35:45+00:00\",\"dateModified\":\"2025-04-23T08:12:31+00:00\",\"breadcrumb\":{\"@id\":\"https:\/\/www.upo.es\/catedraemprendimientosocial\/vi-semana-universitaria-de-la-economia-social-2025\/#breadcrumb\"},\"inLanguage\":\"es\",\"potentialAction\":[{\"@type\":\"ReadAction\",\"target\":[\"https:\/\/www.upo.es\/catedraemprendimientosocial\/vi-semana-universitaria-de-la-economia-social-2025\/\"]}]},{\"@type\":\"ImageObject\",\"inLanguage\":\"es\",\"@id\":\"https:\/\/www.upo.es\/catedraemprendimientosocial\/vi-semana-universitaria-de-la-economia-social-2025\/#primaryimage\",\"url\":\"https:\/\/www.upo.es\/catedraemprendimientosocial\/wp-content\/uploads\/2025\/03\/Cartel-semana-universitaria-definitivo.png\",\"contentUrl\":\"https:\/\/www.upo.es\/catedraemprendimientosocial\/wp-content\/uploads\/2025\/03\/Cartel-semana-universitaria-definitivo.png\",\"width\":1624,\"height\":2352},{\"@type\":\"BreadcrumbList\",\"@id\":\"https:\/\/www.upo.es\/catedraemprendimientosocial\/vi-semana-universitaria-de-la-economia-social-2025\/#breadcrumb\",\"itemListElement\":[{\"@type\":\"ListItem\",\"position\":1,\"name\":\"Portada\",\"item\":\"https:\/\/www.upo.es\/catedraemprendimientosocial\/\"},{\"@type\":\"ListItem\",\"position\":2,\"name\":\"VI Semana Universitaria de la Econom\u00eda Social, 2025\"}]},{\"@type\":\"WebSite\",\"@id\":\"https:\/\/www.upo.es\/catedraemprendimientosocial\/#website\",\"url\":\"https:\/\/www.upo.es\/catedraemprendimientosocial\/\",\"name\":\"C\u00e1tedra Emprendimiento e Innovaci\u00f3n Empresarial en Econom\u00eda Social - Universidad Pablo de Olavide\",\"description\":\"\",\"publisher\":{\"@id\":\"https:\/\/www.upo.es\/catedraemprendimientosocial\/#organization\"},\"potentialAction\":[{\"@type\":\"SearchAction\",\"target\":{\"@type\":\"EntryPoint\",\"urlTemplate\":\"https:\/\/www.upo.es\/catedraemprendimientosocial\/?s={search_term_string}\"},\"query-input\":{\"@type\":\"PropertyValueSpecification\",\"valueRequired\":true,\"valueName\":\"search_term_string\"}}],\"inLanguage\":\"es\"},{\"@type\":\"Organization\",\"@id\":\"https:\/\/www.upo.es\/catedraemprendimientosocial\/#organization\",\"name\":\"C\u00e1tedra Emprendimiento e Innovaci\u00f3n Empresarial en Econom\u00eda Social - Universidad Pablo de Olavide\",\"url\":\"https:\/\/www.upo.es\/catedraemprendimientosocial\/\",\"logo\":{\"@type\":\"ImageObject\",\"inLanguage\":\"es\",\"@id\":\"https:\/\/www.upo.es\/catedraemprendimientosocial\/#\/schema\/logo\/image\/\",\"url\":\"https:\/\/www.upo.es\/catedraemprendimientosocial\/wp-content\/uploads\/2025\/03\/Logo-Catedra-Economia-Social.png\",\"contentUrl\":\"https:\/\/www.upo.es\/catedraemprendimientosocial\/wp-content\/uploads\/2025\/03\/Logo-Catedra-Economia-Social.png\",\"width\":963,\"height\":300,\"caption\":\"C\u00e1tedra Emprendimiento e Innovaci\u00f3n Empresarial en Econom\u00eda Social - Universidad Pablo de Olavide\"},\"image\":{\"@id\":\"https:\/\/www.upo.es\/catedraemprendimientosocial\/#\/schema\/logo\/image\/\"}},{\"@type\":\"Person\",\"@id\":\"https:\/\/www.upo.es\/catedraemprendimientosocial\/#\/schema\/person\/28ce96d8a66fc9c91530fdf20e796f02\",\"name\":\"ComunicacionFUPO\",\"image\":{\"@type\":\"ImageObject\",\"inLanguage\":\"es\",\"@id\":\"https:\/\/www.upo.es\/catedraemprendimientosocial\/#\/schema\/person\/image\/\",\"url\":\"https:\/\/secure.gravatar.com\/avatar\/4239a842e1cbbde053ab65850dddd9b00d8e30eed112223a1000e7903600bfbd?s=96&d=mm&r=g\",\"contentUrl\":\"https:\/\/secure.gravatar.com\/avatar\/4239a842e1cbbde053ab65850dddd9b00d8e30eed112223a1000e7903600bfbd?s=96&d=mm&r=g\",\"caption\":\"ComunicacionFUPO\"},\"url\":\"https:\/\/www.upo.es\/catedraemprendimientosocial\/author\/comunicacionfupo\/\"}]}<\/script>\n<!-- \/ Yoast SEO plugin. -->","yoast_head_json":{"title":"VI Semana Universitaria de la Econom\u00eda Social, 2025 - C\u00e1tedra Emprendimiento Social e Innovaci\u00f3n Empresarial en Econom\u00eda Social","robots":{"index":"index","follow":"follow","max-snippet":"max-snippet:-1","max-image-preview":"max-image-preview:large","max-video-preview":"max-video-preview:-1"},"canonical":"https:\/\/www.upo.es\/catedraemprendimientosocial\/vi-semana-universitaria-de-la-economia-social-2025\/","og_locale":"es_ES","og_type":"article","og_title":"VI Semana Universitaria de la Econom\u00eda Social, 2025 - C\u00e1tedra Emprendimiento Social e Innovaci\u00f3n Empresarial en Econom\u00eda Social","og_description":"Lunes 24\/03\/2025 &#8211; 10:00 horas Ponencia 1: La Econom\u00eda Social en el Contexto ActualPonente: \u00c1lvaro Trujillo, Experto en Econom\u00eda SocialLugar: Edificio 14 \u2013 Aula 3 Jueves 27\/03\/2025 &#8211; 11:00 horas [&hellip;]","og_url":"https:\/\/www.upo.es\/catedraemprendimientosocial\/vi-semana-universitaria-de-la-economia-social-2025\/","og_site_name":"C\u00e1tedra Emprendimiento Social e Innovaci\u00f3n Empresarial en Econom\u00eda Social","article_published_time":"2025-03-24T10:35:45+00:00","article_modified_time":"2025-04-23T08:12:31+00:00","og_image":[{"width":1624,"height":2352,"url":"https:\/\/www.upo.es\/catedraemprendimientosocial\/wp-content\/uploads\/2025\/03\/Cartel-semana-universitaria-definitivo.png","type":"image\/png"}],"author":"ComunicacionFUPO","twitter_card":"summary_large_image","twitter_misc":{"Escrito por":"ComunicacionFUPO","Tiempo de lectura":"1 minuto"},"schema":{"@context":"https:\/\/schema.org","@graph":[{"@type":"Article","@id":"https:\/\/www.upo.es\/catedraemprendimientosocial\/vi-semana-universitaria-de-la-economia-social-2025\/#article","isPartOf":{"@id":"https:\/\/www.upo.es\/catedraemprendimientosocial\/vi-semana-universitaria-de-la-economia-social-2025\/"},"author":{"name":"ComunicacionFUPO","@id":"https:\/\/www.upo.es\/catedraemprendimientosocial\/#\/schema\/person\/28ce96d8a66fc9c91530fdf20e796f02"},"headline":"VI Semana Universitaria de la Econom\u00eda Social, 2025","datePublished":"2025-03-24T10:35:45+00:00","dateModified":"2025-04-23T08:12:31+00:00","mainEntityOfPage":{"@id":"https:\/\/www.upo.es\/catedraemprendimientosocial\/vi-semana-universitaria-de-la-economia-social-2025\/"},"wordCount":132,"commentCount":0,"publisher":{"@id":"https:\/\/www.upo.es\/catedraemprendimientosocial\/#organization"},"image":{"@id":"https:\/\/www.upo.es\/catedraemprendimientosocial\/vi-semana-universitaria-de-la-economia-social-2025\/#primaryimage"},"thumbnailUrl":"https:\/\/www.upo.es\/catedraemprendimientosocial\/wp-content\/uploads\/2025\/03\/Cartel-semana-universitaria-definitivo.png","articleSection":["Noticias"],"inLanguage":"es","potentialAction":[{"@type":"CommentAction","name":"Comment","target":["https:\/\/www.upo.es\/catedraemprendimientosocial\/vi-semana-universitaria-de-la-economia-social-2025\/#respond"]}]},{"@type":"WebPage","@id":"https:\/\/www.upo.es\/catedraemprendimientosocial\/vi-semana-universitaria-de-la-economia-social-2025\/","url":"https:\/\/www.upo.es\/catedraemprendimientosocial\/vi-semana-universitaria-de-la-economia-social-2025\/","name":"VI Semana Universitaria de la Econom\u00eda Social, 2025 - C\u00e1tedra Emprendimiento Social e Innovaci\u00f3n Empresarial en Econom\u00eda Social","isPartOf":{"@id":"https:\/\/www.upo.es\/catedraemprendimientosocial\/#website"},"primaryImageOfPage":{"@id":"https:\/\/www.upo.es\/catedraemprendimientosocial\/vi-semana-universitaria-de-la-economia-social-2025\/#primaryimage"},"image":{"@id":"https:\/\/www.upo.es\/catedraemprendimientosocial\/vi-semana-universitaria-de-la-economia-social-2025\/#primaryimage"},"thumbnailUrl":"https:\/\/www.upo.es\/catedraemprendimientosocial\/wp-content\/uploads\/2025\/03\/Cartel-semana-universitaria-definitivo.png","datePublished":"2025-03-24T10:35:45+00:00","dateModified":"2025-04-23T08:12:31+00:00","breadcrumb":{"@id":"https:\/\/www.upo.es\/catedraemprendimientosocial\/vi-semana-universitaria-de-la-economia-social-2025\/#breadcrumb"},"inLanguage":"es","potentialAction":[{"@type":"ReadAction","target":["https:\/\/www.upo.es\/catedraemprendimientosocial\/vi-semana-universitaria-de-la-economia-social-2025\/"]}]},{"@type":"ImageObject","inLanguage":"es","@id":"https:\/\/www.upo.es\/catedraemprendimientosocial\/vi-semana-universitaria-de-la-economia-social-2025\/#primaryimage","url":"https:\/\/www.upo.es\/catedraemprendimientosocial\/wp-content\/uploads\/2025\/03\/Cartel-semana-universitaria-definitivo.png","contentUrl":"https:\/\/www.upo.es\/catedraemprendimientosocial\/wp-content\/uploads\/2025\/03\/Cartel-semana-universitaria-definitivo.png","width":1624,"height":2352},{"@type":"BreadcrumbList","@id":"https:\/\/www.upo.es\/catedraemprendimientosocial\/vi-semana-universitaria-de-la-economia-social-2025\/#breadcrumb","itemListElement":[{"@type":"ListItem","position":1,"name":"Portada","item":"https:\/\/www.upo.es\/catedraemprendimientosocial\/"},{"@type":"ListItem","position":2,"name":"VI Semana Universitaria de la Econom\u00eda Social, 2025"}]},{"@type":"WebSite","@id":"https:\/\/www.upo.es\/catedraemprendimientosocial\/#website","url":"https:\/\/www.upo.es\/catedraemprendimientosocial\/","name":"C\u00e1tedra Emprendimiento e Innovaci\u00f3n Empresarial en Econom\u00eda Social - Universidad Pablo de Olavide","description":"","publisher":{"@id":"https:\/\/www.upo.es\/catedraemprendimientosocial\/#organization"},"potentialAction":[{"@type":"SearchAction","target":{"@type":"EntryPoint","urlTemplate":"https:\/\/www.upo.es\/catedraemprendimientosocial\/?s={search_term_string}"},"query-input":{"@type":"PropertyValueSpecification","valueRequired":true,"valueName":"search_term_string"}}],"inLanguage":"es"},{"@type":"Organization","@id":"https:\/\/www.upo.es\/catedraemprendimientosocial\/#organization","name":"C\u00e1tedra Emprendimiento e Innovaci\u00f3n Empresarial en Econom\u00eda Social - Universidad Pablo de Olavide","url":"https:\/\/www.upo.es\/catedraemprendimientosocial\/","logo":{"@type":"ImageObject","inLanguage":"es","@id":"https:\/\/www.upo.es\/catedraemprendimientosocial\/#\/schema\/logo\/image\/","url":"https:\/\/www.upo.es\/catedraemprendimientosocial\/wp-content\/uploads\/2025\/03\/Logo-Catedra-Economia-Social.png","contentUrl":"https:\/\/www.upo.es\/catedraemprendimientosocial\/wp-content\/uploads\/2025\/03\/Logo-Catedra-Economia-Social.png","width":963,"height":300,"caption":"C\u00e1tedra Emprendimiento e Innovaci\u00f3n Empresarial en Econom\u00eda Social - Universidad Pablo de Olavide"},"image":{"@id":"https:\/\/www.upo.es\/catedraemprendimientosocial\/#\/schema\/logo\/image\/"}},{"@type":"Person","@id":"https:\/\/www.upo.es\/catedraemprendimientosocial\/#\/schema\/person\/28ce96d8a66fc9c91530fdf20e796f02","name":"ComunicacionFUPO","image":{"@type":"ImageObject","inLanguage":"es","@id":"https:\/\/www.upo.es\/catedraemprendimientosocial\/#\/schema\/person\/image\/","url":"https:\/\/secure.gravatar.com\/avatar\/4239a842e1cbbde053ab65850dddd9b00d8e30eed112223a1000e7903600bfbd?s=96&d=mm&r=g","contentUrl":"https:\/\/secure.gravatar.com\/avatar\/4239a842e1cbbde053ab65850dddd9b00d8e30eed112223a1000e7903600bfbd?s=96&d=mm&r=g","caption":"ComunicacionFUPO"},"url":"https:\/\/www.upo.es\/catedraemprendimientosocial\/author\/comunicacionfupo\/"}]}},"_links":{"self":[{"href":"https:\/\/www.upo.es\/catedraemprendimientosocial\/wp-json\/wp\/v2\/posts\/195","targetHints":{"allow":["GET"]}}],"collection":[{"href":"https:\/\/www.upo.es\/catedraemprendimientosocial\/wp-json\/wp\/v2\/posts"}],"about":[{"href":"https:\/\/www.upo.es\/catedraemprendimientosocial\/wp-json\/wp\/v2\/types\/post"}],"author":[{"embeddable":true,"href":"https:\/\/www.upo.es\/catedraemprendimientosocial\/wp-json\/wp\/v2\/users\/2"}],"replies":[{"embeddable":true,"href":"https:\/\/www.upo.es\/catedraemprendimientosocial\/wp-json\/wp\/v2\/comments?post=195"}],"version-history":[{"count":5,"href":"https:\/\/www.upo.es\/catedraemprendimientosocial\/wp-json\/wp\/v2\/posts\/195\/revisions"}],"predecessor-version":[{"id":202,"href":"https:\/\/www.upo.es\/catedraemprendimientosocial\/wp-json\/wp\/v2\/posts\/195\/revisions\/202"}],"wp:featuredmedia":[{"embeddable":true,"href":"https:\/\/www.upo.es\/catedraemprendimientosocial\/wp-json\/wp\/v2\/media\/196"}],"wp:attachment":[{"href":"https:\/\/www.upo.es\/catedraemprendimientosocial\/wp-json\/wp\/v2\/media?parent=195"}],"wp:term":[{"taxonomy":"category","embeddable":true,"href":"https:\/\/www.upo.es\/catedraemprendimientosocial\/wp-json\/wp\/v2\/categories?post=195"},{"taxonomy":"post_tag","embeddable":true,"href":"https:\/\/www.upo.es\/catedraemprendimientosocial\/wp-json\/wp\/v2\/tags?post=195"}],"curies":[{"name":"wp","href":"https:\/\/api.w.org\/{rel}","templated":true}]}}