{"id":254,"date":"2025-03-28T12:49:14","date_gmt":"2025-03-28T11:49:14","guid":{"rendered":"https:\/\/www.upo.es\/catedraemprendimientosocial\/?p=254"},"modified":"2025-04-23T12:49:36","modified_gmt":"2025-04-23T10:49:36","slug":"las-sesiones-de-economia-social-en-el-aula-estan-siendo-un-exito","status":"publish","type":"post","link":"https:\/\/www.upo.es\/catedraemprendimientosocial\/las-sesiones-de-economia-social-en-el-aula-estan-siendo-un-exito\/","title":{"rendered":"\u00a1Las sesiones de Econom\u00eda Social en el Aula est\u00e1n siendo un \u00e9xito!"},"content":{"rendered":"<p>Enmarcadas en la l\u00ednea de Formaci\u00f3n de la C\u00e1tedra de Emprendimiento e Innovaci\u00f3n Empresarial en Econom\u00eda Social de nuestra Universidad, la C\u00e1tedra est\u00e1 llevando la Econom\u00eda Social a nuestras Aulas.<\/p>\n","protected":false},"excerpt":{"rendered":"<p>Enmarcadas en la l\u00ednea de Formaci\u00f3n de la C\u00e1tedra de Emprendimiento e Innovaci\u00f3n Empresarial en Econom\u00eda Social de nuestra Universidad, la C\u00e1tedra est\u00e1 llevando la Econom\u00eda Social a nuestras Aulas.<\/p>\n","protected":false},"author":3,"featured_media":255,"comment_status":"open","ping_status":"open","sticky":false,"template":"","format":"standard","meta":{"footnotes":""},"categories":[4],"tags":[],"class_list":["post-254","post","type-post","status-publish","format-standard","has-post-thumbnail","hentry","category-noticias"],"yoast_head":"<!-- This site is optimized with the Yoast SEO plugin v24.7 - https:\/\/yoast.com\/wordpress\/plugins\/seo\/ -->\n<title>\u00a1Las sesiones de Econom\u00eda Social en el Aula est\u00e1n siendo un \u00e9xito! - C\u00e1tedra Emprendimiento Social e Innovaci\u00f3n Empresarial en Econom\u00eda Social<\/title>\n<meta name=\"robots\" content=\"index, follow, max-snippet:-1, max-image-preview:large, max-video-preview:-1\" \/>\n<link rel=\"canonical\" href=\"https:\/\/www.upo.es\/catedraemprendimientosocial\/las-sesiones-de-economia-social-en-el-aula-estan-siendo-un-exito\/\" \/>\n<meta property=\"og:locale\" content=\"es_ES\" \/>\n<meta property=\"og:type\" content=\"article\" \/>\n<meta property=\"og:title\" content=\"\u00a1Las sesiones de Econom\u00eda Social en el Aula est\u00e1n siendo un \u00e9xito! - C\u00e1tedra Emprendimiento Social e Innovaci\u00f3n Empresarial en Econom\u00eda Social\" \/>\n<meta property=\"og:description\" content=\"Enmarcadas en la l\u00ednea de Formaci\u00f3n de la C\u00e1tedra de Emprendimiento e Innovaci\u00f3n Empresarial en Econom\u00eda Social de nuestra Universidad, la C\u00e1tedra est\u00e1 llevando la Econom\u00eda Social a nuestras Aulas.\" \/>\n<meta property=\"og:url\" content=\"https:\/\/www.upo.es\/catedraemprendimientosocial\/las-sesiones-de-economia-social-en-el-aula-estan-siendo-un-exito\/\" \/>\n<meta property=\"og:site_name\" content=\"C\u00e1tedra Emprendimiento Social e Innovaci\u00f3n Empresarial en Econom\u00eda Social\" \/>\n<meta property=\"article:published_time\" content=\"2025-03-28T11:49:14+00:00\" \/>\n<meta property=\"article:modified_time\" content=\"2025-04-23T10:49:36+00:00\" \/>\n<meta property=\"og:image\" content=\"https:\/\/www.upo.es\/catedraemprendimientosocial\/wp-content\/uploads\/2025\/04\/537f1b24-d5a9-47fe-84ae-f1a80a05b306.jpeg\" \/>\n\t<meta property=\"og:image:width\" content=\"2048\" \/>\n\t<meta property=\"og:image:height\" content=\"1537\" \/>\n\t<meta property=\"og:image:type\" content=\"image\/jpeg\" \/>\n<meta name=\"author\" content=\"catedra\" \/>\n<meta name=\"twitter:card\" content=\"summary_large_image\" \/>\n<meta name=\"twitter:label1\" content=\"Escrito por\" \/>\n\t<meta name=\"twitter:data1\" content=\"catedra\" \/>\n\t<meta name=\"twitter:label2\" content=\"Tiempo de lectura\" \/>\n\t<meta name=\"twitter:data2\" content=\"1 minuto\" \/>\n<script type=\"application\/ld+json\" class=\"yoast-schema-graph\">{\"@context\":\"https:\/\/schema.org\",\"@graph\":[{\"@type\":\"Article\",\"@id\":\"https:\/\/www.upo.es\/catedraemprendimientosocial\/las-sesiones-de-economia-social-en-el-aula-estan-siendo-un-exito\/#article\",\"isPartOf\":{\"@id\":\"https:\/\/www.upo.es\/catedraemprendimientosocial\/las-sesiones-de-economia-social-en-el-aula-estan-siendo-un-exito\/\"},\"author\":{\"name\":\"catedra\",\"@id\":\"https:\/\/www.upo.es\/catedraemprendimientosocial\/#\/schema\/person\/2b751d7898b6b5847a6e8235249c6ff7\"},\"headline\":\"\u00a1Las sesiones de Econom\u00eda Social en el Aula est\u00e1n siendo un \u00e9xito!\",\"datePublished\":\"2025-03-28T11:49:14+00:00\",\"dateModified\":\"2025-04-23T10:49:36+00:00\",\"mainEntityOfPage\":{\"@id\":\"https:\/\/www.upo.es\/catedraemprendimientosocial\/las-sesiones-de-economia-social-en-el-aula-estan-siendo-un-exito\/\"},\"wordCount\":51,\"commentCount\":0,\"publisher\":{\"@id\":\"https:\/\/www.upo.es\/catedraemprendimientosocial\/#organization\"},\"image\":{\"@id\":\"https:\/\/www.upo.es\/catedraemprendimientosocial\/las-sesiones-de-economia-social-en-el-aula-estan-siendo-un-exito\/#primaryimage\"},\"thumbnailUrl\":\"https:\/\/www.upo.es\/catedraemprendimientosocial\/wp-content\/uploads\/2025\/04\/537f1b24-d5a9-47fe-84ae-f1a80a05b306.jpeg\",\"articleSection\":[\"Noticias\"],\"inLanguage\":\"es\",\"potentialAction\":[{\"@type\":\"CommentAction\",\"name\":\"Comment\",\"target\":[\"https:\/\/www.upo.es\/catedraemprendimientosocial\/las-sesiones-de-economia-social-en-el-aula-estan-siendo-un-exito\/#respond\"]}]},{\"@type\":\"WebPage\",\"@id\":\"https:\/\/www.upo.es\/catedraemprendimientosocial\/las-sesiones-de-economia-social-en-el-aula-estan-siendo-un-exito\/\",\"url\":\"https:\/\/www.upo.es\/catedraemprendimientosocial\/las-sesiones-de-economia-social-en-el-aula-estan-siendo-un-exito\/\",\"name\":\"\u00a1Las sesiones de Econom\u00eda Social en el Aula est\u00e1n siendo un \u00e9xito! - C\u00e1tedra Emprendimiento Social e Innovaci\u00f3n Empresarial en Econom\u00eda Social\",\"isPartOf\":{\"@id\":\"https:\/\/www.upo.es\/catedraemprendimientosocial\/#website\"},\"primaryImageOfPage\":{\"@id\":\"https:\/\/www.upo.es\/catedraemprendimientosocial\/las-sesiones-de-economia-social-en-el-aula-estan-siendo-un-exito\/#primaryimage\"},\"image\":{\"@id\":\"https:\/\/www.upo.es\/catedraemprendimientosocial\/las-sesiones-de-economia-social-en-el-aula-estan-siendo-un-exito\/#primaryimage\"},\"thumbnailUrl\":\"https:\/\/www.upo.es\/catedraemprendimientosocial\/wp-content\/uploads\/2025\/04\/537f1b24-d5a9-47fe-84ae-f1a80a05b306.jpeg\",\"datePublished\":\"2025-03-28T11:49:14+00:00\",\"dateModified\":\"2025-04-23T10:49:36+00:00\",\"breadcrumb\":{\"@id\":\"https:\/\/www.upo.es\/catedraemprendimientosocial\/las-sesiones-de-economia-social-en-el-aula-estan-siendo-un-exito\/#breadcrumb\"},\"inLanguage\":\"es\",\"potentialAction\":[{\"@type\":\"ReadAction\",\"target\":[\"https:\/\/www.upo.es\/catedraemprendimientosocial\/las-sesiones-de-economia-social-en-el-aula-estan-siendo-un-exito\/\"]}]},{\"@type\":\"ImageObject\",\"inLanguage\":\"es\",\"@id\":\"https:\/\/www.upo.es\/catedraemprendimientosocial\/las-sesiones-de-economia-social-en-el-aula-estan-siendo-un-exito\/#primaryimage\",\"url\":\"https:\/\/www.upo.es\/catedraemprendimientosocial\/wp-content\/uploads\/2025\/04\/537f1b24-d5a9-47fe-84ae-f1a80a05b306.jpeg\",\"contentUrl\":\"https:\/\/www.upo.es\/catedraemprendimientosocial\/wp-content\/uploads\/2025\/04\/537f1b24-d5a9-47fe-84ae-f1a80a05b306.jpeg\",\"width\":2048,\"height\":1537},{\"@type\":\"BreadcrumbList\",\"@id\":\"https:\/\/www.upo.es\/catedraemprendimientosocial\/las-sesiones-de-economia-social-en-el-aula-estan-siendo-un-exito\/#breadcrumb\",\"itemListElement\":[{\"@type\":\"ListItem\",\"position\":1,\"name\":\"Portada\",\"item\":\"https:\/\/www.upo.es\/catedraemprendimientosocial\/\"},{\"@type\":\"ListItem\",\"position\":2,\"name\":\"\u00a1Las sesiones de Econom\u00eda Social en el Aula est\u00e1n siendo un \u00e9xito!\"}]},{\"@type\":\"WebSite\",\"@id\":\"https:\/\/www.upo.es\/catedraemprendimientosocial\/#website\",\"url\":\"https:\/\/www.upo.es\/catedraemprendimientosocial\/\",\"name\":\"C\u00e1tedra Emprendimiento e Innovaci\u00f3n Empresarial en Econom\u00eda Social - Universidad Pablo de Olavide\",\"description\":\"\",\"publisher\":{\"@id\":\"https:\/\/www.upo.es\/catedraemprendimientosocial\/#organization\"},\"potentialAction\":[{\"@type\":\"SearchAction\",\"target\":{\"@type\":\"EntryPoint\",\"urlTemplate\":\"https:\/\/www.upo.es\/catedraemprendimientosocial\/?s={search_term_string}\"},\"query-input\":{\"@type\":\"PropertyValueSpecification\",\"valueRequired\":true,\"valueName\":\"search_term_string\"}}],\"inLanguage\":\"es\"},{\"@type\":\"Organization\",\"@id\":\"https:\/\/www.upo.es\/catedraemprendimientosocial\/#organization\",\"name\":\"C\u00e1tedra Emprendimiento e Innovaci\u00f3n Empresarial en Econom\u00eda Social - Universidad Pablo de Olavide\",\"url\":\"https:\/\/www.upo.es\/catedraemprendimientosocial\/\",\"logo\":{\"@type\":\"ImageObject\",\"inLanguage\":\"es\",\"@id\":\"https:\/\/www.upo.es\/catedraemprendimientosocial\/#\/schema\/logo\/image\/\",\"url\":\"https:\/\/www.upo.es\/catedraemprendimientosocial\/wp-content\/uploads\/2025\/03\/Logo-Catedra-Economia-Social.png\",\"contentUrl\":\"https:\/\/www.upo.es\/catedraemprendimientosocial\/wp-content\/uploads\/2025\/03\/Logo-Catedra-Economia-Social.png\",\"width\":963,\"height\":300,\"caption\":\"C\u00e1tedra Emprendimiento e Innovaci\u00f3n Empresarial en Econom\u00eda Social - Universidad Pablo de Olavide\"},\"image\":{\"@id\":\"https:\/\/www.upo.es\/catedraemprendimientosocial\/#\/schema\/logo\/image\/\"}},{\"@type\":\"Person\",\"@id\":\"https:\/\/www.upo.es\/catedraemprendimientosocial\/#\/schema\/person\/2b751d7898b6b5847a6e8235249c6ff7\",\"name\":\"catedra\",\"image\":{\"@type\":\"ImageObject\",\"inLanguage\":\"es\",\"@id\":\"https:\/\/www.upo.es\/catedraemprendimientosocial\/#\/schema\/person\/image\/\",\"url\":\"https:\/\/secure.gravatar.com\/avatar\/0007a180d8999024533f516dbe669d5072915d414fd30252932a13a8c37e769f?s=96&d=mm&r=g\",\"contentUrl\":\"https:\/\/secure.gravatar.com\/avatar\/0007a180d8999024533f516dbe669d5072915d414fd30252932a13a8c37e769f?s=96&d=mm&r=g\",\"caption\":\"catedra\"},\"url\":\"https:\/\/www.upo.es\/catedraemprendimientosocial\/author\/catedra\/\"}]}<\/script>\n<!-- \/ Yoast SEO plugin. -->","yoast_head_json":{"title":"\u00a1Las sesiones de Econom\u00eda Social en el Aula est\u00e1n siendo un \u00e9xito! - C\u00e1tedra Emprendimiento Social e Innovaci\u00f3n Empresarial en Econom\u00eda Social","robots":{"index":"index","follow":"follow","max-snippet":"max-snippet:-1","max-image-preview":"max-image-preview:large","max-video-preview":"max-video-preview:-1"},"canonical":"https:\/\/www.upo.es\/catedraemprendimientosocial\/las-sesiones-de-economia-social-en-el-aula-estan-siendo-un-exito\/","og_locale":"es_ES","og_type":"article","og_title":"\u00a1Las sesiones de Econom\u00eda Social en el Aula est\u00e1n siendo un \u00e9xito! - C\u00e1tedra Emprendimiento Social e Innovaci\u00f3n Empresarial en Econom\u00eda Social","og_description":"Enmarcadas en la l\u00ednea de Formaci\u00f3n de la C\u00e1tedra de Emprendimiento e Innovaci\u00f3n Empresarial en Econom\u00eda Social de nuestra Universidad, la C\u00e1tedra est\u00e1 llevando la Econom\u00eda Social a nuestras Aulas.","og_url":"https:\/\/www.upo.es\/catedraemprendimientosocial\/las-sesiones-de-economia-social-en-el-aula-estan-siendo-un-exito\/","og_site_name":"C\u00e1tedra Emprendimiento Social e Innovaci\u00f3n Empresarial en Econom\u00eda Social","article_published_time":"2025-03-28T11:49:14+00:00","article_modified_time":"2025-04-23T10:49:36+00:00","og_image":[{"width":2048,"height":1537,"url":"https:\/\/www.upo.es\/catedraemprendimientosocial\/wp-content\/uploads\/2025\/04\/537f1b24-d5a9-47fe-84ae-f1a80a05b306.jpeg","type":"image\/jpeg"}],"author":"catedra","twitter_card":"summary_large_image","twitter_misc":{"Escrito por":"catedra","Tiempo de lectura":"1 minuto"},"schema":{"@context":"https:\/\/schema.org","@graph":[{"@type":"Article","@id":"https:\/\/www.upo.es\/catedraemprendimientosocial\/las-sesiones-de-economia-social-en-el-aula-estan-siendo-un-exito\/#article","isPartOf":{"@id":"https:\/\/www.upo.es\/catedraemprendimientosocial\/las-sesiones-de-economia-social-en-el-aula-estan-siendo-un-exito\/"},"author":{"name":"catedra","@id":"https:\/\/www.upo.es\/catedraemprendimientosocial\/#\/schema\/person\/2b751d7898b6b5847a6e8235249c6ff7"},"headline":"\u00a1Las sesiones de Econom\u00eda Social en el Aula est\u00e1n siendo un \u00e9xito!","datePublished":"2025-03-28T11:49:14+00:00","dateModified":"2025-04-23T10:49:36+00:00","mainEntityOfPage":{"@id":"https:\/\/www.upo.es\/catedraemprendimientosocial\/las-sesiones-de-economia-social-en-el-aula-estan-siendo-un-exito\/"},"wordCount":51,"commentCount":0,"publisher":{"@id":"https:\/\/www.upo.es\/catedraemprendimientosocial\/#organization"},"image":{"@id":"https:\/\/www.upo.es\/catedraemprendimientosocial\/las-sesiones-de-economia-social-en-el-aula-estan-siendo-un-exito\/#primaryimage"},"thumbnailUrl":"https:\/\/www.upo.es\/catedraemprendimientosocial\/wp-content\/uploads\/2025\/04\/537f1b24-d5a9-47fe-84ae-f1a80a05b306.jpeg","articleSection":["Noticias"],"inLanguage":"es","potentialAction":[{"@type":"CommentAction","name":"Comment","target":["https:\/\/www.upo.es\/catedraemprendimientosocial\/las-sesiones-de-economia-social-en-el-aula-estan-siendo-un-exito\/#respond"]}]},{"@type":"WebPage","@id":"https:\/\/www.upo.es\/catedraemprendimientosocial\/las-sesiones-de-economia-social-en-el-aula-estan-siendo-un-exito\/","url":"https:\/\/www.upo.es\/catedraemprendimientosocial\/las-sesiones-de-economia-social-en-el-aula-estan-siendo-un-exito\/","name":"\u00a1Las sesiones de Econom\u00eda Social en el Aula est\u00e1n siendo un \u00e9xito! - C\u00e1tedra Emprendimiento Social e Innovaci\u00f3n Empresarial en Econom\u00eda Social","isPartOf":{"@id":"https:\/\/www.upo.es\/catedraemprendimientosocial\/#website"},"primaryImageOfPage":{"@id":"https:\/\/www.upo.es\/catedraemprendimientosocial\/las-sesiones-de-economia-social-en-el-aula-estan-siendo-un-exito\/#primaryimage"},"image":{"@id":"https:\/\/www.upo.es\/catedraemprendimientosocial\/las-sesiones-de-economia-social-en-el-aula-estan-siendo-un-exito\/#primaryimage"},"thumbnailUrl":"https:\/\/www.upo.es\/catedraemprendimientosocial\/wp-content\/uploads\/2025\/04\/537f1b24-d5a9-47fe-84ae-f1a80a05b306.jpeg","datePublished":"2025-03-28T11:49:14+00:00","dateModified":"2025-04-23T10:49:36+00:00","breadcrumb":{"@id":"https:\/\/www.upo.es\/catedraemprendimientosocial\/las-sesiones-de-economia-social-en-el-aula-estan-siendo-un-exito\/#breadcrumb"},"inLanguage":"es","potentialAction":[{"@type":"ReadAction","target":["https:\/\/www.upo.es\/catedraemprendimientosocial\/las-sesiones-de-economia-social-en-el-aula-estan-siendo-un-exito\/"]}]},{"@type":"ImageObject","inLanguage":"es","@id":"https:\/\/www.upo.es\/catedraemprendimientosocial\/las-sesiones-de-economia-social-en-el-aula-estan-siendo-un-exito\/#primaryimage","url":"https:\/\/www.upo.es\/catedraemprendimientosocial\/wp-content\/uploads\/2025\/04\/537f1b24-d5a9-47fe-84ae-f1a80a05b306.jpeg","contentUrl":"https:\/\/www.upo.es\/catedraemprendimientosocial\/wp-content\/uploads\/2025\/04\/537f1b24-d5a9-47fe-84ae-f1a80a05b306.jpeg","width":2048,"height":1537},{"@type":"BreadcrumbList","@id":"https:\/\/www.upo.es\/catedraemprendimientosocial\/las-sesiones-de-economia-social-en-el-aula-estan-siendo-un-exito\/#breadcrumb","itemListElement":[{"@type":"ListItem","position":1,"name":"Portada","item":"https:\/\/www.upo.es\/catedraemprendimientosocial\/"},{"@type":"ListItem","position":2,"name":"\u00a1Las sesiones de Econom\u00eda Social en el Aula est\u00e1n siendo un \u00e9xito!"}]},{"@type":"WebSite","@id":"https:\/\/www.upo.es\/catedraemprendimientosocial\/#website","url":"https:\/\/www.upo.es\/catedraemprendimientosocial\/","name":"C\u00e1tedra Emprendimiento e Innovaci\u00f3n Empresarial en Econom\u00eda Social - Universidad Pablo de Olavide","description":"","publisher":{"@id":"https:\/\/www.upo.es\/catedraemprendimientosocial\/#organization"},"potentialAction":[{"@type":"SearchAction","target":{"@type":"EntryPoint","urlTemplate":"https:\/\/www.upo.es\/catedraemprendimientosocial\/?s={search_term_string}"},"query-input":{"@type":"PropertyValueSpecification","valueRequired":true,"valueName":"search_term_string"}}],"inLanguage":"es"},{"@type":"Organization","@id":"https:\/\/www.upo.es\/catedraemprendimientosocial\/#organization","name":"C\u00e1tedra Emprendimiento e Innovaci\u00f3n Empresarial en Econom\u00eda Social - Universidad Pablo de Olavide","url":"https:\/\/www.upo.es\/catedraemprendimientosocial\/","logo":{"@type":"ImageObject","inLanguage":"es","@id":"https:\/\/www.upo.es\/catedraemprendimientosocial\/#\/schema\/logo\/image\/","url":"https:\/\/www.upo.es\/catedraemprendimientosocial\/wp-content\/uploads\/2025\/03\/Logo-Catedra-Economia-Social.png","contentUrl":"https:\/\/www.upo.es\/catedraemprendimientosocial\/wp-content\/uploads\/2025\/03\/Logo-Catedra-Economia-Social.png","width":963,"height":300,"caption":"C\u00e1tedra Emprendimiento e Innovaci\u00f3n Empresarial en Econom\u00eda Social - Universidad Pablo de Olavide"},"image":{"@id":"https:\/\/www.upo.es\/catedraemprendimientosocial\/#\/schema\/logo\/image\/"}},{"@type":"Person","@id":"https:\/\/www.upo.es\/catedraemprendimientosocial\/#\/schema\/person\/2b751d7898b6b5847a6e8235249c6ff7","name":"catedra","image":{"@type":"ImageObject","inLanguage":"es","@id":"https:\/\/www.upo.es\/catedraemprendimientosocial\/#\/schema\/person\/image\/","url":"https:\/\/secure.gravatar.com\/avatar\/0007a180d8999024533f516dbe669d5072915d414fd30252932a13a8c37e769f?s=96&d=mm&r=g","contentUrl":"https:\/\/secure.gravatar.com\/avatar\/0007a180d8999024533f516dbe669d5072915d414fd30252932a13a8c37e769f?s=96&d=mm&r=g","caption":"catedra"},"url":"https:\/\/www.upo.es\/catedraemprendimientosocial\/author\/catedra\/"}]}},"_links":{"self":[{"href":"https:\/\/www.upo.es\/catedraemprendimientosocial\/wp-json\/wp\/v2\/posts\/254","targetHints":{"allow":["GET"]}}],"collection":[{"href":"https:\/\/www.upo.es\/catedraemprendimientosocial\/wp-json\/wp\/v2\/posts"}],"about":[{"href":"https:\/\/www.upo.es\/catedraemprendimientosocial\/wp-json\/wp\/v2\/types\/post"}],"author":[{"embeddable":true,"href":"https:\/\/www.upo.es\/catedraemprendimientosocial\/wp-json\/wp\/v2\/users\/3"}],"replies":[{"embeddable":true,"href":"https:\/\/www.upo.es\/catedraemprendimientosocial\/wp-json\/wp\/v2\/comments?post=254"}],"version-history":[{"count":2,"href":"https:\/\/www.upo.es\/catedraemprendimientosocial\/wp-json\/wp\/v2\/posts\/254\/revisions"}],"predecessor-version":[{"id":285,"href":"https:\/\/www.upo.es\/catedraemprendimientosocial\/wp-json\/wp\/v2\/posts\/254\/revisions\/285"}],"wp:featuredmedia":[{"embeddable":true,"href":"https:\/\/www.upo.es\/catedraemprendimientosocial\/wp-json\/wp\/v2\/media\/255"}],"wp:attachment":[{"href":"https:\/\/www.upo.es\/catedraemprendimientosocial\/wp-json\/wp\/v2\/media?parent=254"}],"wp:term":[{"taxonomy":"category","embeddable":true,"href":"https:\/\/www.upo.es\/catedraemprendimientosocial\/wp-json\/wp\/v2\/categories?post=254"},{"taxonomy":"post_tag","embeddable":true,"href":"https:\/\/www.upo.es\/catedraemprendimientosocial\/wp-json\/wp\/v2\/tags?post=254"}],"curies":[{"name":"wp","href":"https:\/\/api.w.org\/{rel}","templated":true}]}}