{"id":261,"date":"2025-04-02T12:51:17","date_gmt":"2025-04-02T10:51:17","guid":{"rendered":"https:\/\/www.upo.es\/catedraemprendimientosocial\/?p=261"},"modified":"2025-09-09T11:34:50","modified_gmt":"2025-09-09T09:34:50","slug":"la-catedra-paticipa-en-el-xx-congreso-internacional-de-investigadores-de-economia-social-de-ciriec-espana","status":"publish","type":"post","link":"https:\/\/www.upo.es\/catedraemprendimientosocial\/la-catedra-paticipa-en-el-xx-congreso-internacional-de-investigadores-de-economia-social-de-ciriec-espana\/","title":{"rendered":"La C\u00e1tedra paticipa en el XX Congreso Internacional de Investigadores de Econom\u00eda Social de CIRIEC-Espa\u00f1a"},"content":{"rendered":"<p>Rafael Morales y Fran Rinc\u00f3n, miembros de la C\u00e1tedra de Emprendimiento e Innovaci\u00f3n Empresarial en Econom\u00eda Social, participan en el <strong><em>XX CONGRESO INTERNACIONAL DE INVESTIGAORES DE ECONOM\u00cdA SOCIAL DE CIRIEC-ESPA\u00d1A<\/em><\/strong><em>,<\/em> celebrado en Ja\u00e9n los d\u00edas 2, 3 y 4 de abril de 2025.<\/p>\n","protected":false},"excerpt":{"rendered":"<p>Rafael Morales y Fran Rinc\u00f3n, miembros de la C\u00e1tedra de Emprendimiento e Innovaci\u00f3n Empresarial en Econom\u00eda Social, participan en el XX CONGRESO INTERNACIONAL DE INVESTIGAORES DE ECONOM\u00cdA SOCIAL DE CIRIEC-ESPA\u00d1A, [&hellip;]<\/p>\n","protected":false},"author":3,"featured_media":262,"comment_status":"open","ping_status":"open","sticky":true,"template":"","format":"standard","meta":{"footnotes":""},"categories":[4],"tags":[],"class_list":["post-261","post","type-post","status-publish","format-standard","has-post-thumbnail","hentry","category-noticias"],"yoast_head":"<!-- This site is optimized with the Yoast SEO plugin v24.7 - https:\/\/yoast.com\/wordpress\/plugins\/seo\/ -->\n<title>La C\u00e1tedra paticipa en el XX Congreso Internacional de Investigadores de Econom\u00eda Social de CIRIEC-Espa\u00f1a - C\u00e1tedra Emprendimiento Social e Innovaci\u00f3n Empresarial en Econom\u00eda Social<\/title>\n<meta name=\"robots\" content=\"index, follow, max-snippet:-1, max-image-preview:large, max-video-preview:-1\" \/>\n<link rel=\"canonical\" href=\"https:\/\/www.upo.es\/catedraemprendimientosocial\/la-catedra-paticipa-en-el-xx-congreso-internacional-de-investigadores-de-economia-social-de-ciriec-espana\/\" \/>\n<meta property=\"og:locale\" content=\"es_ES\" \/>\n<meta property=\"og:type\" content=\"article\" \/>\n<meta property=\"og:title\" content=\"La C\u00e1tedra paticipa en el XX Congreso Internacional de Investigadores de Econom\u00eda Social de CIRIEC-Espa\u00f1a - C\u00e1tedra Emprendimiento Social e Innovaci\u00f3n Empresarial en Econom\u00eda Social\" \/>\n<meta property=\"og:description\" content=\"Rafael Morales y Fran Rinc\u00f3n, miembros de la C\u00e1tedra de Emprendimiento e Innovaci\u00f3n Empresarial en Econom\u00eda Social, participan en el XX CONGRESO INTERNACIONAL DE INVESTIGAORES DE ECONOM\u00cdA SOCIAL DE CIRIEC-ESPA\u00d1A, [&hellip;]\" \/>\n<meta property=\"og:url\" content=\"https:\/\/www.upo.es\/catedraemprendimientosocial\/la-catedra-paticipa-en-el-xx-congreso-internacional-de-investigadores-de-economia-social-de-ciriec-espana\/\" \/>\n<meta property=\"og:site_name\" content=\"C\u00e1tedra Emprendimiento Social e Innovaci\u00f3n Empresarial en Econom\u00eda Social\" \/>\n<meta property=\"article:published_time\" content=\"2025-04-02T10:51:17+00:00\" \/>\n<meta property=\"article:modified_time\" content=\"2025-09-09T09:34:50+00:00\" \/>\n<meta property=\"og:image\" content=\"https:\/\/www.upo.es\/catedraemprendimientosocial\/wp-content\/uploads\/2025\/04\/a1f2a603-c1f0-4424-ac3a-1674e14dafb4.jpeg\" \/>\n\t<meta property=\"og:image:width\" content=\"1148\" \/>\n\t<meta property=\"og:image:height\" content=\"1505\" \/>\n\t<meta property=\"og:image:type\" content=\"image\/jpeg\" \/>\n<meta name=\"author\" content=\"catedra\" \/>\n<meta name=\"twitter:card\" content=\"summary_large_image\" \/>\n<meta name=\"twitter:label1\" content=\"Escrito por\" \/>\n\t<meta name=\"twitter:data1\" content=\"catedra\" \/>\n\t<meta name=\"twitter:label2\" content=\"Tiempo de lectura\" \/>\n\t<meta name=\"twitter:data2\" content=\"1 minuto\" \/>\n<script type=\"application\/ld+json\" class=\"yoast-schema-graph\">{\"@context\":\"https:\/\/schema.org\",\"@graph\":[{\"@type\":\"Article\",\"@id\":\"https:\/\/www.upo.es\/catedraemprendimientosocial\/la-catedra-paticipa-en-el-xx-congreso-internacional-de-investigadores-de-economia-social-de-ciriec-espana\/#article\",\"isPartOf\":{\"@id\":\"https:\/\/www.upo.es\/catedraemprendimientosocial\/la-catedra-paticipa-en-el-xx-congreso-internacional-de-investigadores-de-economia-social-de-ciriec-espana\/\"},\"author\":{\"name\":\"catedra\",\"@id\":\"https:\/\/www.upo.es\/catedraemprendimientosocial\/#\/schema\/person\/2b751d7898b6b5847a6e8235249c6ff7\"},\"headline\":\"La C\u00e1tedra paticipa en el XX Congreso Internacional de Investigadores de Econom\u00eda Social de CIRIEC-Espa\u00f1a\",\"datePublished\":\"2025-04-02T10:51:17+00:00\",\"dateModified\":\"2025-09-09T09:34:50+00:00\",\"mainEntityOfPage\":{\"@id\":\"https:\/\/www.upo.es\/catedraemprendimientosocial\/la-catedra-paticipa-en-el-xx-congreso-internacional-de-investigadores-de-economia-social-de-ciriec-espana\/\"},\"wordCount\":65,\"commentCount\":0,\"publisher\":{\"@id\":\"https:\/\/www.upo.es\/catedraemprendimientosocial\/#organization\"},\"image\":{\"@id\":\"https:\/\/www.upo.es\/catedraemprendimientosocial\/la-catedra-paticipa-en-el-xx-congreso-internacional-de-investigadores-de-economia-social-de-ciriec-espana\/#primaryimage\"},\"thumbnailUrl\":\"https:\/\/www.upo.es\/catedraemprendimientosocial\/wp-content\/uploads\/2025\/04\/a1f2a603-c1f0-4424-ac3a-1674e14dafb4.jpeg\",\"articleSection\":[\"Noticias\"],\"inLanguage\":\"es\",\"potentialAction\":[{\"@type\":\"CommentAction\",\"name\":\"Comment\",\"target\":[\"https:\/\/www.upo.es\/catedraemprendimientosocial\/la-catedra-paticipa-en-el-xx-congreso-internacional-de-investigadores-de-economia-social-de-ciriec-espana\/#respond\"]}]},{\"@type\":\"WebPage\",\"@id\":\"https:\/\/www.upo.es\/catedraemprendimientosocial\/la-catedra-paticipa-en-el-xx-congreso-internacional-de-investigadores-de-economia-social-de-ciriec-espana\/\",\"url\":\"https:\/\/www.upo.es\/catedraemprendimientosocial\/la-catedra-paticipa-en-el-xx-congreso-internacional-de-investigadores-de-economia-social-de-ciriec-espana\/\",\"name\":\"La C\u00e1tedra paticipa en el XX Congreso Internacional de Investigadores de Econom\u00eda Social de CIRIEC-Espa\u00f1a - C\u00e1tedra Emprendimiento Social e Innovaci\u00f3n Empresarial en Econom\u00eda Social\",\"isPartOf\":{\"@id\":\"https:\/\/www.upo.es\/catedraemprendimientosocial\/#website\"},\"primaryImageOfPage\":{\"@id\":\"https:\/\/www.upo.es\/catedraemprendimientosocial\/la-catedra-paticipa-en-el-xx-congreso-internacional-de-investigadores-de-economia-social-de-ciriec-espana\/#primaryimage\"},\"image\":{\"@id\":\"https:\/\/www.upo.es\/catedraemprendimientosocial\/la-catedra-paticipa-en-el-xx-congreso-internacional-de-investigadores-de-economia-social-de-ciriec-espana\/#primaryimage\"},\"thumbnailUrl\":\"https:\/\/www.upo.es\/catedraemprendimientosocial\/wp-content\/uploads\/2025\/04\/a1f2a603-c1f0-4424-ac3a-1674e14dafb4.jpeg\",\"datePublished\":\"2025-04-02T10:51:17+00:00\",\"dateModified\":\"2025-09-09T09:34:50+00:00\",\"breadcrumb\":{\"@id\":\"https:\/\/www.upo.es\/catedraemprendimientosocial\/la-catedra-paticipa-en-el-xx-congreso-internacional-de-investigadores-de-economia-social-de-ciriec-espana\/#breadcrumb\"},\"inLanguage\":\"es\",\"potentialAction\":[{\"@type\":\"ReadAction\",\"target\":[\"https:\/\/www.upo.es\/catedraemprendimientosocial\/la-catedra-paticipa-en-el-xx-congreso-internacional-de-investigadores-de-economia-social-de-ciriec-espana\/\"]}]},{\"@type\":\"ImageObject\",\"inLanguage\":\"es\",\"@id\":\"https:\/\/www.upo.es\/catedraemprendimientosocial\/la-catedra-paticipa-en-el-xx-congreso-internacional-de-investigadores-de-economia-social-de-ciriec-espana\/#primaryimage\",\"url\":\"https:\/\/www.upo.es\/catedraemprendimientosocial\/wp-content\/uploads\/2025\/04\/a1f2a603-c1f0-4424-ac3a-1674e14dafb4.jpeg\",\"contentUrl\":\"https:\/\/www.upo.es\/catedraemprendimientosocial\/wp-content\/uploads\/2025\/04\/a1f2a603-c1f0-4424-ac3a-1674e14dafb4.jpeg\",\"width\":1148,\"height\":1505},{\"@type\":\"BreadcrumbList\",\"@id\":\"https:\/\/www.upo.es\/catedraemprendimientosocial\/la-catedra-paticipa-en-el-xx-congreso-internacional-de-investigadores-de-economia-social-de-ciriec-espana\/#breadcrumb\",\"itemListElement\":[{\"@type\":\"ListItem\",\"position\":1,\"name\":\"Portada\",\"item\":\"https:\/\/www.upo.es\/catedraemprendimientosocial\/\"},{\"@type\":\"ListItem\",\"position\":2,\"name\":\"La C\u00e1tedra paticipa en el XX Congreso Internacional de Investigadores de Econom\u00eda Social de CIRIEC-Espa\u00f1a\"}]},{\"@type\":\"WebSite\",\"@id\":\"https:\/\/www.upo.es\/catedraemprendimientosocial\/#website\",\"url\":\"https:\/\/www.upo.es\/catedraemprendimientosocial\/\",\"name\":\"C\u00e1tedra Emprendimiento e Innovaci\u00f3n Empresarial en Econom\u00eda Social - Universidad Pablo de Olavide\",\"description\":\"\",\"publisher\":{\"@id\":\"https:\/\/www.upo.es\/catedraemprendimientosocial\/#organization\"},\"potentialAction\":[{\"@type\":\"SearchAction\",\"target\":{\"@type\":\"EntryPoint\",\"urlTemplate\":\"https:\/\/www.upo.es\/catedraemprendimientosocial\/?s={search_term_string}\"},\"query-input\":{\"@type\":\"PropertyValueSpecification\",\"valueRequired\":true,\"valueName\":\"search_term_string\"}}],\"inLanguage\":\"es\"},{\"@type\":\"Organization\",\"@id\":\"https:\/\/www.upo.es\/catedraemprendimientosocial\/#organization\",\"name\":\"C\u00e1tedra Emprendimiento e Innovaci\u00f3n Empresarial en Econom\u00eda Social - Universidad Pablo de Olavide\",\"url\":\"https:\/\/www.upo.es\/catedraemprendimientosocial\/\",\"logo\":{\"@type\":\"ImageObject\",\"inLanguage\":\"es\",\"@id\":\"https:\/\/www.upo.es\/catedraemprendimientosocial\/#\/schema\/logo\/image\/\",\"url\":\"https:\/\/www.upo.es\/catedraemprendimientosocial\/wp-content\/uploads\/2025\/03\/Logo-Catedra-Economia-Social.png\",\"contentUrl\":\"https:\/\/www.upo.es\/catedraemprendimientosocial\/wp-content\/uploads\/2025\/03\/Logo-Catedra-Economia-Social.png\",\"width\":963,\"height\":300,\"caption\":\"C\u00e1tedra Emprendimiento e Innovaci\u00f3n Empresarial en Econom\u00eda Social - Universidad Pablo de Olavide\"},\"image\":{\"@id\":\"https:\/\/www.upo.es\/catedraemprendimientosocial\/#\/schema\/logo\/image\/\"}},{\"@type\":\"Person\",\"@id\":\"https:\/\/www.upo.es\/catedraemprendimientosocial\/#\/schema\/person\/2b751d7898b6b5847a6e8235249c6ff7\",\"name\":\"catedra\",\"image\":{\"@type\":\"ImageObject\",\"inLanguage\":\"es\",\"@id\":\"https:\/\/www.upo.es\/catedraemprendimientosocial\/#\/schema\/person\/image\/\",\"url\":\"https:\/\/secure.gravatar.com\/avatar\/0007a180d8999024533f516dbe669d5072915d414fd30252932a13a8c37e769f?s=96&d=mm&r=g\",\"contentUrl\":\"https:\/\/secure.gravatar.com\/avatar\/0007a180d8999024533f516dbe669d5072915d414fd30252932a13a8c37e769f?s=96&d=mm&r=g\",\"caption\":\"catedra\"},\"url\":\"https:\/\/www.upo.es\/catedraemprendimientosocial\/author\/catedra\/\"}]}<\/script>\n<!-- \/ Yoast SEO plugin. -->","yoast_head_json":{"title":"La C\u00e1tedra paticipa en el XX Congreso Internacional de Investigadores de Econom\u00eda Social de CIRIEC-Espa\u00f1a - C\u00e1tedra Emprendimiento Social e Innovaci\u00f3n Empresarial en Econom\u00eda Social","robots":{"index":"index","follow":"follow","max-snippet":"max-snippet:-1","max-image-preview":"max-image-preview:large","max-video-preview":"max-video-preview:-1"},"canonical":"https:\/\/www.upo.es\/catedraemprendimientosocial\/la-catedra-paticipa-en-el-xx-congreso-internacional-de-investigadores-de-economia-social-de-ciriec-espana\/","og_locale":"es_ES","og_type":"article","og_title":"La C\u00e1tedra paticipa en el XX Congreso Internacional de Investigadores de Econom\u00eda Social de CIRIEC-Espa\u00f1a - C\u00e1tedra Emprendimiento Social e Innovaci\u00f3n Empresarial en Econom\u00eda Social","og_description":"Rafael Morales y Fran Rinc\u00f3n, miembros de la C\u00e1tedra de Emprendimiento e Innovaci\u00f3n Empresarial en Econom\u00eda Social, participan en el XX CONGRESO INTERNACIONAL DE INVESTIGAORES DE ECONOM\u00cdA SOCIAL DE CIRIEC-ESPA\u00d1A, [&hellip;]","og_url":"https:\/\/www.upo.es\/catedraemprendimientosocial\/la-catedra-paticipa-en-el-xx-congreso-internacional-de-investigadores-de-economia-social-de-ciriec-espana\/","og_site_name":"C\u00e1tedra Emprendimiento Social e Innovaci\u00f3n Empresarial en Econom\u00eda Social","article_published_time":"2025-04-02T10:51:17+00:00","article_modified_time":"2025-09-09T09:34:50+00:00","og_image":[{"width":1148,"height":1505,"url":"https:\/\/www.upo.es\/catedraemprendimientosocial\/wp-content\/uploads\/2025\/04\/a1f2a603-c1f0-4424-ac3a-1674e14dafb4.jpeg","type":"image\/jpeg"}],"author":"catedra","twitter_card":"summary_large_image","twitter_misc":{"Escrito por":"catedra","Tiempo de lectura":"1 minuto"},"schema":{"@context":"https:\/\/schema.org","@graph":[{"@type":"Article","@id":"https:\/\/www.upo.es\/catedraemprendimientosocial\/la-catedra-paticipa-en-el-xx-congreso-internacional-de-investigadores-de-economia-social-de-ciriec-espana\/#article","isPartOf":{"@id":"https:\/\/www.upo.es\/catedraemprendimientosocial\/la-catedra-paticipa-en-el-xx-congreso-internacional-de-investigadores-de-economia-social-de-ciriec-espana\/"},"author":{"name":"catedra","@id":"https:\/\/www.upo.es\/catedraemprendimientosocial\/#\/schema\/person\/2b751d7898b6b5847a6e8235249c6ff7"},"headline":"La C\u00e1tedra paticipa en el XX Congreso Internacional de Investigadores de Econom\u00eda Social de CIRIEC-Espa\u00f1a","datePublished":"2025-04-02T10:51:17+00:00","dateModified":"2025-09-09T09:34:50+00:00","mainEntityOfPage":{"@id":"https:\/\/www.upo.es\/catedraemprendimientosocial\/la-catedra-paticipa-en-el-xx-congreso-internacional-de-investigadores-de-economia-social-de-ciriec-espana\/"},"wordCount":65,"commentCount":0,"publisher":{"@id":"https:\/\/www.upo.es\/catedraemprendimientosocial\/#organization"},"image":{"@id":"https:\/\/www.upo.es\/catedraemprendimientosocial\/la-catedra-paticipa-en-el-xx-congreso-internacional-de-investigadores-de-economia-social-de-ciriec-espana\/#primaryimage"},"thumbnailUrl":"https:\/\/www.upo.es\/catedraemprendimientosocial\/wp-content\/uploads\/2025\/04\/a1f2a603-c1f0-4424-ac3a-1674e14dafb4.jpeg","articleSection":["Noticias"],"inLanguage":"es","potentialAction":[{"@type":"CommentAction","name":"Comment","target":["https:\/\/www.upo.es\/catedraemprendimientosocial\/la-catedra-paticipa-en-el-xx-congreso-internacional-de-investigadores-de-economia-social-de-ciriec-espana\/#respond"]}]},{"@type":"WebPage","@id":"https:\/\/www.upo.es\/catedraemprendimientosocial\/la-catedra-paticipa-en-el-xx-congreso-internacional-de-investigadores-de-economia-social-de-ciriec-espana\/","url":"https:\/\/www.upo.es\/catedraemprendimientosocial\/la-catedra-paticipa-en-el-xx-congreso-internacional-de-investigadores-de-economia-social-de-ciriec-espana\/","name":"La C\u00e1tedra paticipa en el XX Congreso Internacional de Investigadores de Econom\u00eda Social de CIRIEC-Espa\u00f1a - C\u00e1tedra Emprendimiento Social e Innovaci\u00f3n Empresarial en Econom\u00eda Social","isPartOf":{"@id":"https:\/\/www.upo.es\/catedraemprendimientosocial\/#website"},"primaryImageOfPage":{"@id":"https:\/\/www.upo.es\/catedraemprendimientosocial\/la-catedra-paticipa-en-el-xx-congreso-internacional-de-investigadores-de-economia-social-de-ciriec-espana\/#primaryimage"},"image":{"@id":"https:\/\/www.upo.es\/catedraemprendimientosocial\/la-catedra-paticipa-en-el-xx-congreso-internacional-de-investigadores-de-economia-social-de-ciriec-espana\/#primaryimage"},"thumbnailUrl":"https:\/\/www.upo.es\/catedraemprendimientosocial\/wp-content\/uploads\/2025\/04\/a1f2a603-c1f0-4424-ac3a-1674e14dafb4.jpeg","datePublished":"2025-04-02T10:51:17+00:00","dateModified":"2025-09-09T09:34:50+00:00","breadcrumb":{"@id":"https:\/\/www.upo.es\/catedraemprendimientosocial\/la-catedra-paticipa-en-el-xx-congreso-internacional-de-investigadores-de-economia-social-de-ciriec-espana\/#breadcrumb"},"inLanguage":"es","potentialAction":[{"@type":"ReadAction","target":["https:\/\/www.upo.es\/catedraemprendimientosocial\/la-catedra-paticipa-en-el-xx-congreso-internacional-de-investigadores-de-economia-social-de-ciriec-espana\/"]}]},{"@type":"ImageObject","inLanguage":"es","@id":"https:\/\/www.upo.es\/catedraemprendimientosocial\/la-catedra-paticipa-en-el-xx-congreso-internacional-de-investigadores-de-economia-social-de-ciriec-espana\/#primaryimage","url":"https:\/\/www.upo.es\/catedraemprendimientosocial\/wp-content\/uploads\/2025\/04\/a1f2a603-c1f0-4424-ac3a-1674e14dafb4.jpeg","contentUrl":"https:\/\/www.upo.es\/catedraemprendimientosocial\/wp-content\/uploads\/2025\/04\/a1f2a603-c1f0-4424-ac3a-1674e14dafb4.jpeg","width":1148,"height":1505},{"@type":"BreadcrumbList","@id":"https:\/\/www.upo.es\/catedraemprendimientosocial\/la-catedra-paticipa-en-el-xx-congreso-internacional-de-investigadores-de-economia-social-de-ciriec-espana\/#breadcrumb","itemListElement":[{"@type":"ListItem","position":1,"name":"Portada","item":"https:\/\/www.upo.es\/catedraemprendimientosocial\/"},{"@type":"ListItem","position":2,"name":"La C\u00e1tedra paticipa en el XX Congreso Internacional de Investigadores de Econom\u00eda Social de CIRIEC-Espa\u00f1a"}]},{"@type":"WebSite","@id":"https:\/\/www.upo.es\/catedraemprendimientosocial\/#website","url":"https:\/\/www.upo.es\/catedraemprendimientosocial\/","name":"C\u00e1tedra Emprendimiento e Innovaci\u00f3n Empresarial en Econom\u00eda Social - Universidad Pablo de Olavide","description":"","publisher":{"@id":"https:\/\/www.upo.es\/catedraemprendimientosocial\/#organization"},"potentialAction":[{"@type":"SearchAction","target":{"@type":"EntryPoint","urlTemplate":"https:\/\/www.upo.es\/catedraemprendimientosocial\/?s={search_term_string}"},"query-input":{"@type":"PropertyValueSpecification","valueRequired":true,"valueName":"search_term_string"}}],"inLanguage":"es"},{"@type":"Organization","@id":"https:\/\/www.upo.es\/catedraemprendimientosocial\/#organization","name":"C\u00e1tedra Emprendimiento e Innovaci\u00f3n Empresarial en Econom\u00eda Social - Universidad Pablo de Olavide","url":"https:\/\/www.upo.es\/catedraemprendimientosocial\/","logo":{"@type":"ImageObject","inLanguage":"es","@id":"https:\/\/www.upo.es\/catedraemprendimientosocial\/#\/schema\/logo\/image\/","url":"https:\/\/www.upo.es\/catedraemprendimientosocial\/wp-content\/uploads\/2025\/03\/Logo-Catedra-Economia-Social.png","contentUrl":"https:\/\/www.upo.es\/catedraemprendimientosocial\/wp-content\/uploads\/2025\/03\/Logo-Catedra-Economia-Social.png","width":963,"height":300,"caption":"C\u00e1tedra Emprendimiento e Innovaci\u00f3n Empresarial en Econom\u00eda Social - Universidad Pablo de Olavide"},"image":{"@id":"https:\/\/www.upo.es\/catedraemprendimientosocial\/#\/schema\/logo\/image\/"}},{"@type":"Person","@id":"https:\/\/www.upo.es\/catedraemprendimientosocial\/#\/schema\/person\/2b751d7898b6b5847a6e8235249c6ff7","name":"catedra","image":{"@type":"ImageObject","inLanguage":"es","@id":"https:\/\/www.upo.es\/catedraemprendimientosocial\/#\/schema\/person\/image\/","url":"https:\/\/secure.gravatar.com\/avatar\/0007a180d8999024533f516dbe669d5072915d414fd30252932a13a8c37e769f?s=96&d=mm&r=g","contentUrl":"https:\/\/secure.gravatar.com\/avatar\/0007a180d8999024533f516dbe669d5072915d414fd30252932a13a8c37e769f?s=96&d=mm&r=g","caption":"catedra"},"url":"https:\/\/www.upo.es\/catedraemprendimientosocial\/author\/catedra\/"}]}},"_links":{"self":[{"href":"https:\/\/www.upo.es\/catedraemprendimientosocial\/wp-json\/wp\/v2\/posts\/261","targetHints":{"allow":["GET"]}}],"collection":[{"href":"https:\/\/www.upo.es\/catedraemprendimientosocial\/wp-json\/wp\/v2\/posts"}],"about":[{"href":"https:\/\/www.upo.es\/catedraemprendimientosocial\/wp-json\/wp\/v2\/types\/post"}],"author":[{"embeddable":true,"href":"https:\/\/www.upo.es\/catedraemprendimientosocial\/wp-json\/wp\/v2\/users\/3"}],"replies":[{"embeddable":true,"href":"https:\/\/www.upo.es\/catedraemprendimientosocial\/wp-json\/wp\/v2\/comments?post=261"}],"version-history":[{"count":1,"href":"https:\/\/www.upo.es\/catedraemprendimientosocial\/wp-json\/wp\/v2\/posts\/261\/revisions"}],"predecessor-version":[{"id":263,"href":"https:\/\/www.upo.es\/catedraemprendimientosocial\/wp-json\/wp\/v2\/posts\/261\/revisions\/263"}],"wp:featuredmedia":[{"embeddable":true,"href":"https:\/\/www.upo.es\/catedraemprendimientosocial\/wp-json\/wp\/v2\/media\/262"}],"wp:attachment":[{"href":"https:\/\/www.upo.es\/catedraemprendimientosocial\/wp-json\/wp\/v2\/media?parent=261"}],"wp:term":[{"taxonomy":"category","embeddable":true,"href":"https:\/\/www.upo.es\/catedraemprendimientosocial\/wp-json\/wp\/v2\/categories?post=261"},{"taxonomy":"post_tag","embeddable":true,"href":"https:\/\/www.upo.es\/catedraemprendimientosocial\/wp-json\/wp\/v2\/tags?post=261"}],"curies":[{"name":"wp","href":"https:\/\/api.w.org\/{rel}","templated":true}]}}