{"id":268,"date":"2025-03-30T10:00:32","date_gmt":"2025-03-30T08:00:32","guid":{"rendered":"https:\/\/www.upo.es\/catedraemprendimientosocial\/?p=268"},"modified":"2025-09-09T10:52:56","modified_gmt":"2025-09-09T08:52:56","slug":"curso-emprender-en-economia-social-2","status":"publish","type":"post","link":"https:\/\/www.upo.es\/catedraemprendimientosocial\/curso-emprender-en-economia-social-2\/","title":{"rendered":"Curso: EMPRENDER EN ECONOM\u00cdA SOCIAL"},"content":{"rendered":"<h4>Ya est\u00e1 abierta la Inscripci\u00f3n para el Curso: <strong>EMPRENDER EN ECONOM\u00cdA SOCIAL.<\/strong><\/h4>\n<p>\u00a1INSCR\u00cdBETE!<\/p>\n<p>Link: <a href=\"https:\/\/www.upo.es\/formacionpermanente\/microcredenciales\/emprender-en-economia-social\/\">https:\/\/www.upo.es\/formacionpermanente\/microcredenciales\/emprender-en-economia-social\/\u00a0<\/a><\/p>\n","protected":false},"excerpt":{"rendered":"<p>Ya est\u00e1 abierta la Inscripci\u00f3n para el Curso: EMPRENDER EN ECONOM\u00cdA SOCIAL. \u00a1INSCR\u00cdBETE! Link: https:\/\/www.upo.es\/formacionpermanente\/microcredenciales\/emprender-en-economia-social\/\u00a0<\/p>\n","protected":false},"author":3,"featured_media":269,"comment_status":"open","ping_status":"open","sticky":true,"template":"","format":"standard","meta":{"footnotes":""},"categories":[4],"tags":[],"class_list":["post-268","post","type-post","status-publish","format-standard","has-post-thumbnail","hentry","category-noticias"],"yoast_head":"<!-- This site is optimized with the Yoast SEO plugin v24.7 - https:\/\/yoast.com\/wordpress\/plugins\/seo\/ -->\n<title>Curso: EMPRENDER EN ECONOM\u00cdA SOCIAL - C\u00e1tedra Emprendimiento Social e Innovaci\u00f3n Empresarial en Econom\u00eda Social<\/title>\n<meta name=\"robots\" content=\"index, follow, max-snippet:-1, max-image-preview:large, max-video-preview:-1\" \/>\n<link rel=\"canonical\" href=\"https:\/\/www.upo.es\/catedraemprendimientosocial\/curso-emprender-en-economia-social-2\/\" \/>\n<meta property=\"og:locale\" content=\"es_ES\" \/>\n<meta property=\"og:type\" content=\"article\" \/>\n<meta property=\"og:title\" content=\"Curso: EMPRENDER EN ECONOM\u00cdA SOCIAL - C\u00e1tedra Emprendimiento Social e Innovaci\u00f3n Empresarial en Econom\u00eda Social\" \/>\n<meta property=\"og:description\" content=\"Ya est\u00e1 abierta la Inscripci\u00f3n para el Curso: EMPRENDER EN ECONOM\u00cdA SOCIAL. \u00a1INSCR\u00cdBETE! Link: https:\/\/www.upo.es\/formacionpermanente\/microcredenciales\/emprender-en-economia-social\/\u00a0\" \/>\n<meta property=\"og:url\" content=\"https:\/\/www.upo.es\/catedraemprendimientosocial\/curso-emprender-en-economia-social-2\/\" \/>\n<meta property=\"og:site_name\" content=\"C\u00e1tedra Emprendimiento Social e Innovaci\u00f3n Empresarial en Econom\u00eda Social\" \/>\n<meta property=\"article:published_time\" content=\"2025-03-30T08:00:32+00:00\" \/>\n<meta property=\"article:modified_time\" content=\"2025-09-09T08:52:56+00:00\" \/>\n<meta property=\"og:image\" content=\"https:\/\/www.upo.es\/catedraemprendimientosocial\/wp-content\/uploads\/2025\/09\/Emprender-en-Economia-Social_2.png\" \/>\n\t<meta property=\"og:image:width\" content=\"472\" \/>\n\t<meta property=\"og:image:height\" content=\"733\" \/>\n\t<meta property=\"og:image:type\" content=\"image\/png\" \/>\n<meta name=\"author\" content=\"catedra\" \/>\n<meta name=\"twitter:card\" content=\"summary_large_image\" \/>\n<meta name=\"twitter:label1\" content=\"Escrito por\" \/>\n\t<meta name=\"twitter:data1\" content=\"catedra\" \/>\n\t<meta name=\"twitter:label2\" content=\"Tiempo de lectura\" \/>\n\t<meta name=\"twitter:data2\" content=\"1 minuto\" \/>\n<script type=\"application\/ld+json\" class=\"yoast-schema-graph\">{\"@context\":\"https:\/\/schema.org\",\"@graph\":[{\"@type\":\"Article\",\"@id\":\"https:\/\/www.upo.es\/catedraemprendimientosocial\/curso-emprender-en-economia-social-2\/#article\",\"isPartOf\":{\"@id\":\"https:\/\/www.upo.es\/catedraemprendimientosocial\/curso-emprender-en-economia-social-2\/\"},\"author\":{\"name\":\"catedra\",\"@id\":\"https:\/\/www.upo.es\/catedraemprendimientosocial\/#\/schema\/person\/2b751d7898b6b5847a6e8235249c6ff7\"},\"headline\":\"Curso: EMPRENDER EN ECONOM\u00cdA SOCIAL\",\"datePublished\":\"2025-03-30T08:00:32+00:00\",\"dateModified\":\"2025-09-09T08:52:56+00:00\",\"mainEntityOfPage\":{\"@id\":\"https:\/\/www.upo.es\/catedraemprendimientosocial\/curso-emprender-en-economia-social-2\/\"},\"wordCount\":30,\"commentCount\":0,\"publisher\":{\"@id\":\"https:\/\/www.upo.es\/catedraemprendimientosocial\/#organization\"},\"image\":{\"@id\":\"https:\/\/www.upo.es\/catedraemprendimientosocial\/curso-emprender-en-economia-social-2\/#primaryimage\"},\"thumbnailUrl\":\"https:\/\/www.upo.es\/catedraemprendimientosocial\/wp-content\/uploads\/2025\/09\/Emprender-en-Economia-Social_2.png\",\"articleSection\":[\"Noticias\"],\"inLanguage\":\"es\",\"potentialAction\":[{\"@type\":\"CommentAction\",\"name\":\"Comment\",\"target\":[\"https:\/\/www.upo.es\/catedraemprendimientosocial\/curso-emprender-en-economia-social-2\/#respond\"]}]},{\"@type\":\"WebPage\",\"@id\":\"https:\/\/www.upo.es\/catedraemprendimientosocial\/curso-emprender-en-economia-social-2\/\",\"url\":\"https:\/\/www.upo.es\/catedraemprendimientosocial\/curso-emprender-en-economia-social-2\/\",\"name\":\"Curso: EMPRENDER EN ECONOM\u00cdA SOCIAL - C\u00e1tedra Emprendimiento Social e Innovaci\u00f3n Empresarial en Econom\u00eda Social\",\"isPartOf\":{\"@id\":\"https:\/\/www.upo.es\/catedraemprendimientosocial\/#website\"},\"primaryImageOfPage\":{\"@id\":\"https:\/\/www.upo.es\/catedraemprendimientosocial\/curso-emprender-en-economia-social-2\/#primaryimage\"},\"image\":{\"@id\":\"https:\/\/www.upo.es\/catedraemprendimientosocial\/curso-emprender-en-economia-social-2\/#primaryimage\"},\"thumbnailUrl\":\"https:\/\/www.upo.es\/catedraemprendimientosocial\/wp-content\/uploads\/2025\/09\/Emprender-en-Economia-Social_2.png\",\"datePublished\":\"2025-03-30T08:00:32+00:00\",\"dateModified\":\"2025-09-09T08:52:56+00:00\",\"breadcrumb\":{\"@id\":\"https:\/\/www.upo.es\/catedraemprendimientosocial\/curso-emprender-en-economia-social-2\/#breadcrumb\"},\"inLanguage\":\"es\",\"potentialAction\":[{\"@type\":\"ReadAction\",\"target\":[\"https:\/\/www.upo.es\/catedraemprendimientosocial\/curso-emprender-en-economia-social-2\/\"]}]},{\"@type\":\"ImageObject\",\"inLanguage\":\"es\",\"@id\":\"https:\/\/www.upo.es\/catedraemprendimientosocial\/curso-emprender-en-economia-social-2\/#primaryimage\",\"url\":\"https:\/\/www.upo.es\/catedraemprendimientosocial\/wp-content\/uploads\/2025\/09\/Emprender-en-Economia-Social_2.png\",\"contentUrl\":\"https:\/\/www.upo.es\/catedraemprendimientosocial\/wp-content\/uploads\/2025\/09\/Emprender-en-Economia-Social_2.png\",\"width\":472,\"height\":733},{\"@type\":\"BreadcrumbList\",\"@id\":\"https:\/\/www.upo.es\/catedraemprendimientosocial\/curso-emprender-en-economia-social-2\/#breadcrumb\",\"itemListElement\":[{\"@type\":\"ListItem\",\"position\":1,\"name\":\"Portada\",\"item\":\"https:\/\/www.upo.es\/catedraemprendimientosocial\/\"},{\"@type\":\"ListItem\",\"position\":2,\"name\":\"Curso: EMPRENDER EN ECONOM\u00cdA SOCIAL\"}]},{\"@type\":\"WebSite\",\"@id\":\"https:\/\/www.upo.es\/catedraemprendimientosocial\/#website\",\"url\":\"https:\/\/www.upo.es\/catedraemprendimientosocial\/\",\"name\":\"C\u00e1tedra Emprendimiento e Innovaci\u00f3n Empresarial en Econom\u00eda Social - Universidad Pablo de Olavide\",\"description\":\"\",\"publisher\":{\"@id\":\"https:\/\/www.upo.es\/catedraemprendimientosocial\/#organization\"},\"potentialAction\":[{\"@type\":\"SearchAction\",\"target\":{\"@type\":\"EntryPoint\",\"urlTemplate\":\"https:\/\/www.upo.es\/catedraemprendimientosocial\/?s={search_term_string}\"},\"query-input\":{\"@type\":\"PropertyValueSpecification\",\"valueRequired\":true,\"valueName\":\"search_term_string\"}}],\"inLanguage\":\"es\"},{\"@type\":\"Organization\",\"@id\":\"https:\/\/www.upo.es\/catedraemprendimientosocial\/#organization\",\"name\":\"C\u00e1tedra Emprendimiento e Innovaci\u00f3n Empresarial en Econom\u00eda Social - Universidad Pablo de Olavide\",\"url\":\"https:\/\/www.upo.es\/catedraemprendimientosocial\/\",\"logo\":{\"@type\":\"ImageObject\",\"inLanguage\":\"es\",\"@id\":\"https:\/\/www.upo.es\/catedraemprendimientosocial\/#\/schema\/logo\/image\/\",\"url\":\"https:\/\/www.upo.es\/catedraemprendimientosocial\/wp-content\/uploads\/2025\/03\/Logo-Catedra-Economia-Social.png\",\"contentUrl\":\"https:\/\/www.upo.es\/catedraemprendimientosocial\/wp-content\/uploads\/2025\/03\/Logo-Catedra-Economia-Social.png\",\"width\":963,\"height\":300,\"caption\":\"C\u00e1tedra Emprendimiento e Innovaci\u00f3n Empresarial en Econom\u00eda Social - Universidad Pablo de Olavide\"},\"image\":{\"@id\":\"https:\/\/www.upo.es\/catedraemprendimientosocial\/#\/schema\/logo\/image\/\"}},{\"@type\":\"Person\",\"@id\":\"https:\/\/www.upo.es\/catedraemprendimientosocial\/#\/schema\/person\/2b751d7898b6b5847a6e8235249c6ff7\",\"name\":\"catedra\",\"image\":{\"@type\":\"ImageObject\",\"inLanguage\":\"es\",\"@id\":\"https:\/\/www.upo.es\/catedraemprendimientosocial\/#\/schema\/person\/image\/\",\"url\":\"https:\/\/secure.gravatar.com\/avatar\/0007a180d8999024533f516dbe669d5072915d414fd30252932a13a8c37e769f?s=96&d=mm&r=g\",\"contentUrl\":\"https:\/\/secure.gravatar.com\/avatar\/0007a180d8999024533f516dbe669d5072915d414fd30252932a13a8c37e769f?s=96&d=mm&r=g\",\"caption\":\"catedra\"},\"url\":\"https:\/\/www.upo.es\/catedraemprendimientosocial\/author\/catedra\/\"}]}<\/script>\n<!-- \/ Yoast SEO plugin. -->","yoast_head_json":{"title":"Curso: EMPRENDER EN ECONOM\u00cdA SOCIAL - C\u00e1tedra Emprendimiento Social e Innovaci\u00f3n Empresarial en Econom\u00eda Social","robots":{"index":"index","follow":"follow","max-snippet":"max-snippet:-1","max-image-preview":"max-image-preview:large","max-video-preview":"max-video-preview:-1"},"canonical":"https:\/\/www.upo.es\/catedraemprendimientosocial\/curso-emprender-en-economia-social-2\/","og_locale":"es_ES","og_type":"article","og_title":"Curso: EMPRENDER EN ECONOM\u00cdA SOCIAL - C\u00e1tedra Emprendimiento Social e Innovaci\u00f3n Empresarial en Econom\u00eda Social","og_description":"Ya est\u00e1 abierta la Inscripci\u00f3n para el Curso: EMPRENDER EN ECONOM\u00cdA SOCIAL. \u00a1INSCR\u00cdBETE! Link: https:\/\/www.upo.es\/formacionpermanente\/microcredenciales\/emprender-en-economia-social\/\u00a0","og_url":"https:\/\/www.upo.es\/catedraemprendimientosocial\/curso-emprender-en-economia-social-2\/","og_site_name":"C\u00e1tedra Emprendimiento Social e Innovaci\u00f3n Empresarial en Econom\u00eda Social","article_published_time":"2025-03-30T08:00:32+00:00","article_modified_time":"2025-09-09T08:52:56+00:00","og_image":[{"width":472,"height":733,"url":"https:\/\/www.upo.es\/catedraemprendimientosocial\/wp-content\/uploads\/2025\/09\/Emprender-en-Economia-Social_2.png","type":"image\/png"}],"author":"catedra","twitter_card":"summary_large_image","twitter_misc":{"Escrito por":"catedra","Tiempo de lectura":"1 minuto"},"schema":{"@context":"https:\/\/schema.org","@graph":[{"@type":"Article","@id":"https:\/\/www.upo.es\/catedraemprendimientosocial\/curso-emprender-en-economia-social-2\/#article","isPartOf":{"@id":"https:\/\/www.upo.es\/catedraemprendimientosocial\/curso-emprender-en-economia-social-2\/"},"author":{"name":"catedra","@id":"https:\/\/www.upo.es\/catedraemprendimientosocial\/#\/schema\/person\/2b751d7898b6b5847a6e8235249c6ff7"},"headline":"Curso: EMPRENDER EN ECONOM\u00cdA SOCIAL","datePublished":"2025-03-30T08:00:32+00:00","dateModified":"2025-09-09T08:52:56+00:00","mainEntityOfPage":{"@id":"https:\/\/www.upo.es\/catedraemprendimientosocial\/curso-emprender-en-economia-social-2\/"},"wordCount":30,"commentCount":0,"publisher":{"@id":"https:\/\/www.upo.es\/catedraemprendimientosocial\/#organization"},"image":{"@id":"https:\/\/www.upo.es\/catedraemprendimientosocial\/curso-emprender-en-economia-social-2\/#primaryimage"},"thumbnailUrl":"https:\/\/www.upo.es\/catedraemprendimientosocial\/wp-content\/uploads\/2025\/09\/Emprender-en-Economia-Social_2.png","articleSection":["Noticias"],"inLanguage":"es","potentialAction":[{"@type":"CommentAction","name":"Comment","target":["https:\/\/www.upo.es\/catedraemprendimientosocial\/curso-emprender-en-economia-social-2\/#respond"]}]},{"@type":"WebPage","@id":"https:\/\/www.upo.es\/catedraemprendimientosocial\/curso-emprender-en-economia-social-2\/","url":"https:\/\/www.upo.es\/catedraemprendimientosocial\/curso-emprender-en-economia-social-2\/","name":"Curso: EMPRENDER EN ECONOM\u00cdA SOCIAL - C\u00e1tedra Emprendimiento Social e Innovaci\u00f3n Empresarial en Econom\u00eda Social","isPartOf":{"@id":"https:\/\/www.upo.es\/catedraemprendimientosocial\/#website"},"primaryImageOfPage":{"@id":"https:\/\/www.upo.es\/catedraemprendimientosocial\/curso-emprender-en-economia-social-2\/#primaryimage"},"image":{"@id":"https:\/\/www.upo.es\/catedraemprendimientosocial\/curso-emprender-en-economia-social-2\/#primaryimage"},"thumbnailUrl":"https:\/\/www.upo.es\/catedraemprendimientosocial\/wp-content\/uploads\/2025\/09\/Emprender-en-Economia-Social_2.png","datePublished":"2025-03-30T08:00:32+00:00","dateModified":"2025-09-09T08:52:56+00:00","breadcrumb":{"@id":"https:\/\/www.upo.es\/catedraemprendimientosocial\/curso-emprender-en-economia-social-2\/#breadcrumb"},"inLanguage":"es","potentialAction":[{"@type":"ReadAction","target":["https:\/\/www.upo.es\/catedraemprendimientosocial\/curso-emprender-en-economia-social-2\/"]}]},{"@type":"ImageObject","inLanguage":"es","@id":"https:\/\/www.upo.es\/catedraemprendimientosocial\/curso-emprender-en-economia-social-2\/#primaryimage","url":"https:\/\/www.upo.es\/catedraemprendimientosocial\/wp-content\/uploads\/2025\/09\/Emprender-en-Economia-Social_2.png","contentUrl":"https:\/\/www.upo.es\/catedraemprendimientosocial\/wp-content\/uploads\/2025\/09\/Emprender-en-Economia-Social_2.png","width":472,"height":733},{"@type":"BreadcrumbList","@id":"https:\/\/www.upo.es\/catedraemprendimientosocial\/curso-emprender-en-economia-social-2\/#breadcrumb","itemListElement":[{"@type":"ListItem","position":1,"name":"Portada","item":"https:\/\/www.upo.es\/catedraemprendimientosocial\/"},{"@type":"ListItem","position":2,"name":"Curso: EMPRENDER EN ECONOM\u00cdA SOCIAL"}]},{"@type":"WebSite","@id":"https:\/\/www.upo.es\/catedraemprendimientosocial\/#website","url":"https:\/\/www.upo.es\/catedraemprendimientosocial\/","name":"C\u00e1tedra Emprendimiento e Innovaci\u00f3n Empresarial en Econom\u00eda Social - Universidad Pablo de Olavide","description":"","publisher":{"@id":"https:\/\/www.upo.es\/catedraemprendimientosocial\/#organization"},"potentialAction":[{"@type":"SearchAction","target":{"@type":"EntryPoint","urlTemplate":"https:\/\/www.upo.es\/catedraemprendimientosocial\/?s={search_term_string}"},"query-input":{"@type":"PropertyValueSpecification","valueRequired":true,"valueName":"search_term_string"}}],"inLanguage":"es"},{"@type":"Organization","@id":"https:\/\/www.upo.es\/catedraemprendimientosocial\/#organization","name":"C\u00e1tedra Emprendimiento e Innovaci\u00f3n Empresarial en Econom\u00eda Social - Universidad Pablo de Olavide","url":"https:\/\/www.upo.es\/catedraemprendimientosocial\/","logo":{"@type":"ImageObject","inLanguage":"es","@id":"https:\/\/www.upo.es\/catedraemprendimientosocial\/#\/schema\/logo\/image\/","url":"https:\/\/www.upo.es\/catedraemprendimientosocial\/wp-content\/uploads\/2025\/03\/Logo-Catedra-Economia-Social.png","contentUrl":"https:\/\/www.upo.es\/catedraemprendimientosocial\/wp-content\/uploads\/2025\/03\/Logo-Catedra-Economia-Social.png","width":963,"height":300,"caption":"C\u00e1tedra Emprendimiento e Innovaci\u00f3n Empresarial en Econom\u00eda Social - Universidad Pablo de Olavide"},"image":{"@id":"https:\/\/www.upo.es\/catedraemprendimientosocial\/#\/schema\/logo\/image\/"}},{"@type":"Person","@id":"https:\/\/www.upo.es\/catedraemprendimientosocial\/#\/schema\/person\/2b751d7898b6b5847a6e8235249c6ff7","name":"catedra","image":{"@type":"ImageObject","inLanguage":"es","@id":"https:\/\/www.upo.es\/catedraemprendimientosocial\/#\/schema\/person\/image\/","url":"https:\/\/secure.gravatar.com\/avatar\/0007a180d8999024533f516dbe669d5072915d414fd30252932a13a8c37e769f?s=96&d=mm&r=g","contentUrl":"https:\/\/secure.gravatar.com\/avatar\/0007a180d8999024533f516dbe669d5072915d414fd30252932a13a8c37e769f?s=96&d=mm&r=g","caption":"catedra"},"url":"https:\/\/www.upo.es\/catedraemprendimientosocial\/author\/catedra\/"}]}},"_links":{"self":[{"href":"https:\/\/www.upo.es\/catedraemprendimientosocial\/wp-json\/wp\/v2\/posts\/268","targetHints":{"allow":["GET"]}}],"collection":[{"href":"https:\/\/www.upo.es\/catedraemprendimientosocial\/wp-json\/wp\/v2\/posts"}],"about":[{"href":"https:\/\/www.upo.es\/catedraemprendimientosocial\/wp-json\/wp\/v2\/types\/post"}],"author":[{"embeddable":true,"href":"https:\/\/www.upo.es\/catedraemprendimientosocial\/wp-json\/wp\/v2\/users\/3"}],"replies":[{"embeddable":true,"href":"https:\/\/www.upo.es\/catedraemprendimientosocial\/wp-json\/wp\/v2\/comments?post=268"}],"version-history":[{"count":3,"href":"https:\/\/www.upo.es\/catedraemprendimientosocial\/wp-json\/wp\/v2\/posts\/268\/revisions"}],"predecessor-version":[{"id":310,"href":"https:\/\/www.upo.es\/catedraemprendimientosocial\/wp-json\/wp\/v2\/posts\/268\/revisions\/310"}],"wp:featuredmedia":[{"embeddable":true,"href":"https:\/\/www.upo.es\/catedraemprendimientosocial\/wp-json\/wp\/v2\/media\/269"}],"wp:attachment":[{"href":"https:\/\/www.upo.es\/catedraemprendimientosocial\/wp-json\/wp\/v2\/media?parent=268"}],"wp:term":[{"taxonomy":"category","embeddable":true,"href":"https:\/\/www.upo.es\/catedraemprendimientosocial\/wp-json\/wp\/v2\/categories?post=268"},{"taxonomy":"post_tag","embeddable":true,"href":"https:\/\/www.upo.es\/catedraemprendimientosocial\/wp-json\/wp\/v2\/tags?post=268"}],"curies":[{"name":"wp","href":"https:\/\/api.w.org\/{rel}","templated":true}]}}