{"id":334,"date":"2025-09-18T07:45:04","date_gmt":"2025-09-18T05:45:04","guid":{"rendered":"https:\/\/www.upo.es\/catedraemprendimientosocial\/?p=334"},"modified":"2025-09-18T07:45:04","modified_gmt":"2025-09-18T05:45:04","slug":"reunion-de-colaboracion-con-aces-andalucia","status":"publish","type":"post","link":"https:\/\/www.upo.es\/catedraemprendimientosocial\/reunion-de-colaboracion-con-aces-andalucia\/","title":{"rendered":"Reuni\u00f3n de Colaboraci\u00f3n con ACES Andaluc\u00eda"},"content":{"rendered":"<p>La <strong>C\u00e1tedra de Emprendimiento e Innovaci\u00f3n Empresarial en Econom\u00eda Social<\/strong> ha mantenido una reuni\u00f3n para establecer colaboraciones con la <strong>Asociaci\u00f3n Andaluza de Centros de Ense\u00f1anza de la Econom\u00eda Social ACES<\/strong>.<\/p>\n","protected":false},"excerpt":{"rendered":"<p>La C\u00e1tedra de Emprendimiento e Innovaci\u00f3n Empresarial en Econom\u00eda Social ha mantenido una reuni\u00f3n para establecer colaboraciones con la Asociaci\u00f3n Andaluza de Centros de Ense\u00f1anza de la Econom\u00eda Social ACES.<\/p>\n","protected":false},"author":3,"featured_media":335,"comment_status":"open","ping_status":"open","sticky":true,"template":"","format":"standard","meta":{"footnotes":""},"categories":[4],"tags":[],"class_list":["post-334","post","type-post","status-publish","format-standard","has-post-thumbnail","hentry","category-noticias"],"yoast_head":"<!-- This site is optimized with the Yoast SEO plugin v24.7 - https:\/\/yoast.com\/wordpress\/plugins\/seo\/ -->\n<title>Reuni\u00f3n de Colaboraci\u00f3n con ACES Andaluc\u00eda - C\u00e1tedra Emprendimiento Social e Innovaci\u00f3n Empresarial en Econom\u00eda Social<\/title>\n<meta name=\"robots\" content=\"index, follow, max-snippet:-1, max-image-preview:large, max-video-preview:-1\" \/>\n<link rel=\"canonical\" href=\"https:\/\/www.upo.es\/catedraemprendimientosocial\/reunion-de-colaboracion-con-aces-andalucia\/\" \/>\n<meta property=\"og:locale\" content=\"es_ES\" \/>\n<meta property=\"og:type\" content=\"article\" \/>\n<meta property=\"og:title\" content=\"Reuni\u00f3n de Colaboraci\u00f3n con ACES Andaluc\u00eda - C\u00e1tedra Emprendimiento Social e Innovaci\u00f3n Empresarial en Econom\u00eda Social\" \/>\n<meta property=\"og:description\" content=\"La C\u00e1tedra de Emprendimiento e Innovaci\u00f3n Empresarial en Econom\u00eda Social ha mantenido una reuni\u00f3n para establecer colaboraciones con la Asociaci\u00f3n Andaluza de Centros de Ense\u00f1anza de la Econom\u00eda Social ACES.\" \/>\n<meta property=\"og:url\" content=\"https:\/\/www.upo.es\/catedraemprendimientosocial\/reunion-de-colaboracion-con-aces-andalucia\/\" \/>\n<meta property=\"og:site_name\" content=\"C\u00e1tedra Emprendimiento Social e Innovaci\u00f3n Empresarial en Econom\u00eda Social\" \/>\n<meta property=\"article:published_time\" content=\"2025-09-18T05:45:04+00:00\" \/>\n<meta property=\"og:image\" content=\"https:\/\/www.upo.es\/catedraemprendimientosocial\/wp-content\/uploads\/2025\/09\/IMG_3238-scaled.jpeg\" \/>\n\t<meta property=\"og:image:width\" content=\"1920\" \/>\n\t<meta property=\"og:image:height\" content=\"2560\" \/>\n\t<meta property=\"og:image:type\" content=\"image\/jpeg\" \/>\n<meta name=\"author\" content=\"catedra\" \/>\n<meta name=\"twitter:card\" content=\"summary_large_image\" \/>\n<meta name=\"twitter:label1\" content=\"Escrito por\" \/>\n\t<meta name=\"twitter:data1\" content=\"catedra\" \/>\n\t<meta name=\"twitter:label2\" content=\"Tiempo de lectura\" \/>\n\t<meta name=\"twitter:data2\" content=\"1 minuto\" \/>\n<script type=\"application\/ld+json\" class=\"yoast-schema-graph\">{\"@context\":\"https:\/\/schema.org\",\"@graph\":[{\"@type\":\"Article\",\"@id\":\"https:\/\/www.upo.es\/catedraemprendimientosocial\/reunion-de-colaboracion-con-aces-andalucia\/#article\",\"isPartOf\":{\"@id\":\"https:\/\/www.upo.es\/catedraemprendimientosocial\/reunion-de-colaboracion-con-aces-andalucia\/\"},\"author\":{\"name\":\"catedra\",\"@id\":\"https:\/\/www.upo.es\/catedraemprendimientosocial\/#\/schema\/person\/2b751d7898b6b5847a6e8235249c6ff7\"},\"headline\":\"Reuni\u00f3n de Colaboraci\u00f3n con ACES Andaluc\u00eda\",\"datePublished\":\"2025-09-18T05:45:04+00:00\",\"mainEntityOfPage\":{\"@id\":\"https:\/\/www.upo.es\/catedraemprendimientosocial\/reunion-de-colaboracion-con-aces-andalucia\/\"},\"wordCount\":46,\"commentCount\":0,\"publisher\":{\"@id\":\"https:\/\/www.upo.es\/catedraemprendimientosocial\/#organization\"},\"image\":{\"@id\":\"https:\/\/www.upo.es\/catedraemprendimientosocial\/reunion-de-colaboracion-con-aces-andalucia\/#primaryimage\"},\"thumbnailUrl\":\"https:\/\/www.upo.es\/catedraemprendimientosocial\/wp-content\/uploads\/2025\/09\/IMG_3238-scaled.jpeg\",\"articleSection\":[\"Noticias\"],\"inLanguage\":\"es\",\"potentialAction\":[{\"@type\":\"CommentAction\",\"name\":\"Comment\",\"target\":[\"https:\/\/www.upo.es\/catedraemprendimientosocial\/reunion-de-colaboracion-con-aces-andalucia\/#respond\"]}]},{\"@type\":\"WebPage\",\"@id\":\"https:\/\/www.upo.es\/catedraemprendimientosocial\/reunion-de-colaboracion-con-aces-andalucia\/\",\"url\":\"https:\/\/www.upo.es\/catedraemprendimientosocial\/reunion-de-colaboracion-con-aces-andalucia\/\",\"name\":\"Reuni\u00f3n de Colaboraci\u00f3n con ACES Andaluc\u00eda - C\u00e1tedra Emprendimiento Social e Innovaci\u00f3n Empresarial en Econom\u00eda Social\",\"isPartOf\":{\"@id\":\"https:\/\/www.upo.es\/catedraemprendimientosocial\/#website\"},\"primaryImageOfPage\":{\"@id\":\"https:\/\/www.upo.es\/catedraemprendimientosocial\/reunion-de-colaboracion-con-aces-andalucia\/#primaryimage\"},\"image\":{\"@id\":\"https:\/\/www.upo.es\/catedraemprendimientosocial\/reunion-de-colaboracion-con-aces-andalucia\/#primaryimage\"},\"thumbnailUrl\":\"https:\/\/www.upo.es\/catedraemprendimientosocial\/wp-content\/uploads\/2025\/09\/IMG_3238-scaled.jpeg\",\"datePublished\":\"2025-09-18T05:45:04+00:00\",\"breadcrumb\":{\"@id\":\"https:\/\/www.upo.es\/catedraemprendimientosocial\/reunion-de-colaboracion-con-aces-andalucia\/#breadcrumb\"},\"inLanguage\":\"es\",\"potentialAction\":[{\"@type\":\"ReadAction\",\"target\":[\"https:\/\/www.upo.es\/catedraemprendimientosocial\/reunion-de-colaboracion-con-aces-andalucia\/\"]}]},{\"@type\":\"ImageObject\",\"inLanguage\":\"es\",\"@id\":\"https:\/\/www.upo.es\/catedraemprendimientosocial\/reunion-de-colaboracion-con-aces-andalucia\/#primaryimage\",\"url\":\"https:\/\/www.upo.es\/catedraemprendimientosocial\/wp-content\/uploads\/2025\/09\/IMG_3238-scaled.jpeg\",\"contentUrl\":\"https:\/\/www.upo.es\/catedraemprendimientosocial\/wp-content\/uploads\/2025\/09\/IMG_3238-scaled.jpeg\",\"width\":1920,\"height\":2560},{\"@type\":\"BreadcrumbList\",\"@id\":\"https:\/\/www.upo.es\/catedraemprendimientosocial\/reunion-de-colaboracion-con-aces-andalucia\/#breadcrumb\",\"itemListElement\":[{\"@type\":\"ListItem\",\"position\":1,\"name\":\"Portada\",\"item\":\"https:\/\/www.upo.es\/catedraemprendimientosocial\/\"},{\"@type\":\"ListItem\",\"position\":2,\"name\":\"Reuni\u00f3n de Colaboraci\u00f3n con ACES Andaluc\u00eda\"}]},{\"@type\":\"WebSite\",\"@id\":\"https:\/\/www.upo.es\/catedraemprendimientosocial\/#website\",\"url\":\"https:\/\/www.upo.es\/catedraemprendimientosocial\/\",\"name\":\"C\u00e1tedra Emprendimiento e Innovaci\u00f3n Empresarial en Econom\u00eda Social - Universidad Pablo de Olavide\",\"description\":\"\",\"publisher\":{\"@id\":\"https:\/\/www.upo.es\/catedraemprendimientosocial\/#organization\"},\"potentialAction\":[{\"@type\":\"SearchAction\",\"target\":{\"@type\":\"EntryPoint\",\"urlTemplate\":\"https:\/\/www.upo.es\/catedraemprendimientosocial\/?s={search_term_string}\"},\"query-input\":{\"@type\":\"PropertyValueSpecification\",\"valueRequired\":true,\"valueName\":\"search_term_string\"}}],\"inLanguage\":\"es\"},{\"@type\":\"Organization\",\"@id\":\"https:\/\/www.upo.es\/catedraemprendimientosocial\/#organization\",\"name\":\"C\u00e1tedra Emprendimiento e Innovaci\u00f3n Empresarial en Econom\u00eda Social - Universidad Pablo de Olavide\",\"url\":\"https:\/\/www.upo.es\/catedraemprendimientosocial\/\",\"logo\":{\"@type\":\"ImageObject\",\"inLanguage\":\"es\",\"@id\":\"https:\/\/www.upo.es\/catedraemprendimientosocial\/#\/schema\/logo\/image\/\",\"url\":\"https:\/\/www.upo.es\/catedraemprendimientosocial\/wp-content\/uploads\/2025\/03\/Logo-Catedra-Economia-Social.png\",\"contentUrl\":\"https:\/\/www.upo.es\/catedraemprendimientosocial\/wp-content\/uploads\/2025\/03\/Logo-Catedra-Economia-Social.png\",\"width\":963,\"height\":300,\"caption\":\"C\u00e1tedra Emprendimiento e Innovaci\u00f3n Empresarial en Econom\u00eda Social - Universidad Pablo de Olavide\"},\"image\":{\"@id\":\"https:\/\/www.upo.es\/catedraemprendimientosocial\/#\/schema\/logo\/image\/\"}},{\"@type\":\"Person\",\"@id\":\"https:\/\/www.upo.es\/catedraemprendimientosocial\/#\/schema\/person\/2b751d7898b6b5847a6e8235249c6ff7\",\"name\":\"catedra\",\"image\":{\"@type\":\"ImageObject\",\"inLanguage\":\"es\",\"@id\":\"https:\/\/www.upo.es\/catedraemprendimientosocial\/#\/schema\/person\/image\/\",\"url\":\"https:\/\/secure.gravatar.com\/avatar\/0007a180d8999024533f516dbe669d5072915d414fd30252932a13a8c37e769f?s=96&d=mm&r=g\",\"contentUrl\":\"https:\/\/secure.gravatar.com\/avatar\/0007a180d8999024533f516dbe669d5072915d414fd30252932a13a8c37e769f?s=96&d=mm&r=g\",\"caption\":\"catedra\"},\"url\":\"https:\/\/www.upo.es\/catedraemprendimientosocial\/author\/catedra\/\"}]}<\/script>\n<!-- \/ Yoast SEO plugin. -->","yoast_head_json":{"title":"Reuni\u00f3n de Colaboraci\u00f3n con ACES Andaluc\u00eda - C\u00e1tedra Emprendimiento Social e Innovaci\u00f3n Empresarial en Econom\u00eda Social","robots":{"index":"index","follow":"follow","max-snippet":"max-snippet:-1","max-image-preview":"max-image-preview:large","max-video-preview":"max-video-preview:-1"},"canonical":"https:\/\/www.upo.es\/catedraemprendimientosocial\/reunion-de-colaboracion-con-aces-andalucia\/","og_locale":"es_ES","og_type":"article","og_title":"Reuni\u00f3n de Colaboraci\u00f3n con ACES Andaluc\u00eda - C\u00e1tedra Emprendimiento Social e Innovaci\u00f3n Empresarial en Econom\u00eda Social","og_description":"La C\u00e1tedra de Emprendimiento e Innovaci\u00f3n Empresarial en Econom\u00eda Social ha mantenido una reuni\u00f3n para establecer colaboraciones con la Asociaci\u00f3n Andaluza de Centros de Ense\u00f1anza de la Econom\u00eda Social ACES.","og_url":"https:\/\/www.upo.es\/catedraemprendimientosocial\/reunion-de-colaboracion-con-aces-andalucia\/","og_site_name":"C\u00e1tedra Emprendimiento Social e Innovaci\u00f3n Empresarial en Econom\u00eda Social","article_published_time":"2025-09-18T05:45:04+00:00","og_image":[{"width":1920,"height":2560,"url":"https:\/\/www.upo.es\/catedraemprendimientosocial\/wp-content\/uploads\/2025\/09\/IMG_3238-scaled.jpeg","type":"image\/jpeg"}],"author":"catedra","twitter_card":"summary_large_image","twitter_misc":{"Escrito por":"catedra","Tiempo de lectura":"1 minuto"},"schema":{"@context":"https:\/\/schema.org","@graph":[{"@type":"Article","@id":"https:\/\/www.upo.es\/catedraemprendimientosocial\/reunion-de-colaboracion-con-aces-andalucia\/#article","isPartOf":{"@id":"https:\/\/www.upo.es\/catedraemprendimientosocial\/reunion-de-colaboracion-con-aces-andalucia\/"},"author":{"name":"catedra","@id":"https:\/\/www.upo.es\/catedraemprendimientosocial\/#\/schema\/person\/2b751d7898b6b5847a6e8235249c6ff7"},"headline":"Reuni\u00f3n de Colaboraci\u00f3n con ACES Andaluc\u00eda","datePublished":"2025-09-18T05:45:04+00:00","mainEntityOfPage":{"@id":"https:\/\/www.upo.es\/catedraemprendimientosocial\/reunion-de-colaboracion-con-aces-andalucia\/"},"wordCount":46,"commentCount":0,"publisher":{"@id":"https:\/\/www.upo.es\/catedraemprendimientosocial\/#organization"},"image":{"@id":"https:\/\/www.upo.es\/catedraemprendimientosocial\/reunion-de-colaboracion-con-aces-andalucia\/#primaryimage"},"thumbnailUrl":"https:\/\/www.upo.es\/catedraemprendimientosocial\/wp-content\/uploads\/2025\/09\/IMG_3238-scaled.jpeg","articleSection":["Noticias"],"inLanguage":"es","potentialAction":[{"@type":"CommentAction","name":"Comment","target":["https:\/\/www.upo.es\/catedraemprendimientosocial\/reunion-de-colaboracion-con-aces-andalucia\/#respond"]}]},{"@type":"WebPage","@id":"https:\/\/www.upo.es\/catedraemprendimientosocial\/reunion-de-colaboracion-con-aces-andalucia\/","url":"https:\/\/www.upo.es\/catedraemprendimientosocial\/reunion-de-colaboracion-con-aces-andalucia\/","name":"Reuni\u00f3n de Colaboraci\u00f3n con ACES Andaluc\u00eda - C\u00e1tedra Emprendimiento Social e Innovaci\u00f3n Empresarial en Econom\u00eda Social","isPartOf":{"@id":"https:\/\/www.upo.es\/catedraemprendimientosocial\/#website"},"primaryImageOfPage":{"@id":"https:\/\/www.upo.es\/catedraemprendimientosocial\/reunion-de-colaboracion-con-aces-andalucia\/#primaryimage"},"image":{"@id":"https:\/\/www.upo.es\/catedraemprendimientosocial\/reunion-de-colaboracion-con-aces-andalucia\/#primaryimage"},"thumbnailUrl":"https:\/\/www.upo.es\/catedraemprendimientosocial\/wp-content\/uploads\/2025\/09\/IMG_3238-scaled.jpeg","datePublished":"2025-09-18T05:45:04+00:00","breadcrumb":{"@id":"https:\/\/www.upo.es\/catedraemprendimientosocial\/reunion-de-colaboracion-con-aces-andalucia\/#breadcrumb"},"inLanguage":"es","potentialAction":[{"@type":"ReadAction","target":["https:\/\/www.upo.es\/catedraemprendimientosocial\/reunion-de-colaboracion-con-aces-andalucia\/"]}]},{"@type":"ImageObject","inLanguage":"es","@id":"https:\/\/www.upo.es\/catedraemprendimientosocial\/reunion-de-colaboracion-con-aces-andalucia\/#primaryimage","url":"https:\/\/www.upo.es\/catedraemprendimientosocial\/wp-content\/uploads\/2025\/09\/IMG_3238-scaled.jpeg","contentUrl":"https:\/\/www.upo.es\/catedraemprendimientosocial\/wp-content\/uploads\/2025\/09\/IMG_3238-scaled.jpeg","width":1920,"height":2560},{"@type":"BreadcrumbList","@id":"https:\/\/www.upo.es\/catedraemprendimientosocial\/reunion-de-colaboracion-con-aces-andalucia\/#breadcrumb","itemListElement":[{"@type":"ListItem","position":1,"name":"Portada","item":"https:\/\/www.upo.es\/catedraemprendimientosocial\/"},{"@type":"ListItem","position":2,"name":"Reuni\u00f3n de Colaboraci\u00f3n con ACES Andaluc\u00eda"}]},{"@type":"WebSite","@id":"https:\/\/www.upo.es\/catedraemprendimientosocial\/#website","url":"https:\/\/www.upo.es\/catedraemprendimientosocial\/","name":"C\u00e1tedra Emprendimiento e Innovaci\u00f3n Empresarial en Econom\u00eda Social - Universidad Pablo de Olavide","description":"","publisher":{"@id":"https:\/\/www.upo.es\/catedraemprendimientosocial\/#organization"},"potentialAction":[{"@type":"SearchAction","target":{"@type":"EntryPoint","urlTemplate":"https:\/\/www.upo.es\/catedraemprendimientosocial\/?s={search_term_string}"},"query-input":{"@type":"PropertyValueSpecification","valueRequired":true,"valueName":"search_term_string"}}],"inLanguage":"es"},{"@type":"Organization","@id":"https:\/\/www.upo.es\/catedraemprendimientosocial\/#organization","name":"C\u00e1tedra Emprendimiento e Innovaci\u00f3n Empresarial en Econom\u00eda Social - Universidad Pablo de Olavide","url":"https:\/\/www.upo.es\/catedraemprendimientosocial\/","logo":{"@type":"ImageObject","inLanguage":"es","@id":"https:\/\/www.upo.es\/catedraemprendimientosocial\/#\/schema\/logo\/image\/","url":"https:\/\/www.upo.es\/catedraemprendimientosocial\/wp-content\/uploads\/2025\/03\/Logo-Catedra-Economia-Social.png","contentUrl":"https:\/\/www.upo.es\/catedraemprendimientosocial\/wp-content\/uploads\/2025\/03\/Logo-Catedra-Economia-Social.png","width":963,"height":300,"caption":"C\u00e1tedra Emprendimiento e Innovaci\u00f3n Empresarial en Econom\u00eda Social - Universidad Pablo de Olavide"},"image":{"@id":"https:\/\/www.upo.es\/catedraemprendimientosocial\/#\/schema\/logo\/image\/"}},{"@type":"Person","@id":"https:\/\/www.upo.es\/catedraemprendimientosocial\/#\/schema\/person\/2b751d7898b6b5847a6e8235249c6ff7","name":"catedra","image":{"@type":"ImageObject","inLanguage":"es","@id":"https:\/\/www.upo.es\/catedraemprendimientosocial\/#\/schema\/person\/image\/","url":"https:\/\/secure.gravatar.com\/avatar\/0007a180d8999024533f516dbe669d5072915d414fd30252932a13a8c37e769f?s=96&d=mm&r=g","contentUrl":"https:\/\/secure.gravatar.com\/avatar\/0007a180d8999024533f516dbe669d5072915d414fd30252932a13a8c37e769f?s=96&d=mm&r=g","caption":"catedra"},"url":"https:\/\/www.upo.es\/catedraemprendimientosocial\/author\/catedra\/"}]}},"_links":{"self":[{"href":"https:\/\/www.upo.es\/catedraemprendimientosocial\/wp-json\/wp\/v2\/posts\/334","targetHints":{"allow":["GET"]}}],"collection":[{"href":"https:\/\/www.upo.es\/catedraemprendimientosocial\/wp-json\/wp\/v2\/posts"}],"about":[{"href":"https:\/\/www.upo.es\/catedraemprendimientosocial\/wp-json\/wp\/v2\/types\/post"}],"author":[{"embeddable":true,"href":"https:\/\/www.upo.es\/catedraemprendimientosocial\/wp-json\/wp\/v2\/users\/3"}],"replies":[{"embeddable":true,"href":"https:\/\/www.upo.es\/catedraemprendimientosocial\/wp-json\/wp\/v2\/comments?post=334"}],"version-history":[{"count":1,"href":"https:\/\/www.upo.es\/catedraemprendimientosocial\/wp-json\/wp\/v2\/posts\/334\/revisions"}],"predecessor-version":[{"id":336,"href":"https:\/\/www.upo.es\/catedraemprendimientosocial\/wp-json\/wp\/v2\/posts\/334\/revisions\/336"}],"wp:featuredmedia":[{"embeddable":true,"href":"https:\/\/www.upo.es\/catedraemprendimientosocial\/wp-json\/wp\/v2\/media\/335"}],"wp:attachment":[{"href":"https:\/\/www.upo.es\/catedraemprendimientosocial\/wp-json\/wp\/v2\/media?parent=334"}],"wp:term":[{"taxonomy":"category","embeddable":true,"href":"https:\/\/www.upo.es\/catedraemprendimientosocial\/wp-json\/wp\/v2\/categories?post=334"},{"taxonomy":"post_tag","embeddable":true,"href":"https:\/\/www.upo.es\/catedraemprendimientosocial\/wp-json\/wp\/v2\/tags?post=334"}],"curies":[{"name":"wp","href":"https:\/\/api.w.org\/{rel}","templated":true}]}}