{"id":360,"date":"2025-11-10T12:13:35","date_gmt":"2025-11-10T11:13:35","guid":{"rendered":"https:\/\/www.upo.es\/catedraemprendimientosocial\/?p=360"},"modified":"2025-11-10T12:14:36","modified_gmt":"2025-11-10T11:14:36","slug":"concluyen-la-jornada-universitaria-de-economia-social-upo-2025","status":"publish","type":"post","link":"https:\/\/www.upo.es\/catedraemprendimientosocial\/concluyen-la-jornada-universitaria-de-economia-social-upo-2025\/","title":{"rendered":"Concluye la Jornada Universitaria de Econom\u00eda Social UPO &#8211; 2025"},"content":{"rendered":"<p>Concluye con \u00e9xito la <strong>Jornada Universitaria de Econom\u00eda Social UPO &#8211; 2025.<\/strong><\/p>\n<p>Celebrada los d\u00edas 4 y 6 de noviembre de 2025, ha contado con importantes <em><strong>ponentes<\/strong> <\/em>como:<\/p>\n<ul>\n<li><strong>Antonio Agust\u00edn V\u00e1zquez<\/strong>, Delegado Territorial de Empleo, Empresa y Trabajo Aut\u00f3nomo en Sevilla de la Junta de Andaluc\u00eda.<\/li>\n<li><strong>Abel Catela<\/strong>, Director General de El Roble Sociedad Cooperativa Andaluza.<\/li>\n<li><strong>Santiago Garc\u00eda Montagut<\/strong>, responsable de Recursos Humanos y de Jur\u00eddico de Cooperativas Agro-alimentarias de Andaluc\u00eda.<\/li>\n<li><strong>Julio Segovia<\/strong>, Socio-Fundador de Nexo, Sociedad Cooperativa Andaluza.<\/li>\n<li><strong>Lilian de Martino Andr\u00e9s,<\/strong>\u00a0Socia fundadora y secretaria del Consejo Rector de Rumbos Servicios Educativos Especializados.<\/li>\n<li><strong>Estrella Abolafio Moreno<\/strong>, Vicedecana de pr\u00e1cticas y empleabilidad de la Facultad de Ciencias Sociales de la Universidad Pablo de Olavide<\/li>\n<li><strong>Almudena D\u00edaz Requena<\/strong>, Directora de Proyectos ACES Andaluc\u00eda (Asociaci\u00f3n Andaluza de Centros de Ense\u00f1anza de la Econom\u00eda Social)<\/li>\n<li><strong>Mar\u00eda Perea Mediavilla<\/strong>, Representante de Torreblanca Ilumina.<\/li>\n<\/ul>\n<p>&nbsp;<\/p>\n","protected":false},"excerpt":{"rendered":"<p>Concluye con \u00e9xito la Jornada Universitaria de Econom\u00eda Social UPO &#8211; 2025. Celebrada los d\u00edas 4 y 6 de noviembre de 2025, ha contado con importantes ponentes como: Antonio Agust\u00edn [&hellip;]<\/p>\n","protected":false},"author":3,"featured_media":361,"comment_status":"open","ping_status":"open","sticky":true,"template":"","format":"standard","meta":{"footnotes":""},"categories":[4],"tags":[],"class_list":["post-360","post","type-post","status-publish","format-standard","has-post-thumbnail","hentry","category-noticias"],"yoast_head":"<!-- This site is optimized with the Yoast SEO plugin v24.7 - https:\/\/yoast.com\/wordpress\/plugins\/seo\/ -->\n<title>Concluye la Jornada Universitaria de Econom\u00eda Social UPO - 2025 - C\u00e1tedra Emprendimiento Social e Innovaci\u00f3n Empresarial en Econom\u00eda Social<\/title>\n<meta name=\"robots\" content=\"index, follow, max-snippet:-1, max-image-preview:large, max-video-preview:-1\" \/>\n<link rel=\"canonical\" href=\"https:\/\/www.upo.es\/catedraemprendimientosocial\/concluyen-la-jornada-universitaria-de-economia-social-upo-2025\/\" \/>\n<meta property=\"og:locale\" content=\"es_ES\" \/>\n<meta property=\"og:type\" content=\"article\" \/>\n<meta property=\"og:title\" content=\"Concluye la Jornada Universitaria de Econom\u00eda Social UPO - 2025 - C\u00e1tedra Emprendimiento Social e Innovaci\u00f3n Empresarial en Econom\u00eda Social\" \/>\n<meta property=\"og:description\" content=\"Concluye con \u00e9xito la Jornada Universitaria de Econom\u00eda Social UPO &#8211; 2025. Celebrada los d\u00edas 4 y 6 de noviembre de 2025, ha contado con importantes ponentes como: Antonio Agust\u00edn [&hellip;]\" \/>\n<meta property=\"og:url\" content=\"https:\/\/www.upo.es\/catedraemprendimientosocial\/concluyen-la-jornada-universitaria-de-economia-social-upo-2025\/\" \/>\n<meta property=\"og:site_name\" content=\"C\u00e1tedra Emprendimiento Social e Innovaci\u00f3n Empresarial en Econom\u00eda Social\" \/>\n<meta property=\"article:published_time\" content=\"2025-11-10T11:13:35+00:00\" \/>\n<meta property=\"article:modified_time\" content=\"2025-11-10T11:14:36+00:00\" \/>\n<meta property=\"og:image\" content=\"https:\/\/www.upo.es\/catedraemprendimientosocial\/wp-content\/uploads\/2025\/11\/Jornadas-II.png\" \/>\n\t<meta property=\"og:image:width\" content=\"1249\" \/>\n\t<meta property=\"og:image:height\" content=\"703\" \/>\n\t<meta property=\"og:image:type\" content=\"image\/png\" \/>\n<meta name=\"author\" content=\"catedra\" \/>\n<meta name=\"twitter:card\" content=\"summary_large_image\" \/>\n<meta name=\"twitter:label1\" content=\"Escrito por\" \/>\n\t<meta name=\"twitter:data1\" content=\"catedra\" \/>\n\t<meta name=\"twitter:label2\" content=\"Tiempo de lectura\" \/>\n\t<meta name=\"twitter:data2\" content=\"1 minuto\" \/>\n<script type=\"application\/ld+json\" class=\"yoast-schema-graph\">{\"@context\":\"https:\/\/schema.org\",\"@graph\":[{\"@type\":\"Article\",\"@id\":\"https:\/\/www.upo.es\/catedraemprendimientosocial\/concluyen-la-jornada-universitaria-de-economia-social-upo-2025\/#article\",\"isPartOf\":{\"@id\":\"https:\/\/www.upo.es\/catedraemprendimientosocial\/concluyen-la-jornada-universitaria-de-economia-social-upo-2025\/\"},\"author\":{\"name\":\"catedra\",\"@id\":\"https:\/\/www.upo.es\/catedraemprendimientosocial\/#\/schema\/person\/2b751d7898b6b5847a6e8235249c6ff7\"},\"headline\":\"Concluye la Jornada Universitaria de Econom\u00eda Social UPO &#8211; 2025\",\"datePublished\":\"2025-11-10T11:13:35+00:00\",\"dateModified\":\"2025-11-10T11:14:36+00:00\",\"mainEntityOfPage\":{\"@id\":\"https:\/\/www.upo.es\/catedraemprendimientosocial\/concluyen-la-jornada-universitaria-de-economia-social-upo-2025\/\"},\"wordCount\":164,\"commentCount\":0,\"publisher\":{\"@id\":\"https:\/\/www.upo.es\/catedraemprendimientosocial\/#organization\"},\"image\":{\"@id\":\"https:\/\/www.upo.es\/catedraemprendimientosocial\/concluyen-la-jornada-universitaria-de-economia-social-upo-2025\/#primaryimage\"},\"thumbnailUrl\":\"https:\/\/www.upo.es\/catedraemprendimientosocial\/wp-content\/uploads\/2025\/11\/Jornadas-II.png\",\"articleSection\":[\"Noticias\"],\"inLanguage\":\"es\",\"potentialAction\":[{\"@type\":\"CommentAction\",\"name\":\"Comment\",\"target\":[\"https:\/\/www.upo.es\/catedraemprendimientosocial\/concluyen-la-jornada-universitaria-de-economia-social-upo-2025\/#respond\"]}]},{\"@type\":\"WebPage\",\"@id\":\"https:\/\/www.upo.es\/catedraemprendimientosocial\/concluyen-la-jornada-universitaria-de-economia-social-upo-2025\/\",\"url\":\"https:\/\/www.upo.es\/catedraemprendimientosocial\/concluyen-la-jornada-universitaria-de-economia-social-upo-2025\/\",\"name\":\"Concluye la Jornada Universitaria de Econom\u00eda Social UPO - 2025 - C\u00e1tedra Emprendimiento Social e Innovaci\u00f3n Empresarial en Econom\u00eda Social\",\"isPartOf\":{\"@id\":\"https:\/\/www.upo.es\/catedraemprendimientosocial\/#website\"},\"primaryImageOfPage\":{\"@id\":\"https:\/\/www.upo.es\/catedraemprendimientosocial\/concluyen-la-jornada-universitaria-de-economia-social-upo-2025\/#primaryimage\"},\"image\":{\"@id\":\"https:\/\/www.upo.es\/catedraemprendimientosocial\/concluyen-la-jornada-universitaria-de-economia-social-upo-2025\/#primaryimage\"},\"thumbnailUrl\":\"https:\/\/www.upo.es\/catedraemprendimientosocial\/wp-content\/uploads\/2025\/11\/Jornadas-II.png\",\"datePublished\":\"2025-11-10T11:13:35+00:00\",\"dateModified\":\"2025-11-10T11:14:36+00:00\",\"breadcrumb\":{\"@id\":\"https:\/\/www.upo.es\/catedraemprendimientosocial\/concluyen-la-jornada-universitaria-de-economia-social-upo-2025\/#breadcrumb\"},\"inLanguage\":\"es\",\"potentialAction\":[{\"@type\":\"ReadAction\",\"target\":[\"https:\/\/www.upo.es\/catedraemprendimientosocial\/concluyen-la-jornada-universitaria-de-economia-social-upo-2025\/\"]}]},{\"@type\":\"ImageObject\",\"inLanguage\":\"es\",\"@id\":\"https:\/\/www.upo.es\/catedraemprendimientosocial\/concluyen-la-jornada-universitaria-de-economia-social-upo-2025\/#primaryimage\",\"url\":\"https:\/\/www.upo.es\/catedraemprendimientosocial\/wp-content\/uploads\/2025\/11\/Jornadas-II.png\",\"contentUrl\":\"https:\/\/www.upo.es\/catedraemprendimientosocial\/wp-content\/uploads\/2025\/11\/Jornadas-II.png\",\"width\":1249,\"height\":703},{\"@type\":\"BreadcrumbList\",\"@id\":\"https:\/\/www.upo.es\/catedraemprendimientosocial\/concluyen-la-jornada-universitaria-de-economia-social-upo-2025\/#breadcrumb\",\"itemListElement\":[{\"@type\":\"ListItem\",\"position\":1,\"name\":\"Portada\",\"item\":\"https:\/\/www.upo.es\/catedraemprendimientosocial\/\"},{\"@type\":\"ListItem\",\"position\":2,\"name\":\"Concluye la Jornada Universitaria de Econom\u00eda Social UPO &#8211; 2025\"}]},{\"@type\":\"WebSite\",\"@id\":\"https:\/\/www.upo.es\/catedraemprendimientosocial\/#website\",\"url\":\"https:\/\/www.upo.es\/catedraemprendimientosocial\/\",\"name\":\"C\u00e1tedra Emprendimiento e Innovaci\u00f3n Empresarial en Econom\u00eda Social - Universidad Pablo de Olavide\",\"description\":\"\",\"publisher\":{\"@id\":\"https:\/\/www.upo.es\/catedraemprendimientosocial\/#organization\"},\"potentialAction\":[{\"@type\":\"SearchAction\",\"target\":{\"@type\":\"EntryPoint\",\"urlTemplate\":\"https:\/\/www.upo.es\/catedraemprendimientosocial\/?s={search_term_string}\"},\"query-input\":{\"@type\":\"PropertyValueSpecification\",\"valueRequired\":true,\"valueName\":\"search_term_string\"}}],\"inLanguage\":\"es\"},{\"@type\":\"Organization\",\"@id\":\"https:\/\/www.upo.es\/catedraemprendimientosocial\/#organization\",\"name\":\"C\u00e1tedra Emprendimiento e Innovaci\u00f3n Empresarial en Econom\u00eda Social - Universidad Pablo de Olavide\",\"url\":\"https:\/\/www.upo.es\/catedraemprendimientosocial\/\",\"logo\":{\"@type\":\"ImageObject\",\"inLanguage\":\"es\",\"@id\":\"https:\/\/www.upo.es\/catedraemprendimientosocial\/#\/schema\/logo\/image\/\",\"url\":\"https:\/\/www.upo.es\/catedraemprendimientosocial\/wp-content\/uploads\/2025\/03\/Logo-Catedra-Economia-Social.png\",\"contentUrl\":\"https:\/\/www.upo.es\/catedraemprendimientosocial\/wp-content\/uploads\/2025\/03\/Logo-Catedra-Economia-Social.png\",\"width\":963,\"height\":300,\"caption\":\"C\u00e1tedra Emprendimiento e Innovaci\u00f3n Empresarial en Econom\u00eda Social - Universidad Pablo de Olavide\"},\"image\":{\"@id\":\"https:\/\/www.upo.es\/catedraemprendimientosocial\/#\/schema\/logo\/image\/\"}},{\"@type\":\"Person\",\"@id\":\"https:\/\/www.upo.es\/catedraemprendimientosocial\/#\/schema\/person\/2b751d7898b6b5847a6e8235249c6ff7\",\"name\":\"catedra\",\"image\":{\"@type\":\"ImageObject\",\"inLanguage\":\"es\",\"@id\":\"https:\/\/www.upo.es\/catedraemprendimientosocial\/#\/schema\/person\/image\/\",\"url\":\"https:\/\/secure.gravatar.com\/avatar\/0007a180d8999024533f516dbe669d5072915d414fd30252932a13a8c37e769f?s=96&d=mm&r=g\",\"contentUrl\":\"https:\/\/secure.gravatar.com\/avatar\/0007a180d8999024533f516dbe669d5072915d414fd30252932a13a8c37e769f?s=96&d=mm&r=g\",\"caption\":\"catedra\"},\"url\":\"https:\/\/www.upo.es\/catedraemprendimientosocial\/author\/catedra\/\"}]}<\/script>\n<!-- \/ Yoast SEO plugin. -->","yoast_head_json":{"title":"Concluye la Jornada Universitaria de Econom\u00eda Social UPO - 2025 - C\u00e1tedra Emprendimiento Social e Innovaci\u00f3n Empresarial en Econom\u00eda Social","robots":{"index":"index","follow":"follow","max-snippet":"max-snippet:-1","max-image-preview":"max-image-preview:large","max-video-preview":"max-video-preview:-1"},"canonical":"https:\/\/www.upo.es\/catedraemprendimientosocial\/concluyen-la-jornada-universitaria-de-economia-social-upo-2025\/","og_locale":"es_ES","og_type":"article","og_title":"Concluye la Jornada Universitaria de Econom\u00eda Social UPO - 2025 - C\u00e1tedra Emprendimiento Social e Innovaci\u00f3n Empresarial en Econom\u00eda Social","og_description":"Concluye con \u00e9xito la Jornada Universitaria de Econom\u00eda Social UPO &#8211; 2025. Celebrada los d\u00edas 4 y 6 de noviembre de 2025, ha contado con importantes ponentes como: Antonio Agust\u00edn [&hellip;]","og_url":"https:\/\/www.upo.es\/catedraemprendimientosocial\/concluyen-la-jornada-universitaria-de-economia-social-upo-2025\/","og_site_name":"C\u00e1tedra Emprendimiento Social e Innovaci\u00f3n Empresarial en Econom\u00eda Social","article_published_time":"2025-11-10T11:13:35+00:00","article_modified_time":"2025-11-10T11:14:36+00:00","og_image":[{"width":1249,"height":703,"url":"https:\/\/www.upo.es\/catedraemprendimientosocial\/wp-content\/uploads\/2025\/11\/Jornadas-II.png","type":"image\/png"}],"author":"catedra","twitter_card":"summary_large_image","twitter_misc":{"Escrito por":"catedra","Tiempo de lectura":"1 minuto"},"schema":{"@context":"https:\/\/schema.org","@graph":[{"@type":"Article","@id":"https:\/\/www.upo.es\/catedraemprendimientosocial\/concluyen-la-jornada-universitaria-de-economia-social-upo-2025\/#article","isPartOf":{"@id":"https:\/\/www.upo.es\/catedraemprendimientosocial\/concluyen-la-jornada-universitaria-de-economia-social-upo-2025\/"},"author":{"name":"catedra","@id":"https:\/\/www.upo.es\/catedraemprendimientosocial\/#\/schema\/person\/2b751d7898b6b5847a6e8235249c6ff7"},"headline":"Concluye la Jornada Universitaria de Econom\u00eda Social UPO &#8211; 2025","datePublished":"2025-11-10T11:13:35+00:00","dateModified":"2025-11-10T11:14:36+00:00","mainEntityOfPage":{"@id":"https:\/\/www.upo.es\/catedraemprendimientosocial\/concluyen-la-jornada-universitaria-de-economia-social-upo-2025\/"},"wordCount":164,"commentCount":0,"publisher":{"@id":"https:\/\/www.upo.es\/catedraemprendimientosocial\/#organization"},"image":{"@id":"https:\/\/www.upo.es\/catedraemprendimientosocial\/concluyen-la-jornada-universitaria-de-economia-social-upo-2025\/#primaryimage"},"thumbnailUrl":"https:\/\/www.upo.es\/catedraemprendimientosocial\/wp-content\/uploads\/2025\/11\/Jornadas-II.png","articleSection":["Noticias"],"inLanguage":"es","potentialAction":[{"@type":"CommentAction","name":"Comment","target":["https:\/\/www.upo.es\/catedraemprendimientosocial\/concluyen-la-jornada-universitaria-de-economia-social-upo-2025\/#respond"]}]},{"@type":"WebPage","@id":"https:\/\/www.upo.es\/catedraemprendimientosocial\/concluyen-la-jornada-universitaria-de-economia-social-upo-2025\/","url":"https:\/\/www.upo.es\/catedraemprendimientosocial\/concluyen-la-jornada-universitaria-de-economia-social-upo-2025\/","name":"Concluye la Jornada Universitaria de Econom\u00eda Social UPO - 2025 - C\u00e1tedra Emprendimiento Social e Innovaci\u00f3n Empresarial en Econom\u00eda Social","isPartOf":{"@id":"https:\/\/www.upo.es\/catedraemprendimientosocial\/#website"},"primaryImageOfPage":{"@id":"https:\/\/www.upo.es\/catedraemprendimientosocial\/concluyen-la-jornada-universitaria-de-economia-social-upo-2025\/#primaryimage"},"image":{"@id":"https:\/\/www.upo.es\/catedraemprendimientosocial\/concluyen-la-jornada-universitaria-de-economia-social-upo-2025\/#primaryimage"},"thumbnailUrl":"https:\/\/www.upo.es\/catedraemprendimientosocial\/wp-content\/uploads\/2025\/11\/Jornadas-II.png","datePublished":"2025-11-10T11:13:35+00:00","dateModified":"2025-11-10T11:14:36+00:00","breadcrumb":{"@id":"https:\/\/www.upo.es\/catedraemprendimientosocial\/concluyen-la-jornada-universitaria-de-economia-social-upo-2025\/#breadcrumb"},"inLanguage":"es","potentialAction":[{"@type":"ReadAction","target":["https:\/\/www.upo.es\/catedraemprendimientosocial\/concluyen-la-jornada-universitaria-de-economia-social-upo-2025\/"]}]},{"@type":"ImageObject","inLanguage":"es","@id":"https:\/\/www.upo.es\/catedraemprendimientosocial\/concluyen-la-jornada-universitaria-de-economia-social-upo-2025\/#primaryimage","url":"https:\/\/www.upo.es\/catedraemprendimientosocial\/wp-content\/uploads\/2025\/11\/Jornadas-II.png","contentUrl":"https:\/\/www.upo.es\/catedraemprendimientosocial\/wp-content\/uploads\/2025\/11\/Jornadas-II.png","width":1249,"height":703},{"@type":"BreadcrumbList","@id":"https:\/\/www.upo.es\/catedraemprendimientosocial\/concluyen-la-jornada-universitaria-de-economia-social-upo-2025\/#breadcrumb","itemListElement":[{"@type":"ListItem","position":1,"name":"Portada","item":"https:\/\/www.upo.es\/catedraemprendimientosocial\/"},{"@type":"ListItem","position":2,"name":"Concluye la Jornada Universitaria de Econom\u00eda Social UPO &#8211; 2025"}]},{"@type":"WebSite","@id":"https:\/\/www.upo.es\/catedraemprendimientosocial\/#website","url":"https:\/\/www.upo.es\/catedraemprendimientosocial\/","name":"C\u00e1tedra Emprendimiento e Innovaci\u00f3n Empresarial en Econom\u00eda Social - Universidad Pablo de Olavide","description":"","publisher":{"@id":"https:\/\/www.upo.es\/catedraemprendimientosocial\/#organization"},"potentialAction":[{"@type":"SearchAction","target":{"@type":"EntryPoint","urlTemplate":"https:\/\/www.upo.es\/catedraemprendimientosocial\/?s={search_term_string}"},"query-input":{"@type":"PropertyValueSpecification","valueRequired":true,"valueName":"search_term_string"}}],"inLanguage":"es"},{"@type":"Organization","@id":"https:\/\/www.upo.es\/catedraemprendimientosocial\/#organization","name":"C\u00e1tedra Emprendimiento e Innovaci\u00f3n Empresarial en Econom\u00eda Social - Universidad Pablo de Olavide","url":"https:\/\/www.upo.es\/catedraemprendimientosocial\/","logo":{"@type":"ImageObject","inLanguage":"es","@id":"https:\/\/www.upo.es\/catedraemprendimientosocial\/#\/schema\/logo\/image\/","url":"https:\/\/www.upo.es\/catedraemprendimientosocial\/wp-content\/uploads\/2025\/03\/Logo-Catedra-Economia-Social.png","contentUrl":"https:\/\/www.upo.es\/catedraemprendimientosocial\/wp-content\/uploads\/2025\/03\/Logo-Catedra-Economia-Social.png","width":963,"height":300,"caption":"C\u00e1tedra Emprendimiento e Innovaci\u00f3n Empresarial en Econom\u00eda Social - Universidad Pablo de Olavide"},"image":{"@id":"https:\/\/www.upo.es\/catedraemprendimientosocial\/#\/schema\/logo\/image\/"}},{"@type":"Person","@id":"https:\/\/www.upo.es\/catedraemprendimientosocial\/#\/schema\/person\/2b751d7898b6b5847a6e8235249c6ff7","name":"catedra","image":{"@type":"ImageObject","inLanguage":"es","@id":"https:\/\/www.upo.es\/catedraemprendimientosocial\/#\/schema\/person\/image\/","url":"https:\/\/secure.gravatar.com\/avatar\/0007a180d8999024533f516dbe669d5072915d414fd30252932a13a8c37e769f?s=96&d=mm&r=g","contentUrl":"https:\/\/secure.gravatar.com\/avatar\/0007a180d8999024533f516dbe669d5072915d414fd30252932a13a8c37e769f?s=96&d=mm&r=g","caption":"catedra"},"url":"https:\/\/www.upo.es\/catedraemprendimientosocial\/author\/catedra\/"}]}},"_links":{"self":[{"href":"https:\/\/www.upo.es\/catedraemprendimientosocial\/wp-json\/wp\/v2\/posts\/360","targetHints":{"allow":["GET"]}}],"collection":[{"href":"https:\/\/www.upo.es\/catedraemprendimientosocial\/wp-json\/wp\/v2\/posts"}],"about":[{"href":"https:\/\/www.upo.es\/catedraemprendimientosocial\/wp-json\/wp\/v2\/types\/post"}],"author":[{"embeddable":true,"href":"https:\/\/www.upo.es\/catedraemprendimientosocial\/wp-json\/wp\/v2\/users\/3"}],"replies":[{"embeddable":true,"href":"https:\/\/www.upo.es\/catedraemprendimientosocial\/wp-json\/wp\/v2\/comments?post=360"}],"version-history":[{"count":3,"href":"https:\/\/www.upo.es\/catedraemprendimientosocial\/wp-json\/wp\/v2\/posts\/360\/revisions"}],"predecessor-version":[{"id":365,"href":"https:\/\/www.upo.es\/catedraemprendimientosocial\/wp-json\/wp\/v2\/posts\/360\/revisions\/365"}],"wp:featuredmedia":[{"embeddable":true,"href":"https:\/\/www.upo.es\/catedraemprendimientosocial\/wp-json\/wp\/v2\/media\/361"}],"wp:attachment":[{"href":"https:\/\/www.upo.es\/catedraemprendimientosocial\/wp-json\/wp\/v2\/media?parent=360"}],"wp:term":[{"taxonomy":"category","embeddable":true,"href":"https:\/\/www.upo.es\/catedraemprendimientosocial\/wp-json\/wp\/v2\/categories?post=360"},{"taxonomy":"post_tag","embeddable":true,"href":"https:\/\/www.upo.es\/catedraemprendimientosocial\/wp-json\/wp\/v2\/tags?post=360"}],"curies":[{"name":"wp","href":"https:\/\/api.w.org\/{rel}","templated":true}]}}