{"id":367,"date":"2025-11-28T10:18:13","date_gmt":"2025-11-28T09:18:13","guid":{"rendered":"https:\/\/www.upo.es\/catedraemprendimientosocial\/?p=367"},"modified":"2025-11-28T10:18:13","modified_gmt":"2025-11-28T09:18:13","slug":"nuestro-director-de-la-catedra-francisco-rincon-premio-andalucia-a-la-economia-social","status":"publish","type":"post","link":"https:\/\/www.upo.es\/catedraemprendimientosocial\/nuestro-director-de-la-catedra-francisco-rincon-premio-andalucia-a-la-economia-social\/","title":{"rendered":"Nuestro Director de la C\u00e1tedra Francisco Rinc\u00f3n, Premio Andaluc\u00eda a la Econom\u00eda Social"},"content":{"rendered":"<h1 class=\"entry-title fn\">Nuestro Director de la C\u00e1tedra Francisco Rinc\u00f3n, Premio Andaluc\u00eda a la Econom\u00eda Social, en la modalidad \u2018Mejor proyecto de difusi\u00f3n\u2019<\/h1>\n<p>M\u00e1s informaci\u00f3n aqu\u00ed: <a href=\"https:\/\/www.upo.es\/diario\/comunidad\/2025\/11\/el-profesor-de-la-upo-francisco-rincon-premio-andalucia-a-la-economia-social\/\">https:\/\/www.upo.es\/diario\/comunidad\/2025\/11\/el-profesor-de-la-upo-francisco-rincon-premio-andalucia-a-la-economia-social\/\u00a0<\/a><\/p>\n","protected":false},"excerpt":{"rendered":"<p>Nuestro Director de la C\u00e1tedra Francisco Rinc\u00f3n, Premio Andaluc\u00eda a la Econom\u00eda Social, en la modalidad \u2018Mejor proyecto de difusi\u00f3n\u2019 M\u00e1s informaci\u00f3n aqu\u00ed: https:\/\/www.upo.es\/diario\/comunidad\/2025\/11\/el-profesor-de-la-upo-francisco-rincon-premio-andalucia-a-la-economia-social\/\u00a0<\/p>\n","protected":false},"author":3,"featured_media":368,"comment_status":"open","ping_status":"open","sticky":true,"template":"","format":"standard","meta":{"footnotes":""},"categories":[4,1],"tags":[],"class_list":["post-367","post","type-post","status-publish","format-standard","has-post-thumbnail","hentry","category-noticias","category-sin-categoria"],"yoast_head":"<!-- This site is optimized with the Yoast SEO plugin v24.7 - https:\/\/yoast.com\/wordpress\/plugins\/seo\/ -->\n<title>Nuestro Director de la C\u00e1tedra Francisco Rinc\u00f3n, Premio Andaluc\u00eda a la Econom\u00eda Social - C\u00e1tedra Emprendimiento Social e Innovaci\u00f3n Empresarial en Econom\u00eda Social<\/title>\n<meta name=\"robots\" content=\"index, follow, max-snippet:-1, max-image-preview:large, max-video-preview:-1\" \/>\n<link rel=\"canonical\" href=\"https:\/\/www.upo.es\/catedraemprendimientosocial\/nuestro-director-de-la-catedra-francisco-rincon-premio-andalucia-a-la-economia-social\/\" \/>\n<meta property=\"og:locale\" content=\"es_ES\" \/>\n<meta property=\"og:type\" content=\"article\" \/>\n<meta property=\"og:title\" content=\"Nuestro Director de la C\u00e1tedra Francisco Rinc\u00f3n, Premio Andaluc\u00eda a la Econom\u00eda Social - C\u00e1tedra Emprendimiento Social e Innovaci\u00f3n Empresarial en Econom\u00eda Social\" \/>\n<meta property=\"og:description\" content=\"Nuestro Director de la C\u00e1tedra Francisco Rinc\u00f3n, Premio Andaluc\u00eda a la Econom\u00eda Social, en la modalidad \u2018Mejor proyecto de difusi\u00f3n\u2019 M\u00e1s informaci\u00f3n aqu\u00ed: https:\/\/www.upo.es\/diario\/comunidad\/2025\/11\/el-profesor-de-la-upo-francisco-rincon-premio-andalucia-a-la-economia-social\/\u00a0\" \/>\n<meta property=\"og:url\" content=\"https:\/\/www.upo.es\/catedraemprendimientosocial\/nuestro-director-de-la-catedra-francisco-rincon-premio-andalucia-a-la-economia-social\/\" \/>\n<meta property=\"og:site_name\" content=\"C\u00e1tedra Emprendimiento Social e Innovaci\u00f3n Empresarial en Econom\u00eda Social\" \/>\n<meta property=\"article:published_time\" content=\"2025-11-28T09:18:13+00:00\" \/>\n<meta property=\"og:image\" content=\"https:\/\/www.upo.es\/catedraemprendimientosocial\/wp-content\/uploads\/2025\/11\/Foto-premio.png\" \/>\n\t<meta property=\"og:image:width\" content=\"562\" \/>\n\t<meta property=\"og:image:height\" content=\"370\" \/>\n\t<meta property=\"og:image:type\" content=\"image\/png\" \/>\n<meta name=\"author\" content=\"catedra\" \/>\n<meta name=\"twitter:card\" content=\"summary_large_image\" \/>\n<meta name=\"twitter:label1\" content=\"Escrito por\" \/>\n\t<meta name=\"twitter:data1\" content=\"catedra\" \/>\n\t<meta name=\"twitter:label2\" content=\"Tiempo de lectura\" \/>\n\t<meta name=\"twitter:data2\" content=\"1 minuto\" \/>\n<script type=\"application\/ld+json\" class=\"yoast-schema-graph\">{\"@context\":\"https:\/\/schema.org\",\"@graph\":[{\"@type\":\"Article\",\"@id\":\"https:\/\/www.upo.es\/catedraemprendimientosocial\/nuestro-director-de-la-catedra-francisco-rincon-premio-andalucia-a-la-economia-social\/#article\",\"isPartOf\":{\"@id\":\"https:\/\/www.upo.es\/catedraemprendimientosocial\/nuestro-director-de-la-catedra-francisco-rincon-premio-andalucia-a-la-economia-social\/\"},\"author\":{\"name\":\"catedra\",\"@id\":\"https:\/\/www.upo.es\/catedraemprendimientosocial\/#\/schema\/person\/2b751d7898b6b5847a6e8235249c6ff7\"},\"headline\":\"Nuestro Director de la C\u00e1tedra Francisco Rinc\u00f3n, Premio Andaluc\u00eda a la Econom\u00eda Social\",\"datePublished\":\"2025-11-28T09:18:13+00:00\",\"mainEntityOfPage\":{\"@id\":\"https:\/\/www.upo.es\/catedraemprendimientosocial\/nuestro-director-de-la-catedra-francisco-rincon-premio-andalucia-a-la-economia-social\/\"},\"wordCount\":54,\"commentCount\":0,\"publisher\":{\"@id\":\"https:\/\/www.upo.es\/catedraemprendimientosocial\/#organization\"},\"image\":{\"@id\":\"https:\/\/www.upo.es\/catedraemprendimientosocial\/nuestro-director-de-la-catedra-francisco-rincon-premio-andalucia-a-la-economia-social\/#primaryimage\"},\"thumbnailUrl\":\"https:\/\/www.upo.es\/catedraemprendimientosocial\/wp-content\/uploads\/2025\/11\/Foto-premio.png\",\"articleSection\":[\"Noticias\"],\"inLanguage\":\"es\",\"potentialAction\":[{\"@type\":\"CommentAction\",\"name\":\"Comment\",\"target\":[\"https:\/\/www.upo.es\/catedraemprendimientosocial\/nuestro-director-de-la-catedra-francisco-rincon-premio-andalucia-a-la-economia-social\/#respond\"]}]},{\"@type\":\"WebPage\",\"@id\":\"https:\/\/www.upo.es\/catedraemprendimientosocial\/nuestro-director-de-la-catedra-francisco-rincon-premio-andalucia-a-la-economia-social\/\",\"url\":\"https:\/\/www.upo.es\/catedraemprendimientosocial\/nuestro-director-de-la-catedra-francisco-rincon-premio-andalucia-a-la-economia-social\/\",\"name\":\"Nuestro Director de la C\u00e1tedra Francisco Rinc\u00f3n, Premio Andaluc\u00eda a la Econom\u00eda Social - C\u00e1tedra Emprendimiento Social e Innovaci\u00f3n Empresarial en Econom\u00eda Social\",\"isPartOf\":{\"@id\":\"https:\/\/www.upo.es\/catedraemprendimientosocial\/#website\"},\"primaryImageOfPage\":{\"@id\":\"https:\/\/www.upo.es\/catedraemprendimientosocial\/nuestro-director-de-la-catedra-francisco-rincon-premio-andalucia-a-la-economia-social\/#primaryimage\"},\"image\":{\"@id\":\"https:\/\/www.upo.es\/catedraemprendimientosocial\/nuestro-director-de-la-catedra-francisco-rincon-premio-andalucia-a-la-economia-social\/#primaryimage\"},\"thumbnailUrl\":\"https:\/\/www.upo.es\/catedraemprendimientosocial\/wp-content\/uploads\/2025\/11\/Foto-premio.png\",\"datePublished\":\"2025-11-28T09:18:13+00:00\",\"breadcrumb\":{\"@id\":\"https:\/\/www.upo.es\/catedraemprendimientosocial\/nuestro-director-de-la-catedra-francisco-rincon-premio-andalucia-a-la-economia-social\/#breadcrumb\"},\"inLanguage\":\"es\",\"potentialAction\":[{\"@type\":\"ReadAction\",\"target\":[\"https:\/\/www.upo.es\/catedraemprendimientosocial\/nuestro-director-de-la-catedra-francisco-rincon-premio-andalucia-a-la-economia-social\/\"]}]},{\"@type\":\"ImageObject\",\"inLanguage\":\"es\",\"@id\":\"https:\/\/www.upo.es\/catedraemprendimientosocial\/nuestro-director-de-la-catedra-francisco-rincon-premio-andalucia-a-la-economia-social\/#primaryimage\",\"url\":\"https:\/\/www.upo.es\/catedraemprendimientosocial\/wp-content\/uploads\/2025\/11\/Foto-premio.png\",\"contentUrl\":\"https:\/\/www.upo.es\/catedraemprendimientosocial\/wp-content\/uploads\/2025\/11\/Foto-premio.png\",\"width\":562,\"height\":370},{\"@type\":\"BreadcrumbList\",\"@id\":\"https:\/\/www.upo.es\/catedraemprendimientosocial\/nuestro-director-de-la-catedra-francisco-rincon-premio-andalucia-a-la-economia-social\/#breadcrumb\",\"itemListElement\":[{\"@type\":\"ListItem\",\"position\":1,\"name\":\"Portada\",\"item\":\"https:\/\/www.upo.es\/catedraemprendimientosocial\/\"},{\"@type\":\"ListItem\",\"position\":2,\"name\":\"Nuestro Director de la C\u00e1tedra Francisco Rinc\u00f3n, Premio Andaluc\u00eda a la Econom\u00eda Social\"}]},{\"@type\":\"WebSite\",\"@id\":\"https:\/\/www.upo.es\/catedraemprendimientosocial\/#website\",\"url\":\"https:\/\/www.upo.es\/catedraemprendimientosocial\/\",\"name\":\"C\u00e1tedra Emprendimiento e Innovaci\u00f3n Empresarial en Econom\u00eda Social - Universidad Pablo de Olavide\",\"description\":\"\",\"publisher\":{\"@id\":\"https:\/\/www.upo.es\/catedraemprendimientosocial\/#organization\"},\"potentialAction\":[{\"@type\":\"SearchAction\",\"target\":{\"@type\":\"EntryPoint\",\"urlTemplate\":\"https:\/\/www.upo.es\/catedraemprendimientosocial\/?s={search_term_string}\"},\"query-input\":{\"@type\":\"PropertyValueSpecification\",\"valueRequired\":true,\"valueName\":\"search_term_string\"}}],\"inLanguage\":\"es\"},{\"@type\":\"Organization\",\"@id\":\"https:\/\/www.upo.es\/catedraemprendimientosocial\/#organization\",\"name\":\"C\u00e1tedra Emprendimiento e Innovaci\u00f3n Empresarial en Econom\u00eda Social - Universidad Pablo de Olavide\",\"url\":\"https:\/\/www.upo.es\/catedraemprendimientosocial\/\",\"logo\":{\"@type\":\"ImageObject\",\"inLanguage\":\"es\",\"@id\":\"https:\/\/www.upo.es\/catedraemprendimientosocial\/#\/schema\/logo\/image\/\",\"url\":\"https:\/\/www.upo.es\/catedraemprendimientosocial\/wp-content\/uploads\/2025\/03\/Logo-Catedra-Economia-Social.png\",\"contentUrl\":\"https:\/\/www.upo.es\/catedraemprendimientosocial\/wp-content\/uploads\/2025\/03\/Logo-Catedra-Economia-Social.png\",\"width\":963,\"height\":300,\"caption\":\"C\u00e1tedra Emprendimiento e Innovaci\u00f3n Empresarial en Econom\u00eda Social - Universidad Pablo de Olavide\"},\"image\":{\"@id\":\"https:\/\/www.upo.es\/catedraemprendimientosocial\/#\/schema\/logo\/image\/\"}},{\"@type\":\"Person\",\"@id\":\"https:\/\/www.upo.es\/catedraemprendimientosocial\/#\/schema\/person\/2b751d7898b6b5847a6e8235249c6ff7\",\"name\":\"catedra\",\"image\":{\"@type\":\"ImageObject\",\"inLanguage\":\"es\",\"@id\":\"https:\/\/www.upo.es\/catedraemprendimientosocial\/#\/schema\/person\/image\/\",\"url\":\"https:\/\/secure.gravatar.com\/avatar\/0007a180d8999024533f516dbe669d5072915d414fd30252932a13a8c37e769f?s=96&d=mm&r=g\",\"contentUrl\":\"https:\/\/secure.gravatar.com\/avatar\/0007a180d8999024533f516dbe669d5072915d414fd30252932a13a8c37e769f?s=96&d=mm&r=g\",\"caption\":\"catedra\"},\"url\":\"https:\/\/www.upo.es\/catedraemprendimientosocial\/author\/catedra\/\"}]}<\/script>\n<!-- \/ Yoast SEO plugin. -->","yoast_head_json":{"title":"Nuestro Director de la C\u00e1tedra Francisco Rinc\u00f3n, Premio Andaluc\u00eda a la Econom\u00eda Social - C\u00e1tedra Emprendimiento Social e Innovaci\u00f3n Empresarial en Econom\u00eda Social","robots":{"index":"index","follow":"follow","max-snippet":"max-snippet:-1","max-image-preview":"max-image-preview:large","max-video-preview":"max-video-preview:-1"},"canonical":"https:\/\/www.upo.es\/catedraemprendimientosocial\/nuestro-director-de-la-catedra-francisco-rincon-premio-andalucia-a-la-economia-social\/","og_locale":"es_ES","og_type":"article","og_title":"Nuestro Director de la C\u00e1tedra Francisco Rinc\u00f3n, Premio Andaluc\u00eda a la Econom\u00eda Social - C\u00e1tedra Emprendimiento Social e Innovaci\u00f3n Empresarial en Econom\u00eda Social","og_description":"Nuestro Director de la C\u00e1tedra Francisco Rinc\u00f3n, Premio Andaluc\u00eda a la Econom\u00eda Social, en la modalidad \u2018Mejor proyecto de difusi\u00f3n\u2019 M\u00e1s informaci\u00f3n aqu\u00ed: https:\/\/www.upo.es\/diario\/comunidad\/2025\/11\/el-profesor-de-la-upo-francisco-rincon-premio-andalucia-a-la-economia-social\/\u00a0","og_url":"https:\/\/www.upo.es\/catedraemprendimientosocial\/nuestro-director-de-la-catedra-francisco-rincon-premio-andalucia-a-la-economia-social\/","og_site_name":"C\u00e1tedra Emprendimiento Social e Innovaci\u00f3n Empresarial en Econom\u00eda Social","article_published_time":"2025-11-28T09:18:13+00:00","og_image":[{"width":562,"height":370,"url":"https:\/\/www.upo.es\/catedraemprendimientosocial\/wp-content\/uploads\/2025\/11\/Foto-premio.png","type":"image\/png"}],"author":"catedra","twitter_card":"summary_large_image","twitter_misc":{"Escrito por":"catedra","Tiempo de lectura":"1 minuto"},"schema":{"@context":"https:\/\/schema.org","@graph":[{"@type":"Article","@id":"https:\/\/www.upo.es\/catedraemprendimientosocial\/nuestro-director-de-la-catedra-francisco-rincon-premio-andalucia-a-la-economia-social\/#article","isPartOf":{"@id":"https:\/\/www.upo.es\/catedraemprendimientosocial\/nuestro-director-de-la-catedra-francisco-rincon-premio-andalucia-a-la-economia-social\/"},"author":{"name":"catedra","@id":"https:\/\/www.upo.es\/catedraemprendimientosocial\/#\/schema\/person\/2b751d7898b6b5847a6e8235249c6ff7"},"headline":"Nuestro Director de la C\u00e1tedra Francisco Rinc\u00f3n, Premio Andaluc\u00eda a la Econom\u00eda Social","datePublished":"2025-11-28T09:18:13+00:00","mainEntityOfPage":{"@id":"https:\/\/www.upo.es\/catedraemprendimientosocial\/nuestro-director-de-la-catedra-francisco-rincon-premio-andalucia-a-la-economia-social\/"},"wordCount":54,"commentCount":0,"publisher":{"@id":"https:\/\/www.upo.es\/catedraemprendimientosocial\/#organization"},"image":{"@id":"https:\/\/www.upo.es\/catedraemprendimientosocial\/nuestro-director-de-la-catedra-francisco-rincon-premio-andalucia-a-la-economia-social\/#primaryimage"},"thumbnailUrl":"https:\/\/www.upo.es\/catedraemprendimientosocial\/wp-content\/uploads\/2025\/11\/Foto-premio.png","articleSection":["Noticias"],"inLanguage":"es","potentialAction":[{"@type":"CommentAction","name":"Comment","target":["https:\/\/www.upo.es\/catedraemprendimientosocial\/nuestro-director-de-la-catedra-francisco-rincon-premio-andalucia-a-la-economia-social\/#respond"]}]},{"@type":"WebPage","@id":"https:\/\/www.upo.es\/catedraemprendimientosocial\/nuestro-director-de-la-catedra-francisco-rincon-premio-andalucia-a-la-economia-social\/","url":"https:\/\/www.upo.es\/catedraemprendimientosocial\/nuestro-director-de-la-catedra-francisco-rincon-premio-andalucia-a-la-economia-social\/","name":"Nuestro Director de la C\u00e1tedra Francisco Rinc\u00f3n, Premio Andaluc\u00eda a la Econom\u00eda Social - C\u00e1tedra Emprendimiento Social e Innovaci\u00f3n Empresarial en Econom\u00eda Social","isPartOf":{"@id":"https:\/\/www.upo.es\/catedraemprendimientosocial\/#website"},"primaryImageOfPage":{"@id":"https:\/\/www.upo.es\/catedraemprendimientosocial\/nuestro-director-de-la-catedra-francisco-rincon-premio-andalucia-a-la-economia-social\/#primaryimage"},"image":{"@id":"https:\/\/www.upo.es\/catedraemprendimientosocial\/nuestro-director-de-la-catedra-francisco-rincon-premio-andalucia-a-la-economia-social\/#primaryimage"},"thumbnailUrl":"https:\/\/www.upo.es\/catedraemprendimientosocial\/wp-content\/uploads\/2025\/11\/Foto-premio.png","datePublished":"2025-11-28T09:18:13+00:00","breadcrumb":{"@id":"https:\/\/www.upo.es\/catedraemprendimientosocial\/nuestro-director-de-la-catedra-francisco-rincon-premio-andalucia-a-la-economia-social\/#breadcrumb"},"inLanguage":"es","potentialAction":[{"@type":"ReadAction","target":["https:\/\/www.upo.es\/catedraemprendimientosocial\/nuestro-director-de-la-catedra-francisco-rincon-premio-andalucia-a-la-economia-social\/"]}]},{"@type":"ImageObject","inLanguage":"es","@id":"https:\/\/www.upo.es\/catedraemprendimientosocial\/nuestro-director-de-la-catedra-francisco-rincon-premio-andalucia-a-la-economia-social\/#primaryimage","url":"https:\/\/www.upo.es\/catedraemprendimientosocial\/wp-content\/uploads\/2025\/11\/Foto-premio.png","contentUrl":"https:\/\/www.upo.es\/catedraemprendimientosocial\/wp-content\/uploads\/2025\/11\/Foto-premio.png","width":562,"height":370},{"@type":"BreadcrumbList","@id":"https:\/\/www.upo.es\/catedraemprendimientosocial\/nuestro-director-de-la-catedra-francisco-rincon-premio-andalucia-a-la-economia-social\/#breadcrumb","itemListElement":[{"@type":"ListItem","position":1,"name":"Portada","item":"https:\/\/www.upo.es\/catedraemprendimientosocial\/"},{"@type":"ListItem","position":2,"name":"Nuestro Director de la C\u00e1tedra Francisco Rinc\u00f3n, Premio Andaluc\u00eda a la Econom\u00eda Social"}]},{"@type":"WebSite","@id":"https:\/\/www.upo.es\/catedraemprendimientosocial\/#website","url":"https:\/\/www.upo.es\/catedraemprendimientosocial\/","name":"C\u00e1tedra Emprendimiento e Innovaci\u00f3n Empresarial en Econom\u00eda Social - Universidad Pablo de Olavide","description":"","publisher":{"@id":"https:\/\/www.upo.es\/catedraemprendimientosocial\/#organization"},"potentialAction":[{"@type":"SearchAction","target":{"@type":"EntryPoint","urlTemplate":"https:\/\/www.upo.es\/catedraemprendimientosocial\/?s={search_term_string}"},"query-input":{"@type":"PropertyValueSpecification","valueRequired":true,"valueName":"search_term_string"}}],"inLanguage":"es"},{"@type":"Organization","@id":"https:\/\/www.upo.es\/catedraemprendimientosocial\/#organization","name":"C\u00e1tedra Emprendimiento e Innovaci\u00f3n Empresarial en Econom\u00eda Social - Universidad Pablo de Olavide","url":"https:\/\/www.upo.es\/catedraemprendimientosocial\/","logo":{"@type":"ImageObject","inLanguage":"es","@id":"https:\/\/www.upo.es\/catedraemprendimientosocial\/#\/schema\/logo\/image\/","url":"https:\/\/www.upo.es\/catedraemprendimientosocial\/wp-content\/uploads\/2025\/03\/Logo-Catedra-Economia-Social.png","contentUrl":"https:\/\/www.upo.es\/catedraemprendimientosocial\/wp-content\/uploads\/2025\/03\/Logo-Catedra-Economia-Social.png","width":963,"height":300,"caption":"C\u00e1tedra Emprendimiento e Innovaci\u00f3n Empresarial en Econom\u00eda Social - Universidad Pablo de Olavide"},"image":{"@id":"https:\/\/www.upo.es\/catedraemprendimientosocial\/#\/schema\/logo\/image\/"}},{"@type":"Person","@id":"https:\/\/www.upo.es\/catedraemprendimientosocial\/#\/schema\/person\/2b751d7898b6b5847a6e8235249c6ff7","name":"catedra","image":{"@type":"ImageObject","inLanguage":"es","@id":"https:\/\/www.upo.es\/catedraemprendimientosocial\/#\/schema\/person\/image\/","url":"https:\/\/secure.gravatar.com\/avatar\/0007a180d8999024533f516dbe669d5072915d414fd30252932a13a8c37e769f?s=96&d=mm&r=g","contentUrl":"https:\/\/secure.gravatar.com\/avatar\/0007a180d8999024533f516dbe669d5072915d414fd30252932a13a8c37e769f?s=96&d=mm&r=g","caption":"catedra"},"url":"https:\/\/www.upo.es\/catedraemprendimientosocial\/author\/catedra\/"}]}},"_links":{"self":[{"href":"https:\/\/www.upo.es\/catedraemprendimientosocial\/wp-json\/wp\/v2\/posts\/367","targetHints":{"allow":["GET"]}}],"collection":[{"href":"https:\/\/www.upo.es\/catedraemprendimientosocial\/wp-json\/wp\/v2\/posts"}],"about":[{"href":"https:\/\/www.upo.es\/catedraemprendimientosocial\/wp-json\/wp\/v2\/types\/post"}],"author":[{"embeddable":true,"href":"https:\/\/www.upo.es\/catedraemprendimientosocial\/wp-json\/wp\/v2\/users\/3"}],"replies":[{"embeddable":true,"href":"https:\/\/www.upo.es\/catedraemprendimientosocial\/wp-json\/wp\/v2\/comments?post=367"}],"version-history":[{"count":1,"href":"https:\/\/www.upo.es\/catedraemprendimientosocial\/wp-json\/wp\/v2\/posts\/367\/revisions"}],"predecessor-version":[{"id":369,"href":"https:\/\/www.upo.es\/catedraemprendimientosocial\/wp-json\/wp\/v2\/posts\/367\/revisions\/369"}],"wp:featuredmedia":[{"embeddable":true,"href":"https:\/\/www.upo.es\/catedraemprendimientosocial\/wp-json\/wp\/v2\/media\/368"}],"wp:attachment":[{"href":"https:\/\/www.upo.es\/catedraemprendimientosocial\/wp-json\/wp\/v2\/media?parent=367"}],"wp:term":[{"taxonomy":"category","embeddable":true,"href":"https:\/\/www.upo.es\/catedraemprendimientosocial\/wp-json\/wp\/v2\/categories?post=367"},{"taxonomy":"post_tag","embeddable":true,"href":"https:\/\/www.upo.es\/catedraemprendimientosocial\/wp-json\/wp\/v2\/tags?post=367"}],"curies":[{"name":"wp","href":"https:\/\/api.w.org\/{rel}","templated":true}]}}