{"id":92,"date":"2024-12-20T10:12:58","date_gmt":"2024-12-20T09:12:58","guid":{"rendered":"https:\/\/www.upo.es\/catedraemprendimientosocial\/?p=92"},"modified":"2025-03-14T10:13:23","modified_gmt":"2025-03-14T09:13:23","slug":"junta-y-universidades-publicas-andaluzas-ponen-en-marcha-la-red-de-catedras-de-economia-social","status":"publish","type":"post","link":"https:\/\/www.upo.es\/catedraemprendimientosocial\/junta-y-universidades-publicas-andaluzas-ponen-en-marcha-la-red-de-catedras-de-economia-social\/","title":{"rendered":"Junta y Universidades P\u00fablicas Andaluzas ponen en marcha la Red de C\u00e1tedras de Econom\u00eda Social"},"content":{"rendered":"<p>La Junta de Andaluc\u00eda y las diez universidades p\u00fablicas andaluzas han presentado esta ma\u00f1ana el arranque definitivo de la\u00a0<strong>Red de C\u00e1tedras en Econom\u00eda Social,<\/strong>\u00a0una iniciativa que cubrir\u00e1 no solo la formaci\u00f3n de postgrado de este sector en toda la comunidad aut\u00f3noma, sino que tambi\u00e9n profundizar\u00e1 en la investigaci\u00f3n y el impulso de estas empresas y su conocimiento y visibilizaci\u00f3n por parte de la sociedad andaluza.<\/p>\n<p>En el acto celebrado hoy de presentaci\u00f3n de esta iniciativa, se ha firmado una \u201ctoma de conocimiento\u201d del convenio suscrito para la puesta en marcha de la red de c\u00e1tedras en el Rectorado de la Universidad de M\u00e1laga por los consejeros de Empleo, Empresa y Trabajo Aut\u00f3nomo, Roc\u00edo Blanco, y de Universidad, Investigaci\u00f3n e Innovaci\u00f3n, Jos\u00e9 Carlos G\u00f3mez Villamandos; por el rector de la UMA, Teodomiro L\u00f3pez,\u00a0 y por directores de la nueva c\u00e1tedra de las universidades de Almer\u00eda, C\u00e1diz, C\u00f3rdoba, Granada, Huelva, Ja\u00e9n, y Sevilla, la Universidad Pablo de Olavide y la Universidad Internacional de Andaluc\u00eda. \u00a0Tambi\u00e9n han estado presentes en esta cita la directora general de Trabajo Aut\u00f3nomo y Econom\u00eda Social, Carmen Mar\u00eda Dur\u00e1n; y la coordinadora de la Red de C\u00e1tedras de Econom\u00eda Social, Adoraci\u00f3n Mozas.<\/p>\n<p>Durante el desarrollo del acto, la consejera Roc\u00edo Blanco ha agradecido al consejero y a las universidades p\u00fablicas andaluzas su colaboraci\u00f3n y \u201cel convencimiento con el que han acogido esta propuesta, con la que tanto vamos a contribuir a impulsar el conocimiento, la investigaci\u00f3n, la difusi\u00f3n y el fomento del sector de la Econom\u00eda Social\u201d.<\/p>\n<p><strong>PIMESA<\/strong><\/p>\n<p>La consejera de Empleo ha destacado que la Red de C\u00e1tedras es una de las primeras medidas \u201cestrella\u201d que se ponen en marcha del\u00a0<strong>Plan Estrat\u00e9gico para el Impulso y la Modernizaci\u00f3n de la Econom\u00eda Social en Andaluc\u00eda<\/strong>, el\u00a0<strong>PIMESA<\/strong>, que supone hasta 2026 el desarrollo de 4 objetivos estrat\u00e9gicos, 4 l\u00edneas estrat\u00e9gicas, 30 programas y 81 medidas concretas, con un presupuesto inicial de 10,83 millones de euros que est\u00e1 siendo ya objeto de ampliaci\u00f3n a\u00f1o a a\u00f1o.<\/p>\n<p>Asimismo, Roc\u00edo Blanco ha informado que junto a la red de c\u00e1tedras, hay otras medidas en el \u00e1mbito universitario incluidas en el PIMESA que van a desarrollarse, como la organizaci\u00f3n de premios al Mejor Trabajo de Fin de Grado, Trabajo de Finde Master y a la Tesis Doctoral en esta materia; o facilitar a las universidades que puedan ofrecer pr\u00e1cticas curriculares en empresas de Econom\u00eda Social mediante la b\u00fasqueda y la captaci\u00f3n de estas empresas interesadas.<\/p>\n<p>El consejero de Universidad, Investigaci\u00f3n e Innovaci\u00f3n, Jos\u00e9 Carlos G\u00f3mez Villamandos, ha destacado que \u201clas c\u00e1tedras son una excelente alternativa para especializarse en determinados perfiles profesionales y, por supuesto, suponen un valor a\u00f1adido en t\u00e9rminos de inserci\u00f3n laboral\u201d, sobre todo en un \u00e1mbito como el de la Econom\u00eda Social\u00a0 \u201cen el que \u201cexiste una gran capacidad para contribuir a la generaci\u00f3n de empleo y a la cohesi\u00f3n social y territorial, gracias a los valores en los que se apoya\u201d.<\/p>\n<p>Por tanto, ha insistido en que con este modelo de ense\u00f1anza, que combina el aprendizaje te\u00f3rico y pr\u00e1ctico, se puede ahondar en la formaci\u00f3n en un sector considerado \u201cmotor dinamizador para el desarrollo del tejido productivo\u201d y cuyas empresas y entidades son \u201cun eje fundamental de crecimiento econ\u00f3mico sostenible e inclusivo en Andaluc\u00eda, y deben ser tenidas en cuenta en el dise\u00f1o de pol\u00edticas estrat\u00e9gicas relacionadas con la creaci\u00f3n y mantenimiento del empleo o con el fomento del emprendimiento\u201d.<\/p>\n<p>Asimismo, ha subrayado que las universidades andaluzas son un ejemplo de innovaci\u00f3n social, ya que es aqu\u00ed donde \u201cnuestro talento andaluz adquiere no solo conocimientos t\u00e9cnicos sino habilidades fundamentales para los profesionales de ma\u00f1ana como la empat\u00eda o la comunicaci\u00f3n\u201d, contribuyendo as\u00ed a la transformaci\u00f3n de Andaluc\u00eda, ya que \u201ces innegable la capacidad de esta herramienta para fortalecer la sociedad, fomentar la inclusi\u00f3n y abordar desaf\u00edos complejos\u201d.<\/p>\n<p>Por su parte, el rector de la UMA, Teodomiro L\u00f3pez ha subrayado la importancia de que las universidades jueguen un papel activo en la creaci\u00f3n de conocimiento sobre temas tan sensibles y relevantes como el empleo y la actividad econ\u00f3mica de la comunidad andaluza. En su intervenci\u00f3n ha destacado que este proyecto resulta enormemente relevante, ya que la econom\u00eda social no solo contribuye al desarrollo econ\u00f3mico, sino que tambi\u00e9n juega un papel crucial en la creaci\u00f3n de empleo.<\/p>\n<p><strong>Red de C\u00e1tedras en Econom\u00eda Social<\/strong><\/p>\n<p>La red de C\u00e1tedras en Econom\u00eda Social aspira a llenar un vac\u00edo entre la Universidad y el sector a nivel regional, ya que de forma puntual ya se hab\u00edan puesto en marcha algunas iniciativas significativas en varias universidades de algunas provincias. Desde la Consejer\u00eda de Empleo se respalda la iniciativa con 385.000 euros para todas las universidades que van a poner en marcha las c\u00e1tedras, que se tramitar\u00e1n a trav\u00e9s de subvenciones.<\/p>\n<p>Por su parte, las universidades p\u00fablicas andaluzas se comprometen en el convenio a dotar de infraestructuras adecuadas a estas c\u00e1tedras dentro de sus instalaciones; a reconocer los cr\u00e9ditos de las actividades formativas; a difundir su actividad; y a desarrollar en su marco de actuaci\u00f3n las distintas actividades ligadas a la formaci\u00f3n (seminarios, jornadas, congresos, ponencias, cursos etc.), investigaci\u00f3n, divulgaci\u00f3n y transferencia de conocimiento de esta iniciativa.<\/p>\n<p><strong>Sector Econom\u00eda Social<\/strong><\/p>\n<p>Andaluc\u00eda no s\u00f3lo es referente en el sector de la Econom\u00eda Social en nuestro pa\u00eds, sino que lidera claramente este segmento empresarial gracias a sus m\u00e1s de 11.200 entidades (una de cada cuatro del pa\u00eds) que mantienen vinculados a m\u00e1s de 200.000 trabajadores (pr\u00e1cticamente uno de cada diez a nivel nacional) y un peso del 14% en el PIB regional (cuatro puntos m\u00e1s que el peso que tiene el sector en Espa\u00f1a).<\/p>\n<p>Fuente: Universidad de M\u00e1laga<\/p>\n","protected":false},"excerpt":{"rendered":"<p>La Junta de Andaluc\u00eda y las diez universidades p\u00fablicas andaluzas han presentado esta ma\u00f1ana el arranque definitivo de la\u00a0Red de C\u00e1tedras en Econom\u00eda Social,\u00a0una iniciativa que cubrir\u00e1 no solo la [&hellip;]<\/p>\n","protected":false},"author":2,"featured_media":93,"comment_status":"open","ping_status":"open","sticky":false,"template":"","format":"standard","meta":{"footnotes":""},"categories":[4],"tags":[6,5],"class_list":["post-92","post","type-post","status-publish","format-standard","has-post-thumbnail","hentry","category-noticias","tag-pimesa","tag-red-de-catedras-en-economia-social"],"yoast_head":"<!-- This site is optimized with the Yoast SEO plugin v24.7 - https:\/\/yoast.com\/wordpress\/plugins\/seo\/ -->\n<title>Junta y Universidades P\u00fablicas Andaluzas ponen en marcha la Red de C\u00e1tedras de Econom\u00eda Social - C\u00e1tedra Emprendimiento Social e Innovaci\u00f3n Empresarial en Econom\u00eda Social<\/title>\n<meta name=\"robots\" content=\"index, follow, max-snippet:-1, max-image-preview:large, max-video-preview:-1\" \/>\n<link rel=\"canonical\" href=\"https:\/\/www.upo.es\/catedraemprendimientosocial\/junta-y-universidades-publicas-andaluzas-ponen-en-marcha-la-red-de-catedras-de-economia-social\/\" \/>\n<meta property=\"og:locale\" content=\"es_ES\" \/>\n<meta property=\"og:type\" content=\"article\" \/>\n<meta property=\"og:title\" content=\"Junta y Universidades P\u00fablicas Andaluzas ponen en marcha la Red de C\u00e1tedras de Econom\u00eda Social - C\u00e1tedra Emprendimiento Social e Innovaci\u00f3n Empresarial en Econom\u00eda Social\" \/>\n<meta property=\"og:description\" content=\"La Junta de Andaluc\u00eda y las diez universidades p\u00fablicas andaluzas han presentado esta ma\u00f1ana el arranque definitivo de la\u00a0Red de C\u00e1tedras en Econom\u00eda Social,\u00a0una iniciativa que cubrir\u00e1 no solo la [&hellip;]\" \/>\n<meta property=\"og:url\" content=\"https:\/\/www.upo.es\/catedraemprendimientosocial\/junta-y-universidades-publicas-andaluzas-ponen-en-marcha-la-red-de-catedras-de-economia-social\/\" \/>\n<meta property=\"og:site_name\" content=\"C\u00e1tedra Emprendimiento Social e Innovaci\u00f3n Empresarial en Econom\u00eda Social\" \/>\n<meta property=\"article:published_time\" content=\"2024-12-20T09:12:58+00:00\" \/>\n<meta property=\"article:modified_time\" content=\"2025-03-14T09:13:23+00:00\" \/>\n<meta property=\"og:image\" content=\"https:\/\/www.upo.es\/catedraemprendimientosocial\/wp-content\/uploads\/2025\/03\/Catedrasm4-scaled-1.jpg\" \/>\n\t<meta property=\"og:image:width\" content=\"2560\" \/>\n\t<meta property=\"og:image:height\" content=\"1707\" \/>\n\t<meta property=\"og:image:type\" content=\"image\/jpeg\" \/>\n<meta name=\"author\" content=\"ComunicacionFUPO\" \/>\n<meta name=\"twitter:card\" content=\"summary_large_image\" \/>\n<meta name=\"twitter:label1\" content=\"Escrito por\" \/>\n\t<meta name=\"twitter:data1\" content=\"ComunicacionFUPO\" \/>\n\t<meta name=\"twitter:label2\" content=\"Tiempo de lectura\" \/>\n\t<meta name=\"twitter:data2\" content=\"5 minutos\" \/>\n<script type=\"application\/ld+json\" class=\"yoast-schema-graph\">{\"@context\":\"https:\/\/schema.org\",\"@graph\":[{\"@type\":\"Article\",\"@id\":\"https:\/\/www.upo.es\/catedraemprendimientosocial\/junta-y-universidades-publicas-andaluzas-ponen-en-marcha-la-red-de-catedras-de-economia-social\/#article\",\"isPartOf\":{\"@id\":\"https:\/\/www.upo.es\/catedraemprendimientosocial\/junta-y-universidades-publicas-andaluzas-ponen-en-marcha-la-red-de-catedras-de-economia-social\/\"},\"author\":{\"name\":\"ComunicacionFUPO\",\"@id\":\"https:\/\/www.upo.es\/catedraemprendimientosocial\/#\/schema\/person\/28ce96d8a66fc9c91530fdf20e796f02\"},\"headline\":\"Junta y Universidades P\u00fablicas Andaluzas ponen en marcha la Red de C\u00e1tedras de Econom\u00eda Social\",\"datePublished\":\"2024-12-20T09:12:58+00:00\",\"dateModified\":\"2025-03-14T09:13:23+00:00\",\"mainEntityOfPage\":{\"@id\":\"https:\/\/www.upo.es\/catedraemprendimientosocial\/junta-y-universidades-publicas-andaluzas-ponen-en-marcha-la-red-de-catedras-de-economia-social\/\"},\"wordCount\":1063,\"commentCount\":0,\"publisher\":{\"@id\":\"https:\/\/www.upo.es\/catedraemprendimientosocial\/#organization\"},\"image\":{\"@id\":\"https:\/\/www.upo.es\/catedraemprendimientosocial\/junta-y-universidades-publicas-andaluzas-ponen-en-marcha-la-red-de-catedras-de-economia-social\/#primaryimage\"},\"thumbnailUrl\":\"https:\/\/www.upo.es\/catedraemprendimientosocial\/wp-content\/uploads\/2025\/03\/Catedrasm4-scaled-1.jpg\",\"keywords\":[\"PIMESA\",\"Red de C\u00e1tedras en Econom\u00eda Social\"],\"articleSection\":[\"Noticias\"],\"inLanguage\":\"es\",\"potentialAction\":[{\"@type\":\"CommentAction\",\"name\":\"Comment\",\"target\":[\"https:\/\/www.upo.es\/catedraemprendimientosocial\/junta-y-universidades-publicas-andaluzas-ponen-en-marcha-la-red-de-catedras-de-economia-social\/#respond\"]}]},{\"@type\":\"WebPage\",\"@id\":\"https:\/\/www.upo.es\/catedraemprendimientosocial\/junta-y-universidades-publicas-andaluzas-ponen-en-marcha-la-red-de-catedras-de-economia-social\/\",\"url\":\"https:\/\/www.upo.es\/catedraemprendimientosocial\/junta-y-universidades-publicas-andaluzas-ponen-en-marcha-la-red-de-catedras-de-economia-social\/\",\"name\":\"Junta y Universidades P\u00fablicas Andaluzas ponen en marcha la Red de C\u00e1tedras de Econom\u00eda Social - C\u00e1tedra Emprendimiento Social e Innovaci\u00f3n Empresarial en Econom\u00eda Social\",\"isPartOf\":{\"@id\":\"https:\/\/www.upo.es\/catedraemprendimientosocial\/#website\"},\"primaryImageOfPage\":{\"@id\":\"https:\/\/www.upo.es\/catedraemprendimientosocial\/junta-y-universidades-publicas-andaluzas-ponen-en-marcha-la-red-de-catedras-de-economia-social\/#primaryimage\"},\"image\":{\"@id\":\"https:\/\/www.upo.es\/catedraemprendimientosocial\/junta-y-universidades-publicas-andaluzas-ponen-en-marcha-la-red-de-catedras-de-economia-social\/#primaryimage\"},\"thumbnailUrl\":\"https:\/\/www.upo.es\/catedraemprendimientosocial\/wp-content\/uploads\/2025\/03\/Catedrasm4-scaled-1.jpg\",\"datePublished\":\"2024-12-20T09:12:58+00:00\",\"dateModified\":\"2025-03-14T09:13:23+00:00\",\"breadcrumb\":{\"@id\":\"https:\/\/www.upo.es\/catedraemprendimientosocial\/junta-y-universidades-publicas-andaluzas-ponen-en-marcha-la-red-de-catedras-de-economia-social\/#breadcrumb\"},\"inLanguage\":\"es\",\"potentialAction\":[{\"@type\":\"ReadAction\",\"target\":[\"https:\/\/www.upo.es\/catedraemprendimientosocial\/junta-y-universidades-publicas-andaluzas-ponen-en-marcha-la-red-de-catedras-de-economia-social\/\"]}]},{\"@type\":\"ImageObject\",\"inLanguage\":\"es\",\"@id\":\"https:\/\/www.upo.es\/catedraemprendimientosocial\/junta-y-universidades-publicas-andaluzas-ponen-en-marcha-la-red-de-catedras-de-economia-social\/#primaryimage\",\"url\":\"https:\/\/www.upo.es\/catedraemprendimientosocial\/wp-content\/uploads\/2025\/03\/Catedrasm4-scaled-1.jpg\",\"contentUrl\":\"https:\/\/www.upo.es\/catedraemprendimientosocial\/wp-content\/uploads\/2025\/03\/Catedrasm4-scaled-1.jpg\",\"width\":2560,\"height\":1707},{\"@type\":\"BreadcrumbList\",\"@id\":\"https:\/\/www.upo.es\/catedraemprendimientosocial\/junta-y-universidades-publicas-andaluzas-ponen-en-marcha-la-red-de-catedras-de-economia-social\/#breadcrumb\",\"itemListElement\":[{\"@type\":\"ListItem\",\"position\":1,\"name\":\"Portada\",\"item\":\"https:\/\/www.upo.es\/catedraemprendimientosocial\/\"},{\"@type\":\"ListItem\",\"position\":2,\"name\":\"Junta y Universidades P\u00fablicas Andaluzas ponen en marcha la Red de C\u00e1tedras de Econom\u00eda Social\"}]},{\"@type\":\"WebSite\",\"@id\":\"https:\/\/www.upo.es\/catedraemprendimientosocial\/#website\",\"url\":\"https:\/\/www.upo.es\/catedraemprendimientosocial\/\",\"name\":\"C\u00e1tedra Emprendimiento e Innovaci\u00f3n Empresarial en Econom\u00eda Social - Universidad Pablo de Olavide\",\"description\":\"\",\"publisher\":{\"@id\":\"https:\/\/www.upo.es\/catedraemprendimientosocial\/#organization\"},\"potentialAction\":[{\"@type\":\"SearchAction\",\"target\":{\"@type\":\"EntryPoint\",\"urlTemplate\":\"https:\/\/www.upo.es\/catedraemprendimientosocial\/?s={search_term_string}\"},\"query-input\":{\"@type\":\"PropertyValueSpecification\",\"valueRequired\":true,\"valueName\":\"search_term_string\"}}],\"inLanguage\":\"es\"},{\"@type\":\"Organization\",\"@id\":\"https:\/\/www.upo.es\/catedraemprendimientosocial\/#organization\",\"name\":\"C\u00e1tedra Emprendimiento e Innovaci\u00f3n Empresarial en Econom\u00eda Social - Universidad Pablo de Olavide\",\"url\":\"https:\/\/www.upo.es\/catedraemprendimientosocial\/\",\"logo\":{\"@type\":\"ImageObject\",\"inLanguage\":\"es\",\"@id\":\"https:\/\/www.upo.es\/catedraemprendimientosocial\/#\/schema\/logo\/image\/\",\"url\":\"https:\/\/www.upo.es\/catedraemprendimientosocial\/wp-content\/uploads\/2025\/03\/Logo-Catedra-Economia-Social.png\",\"contentUrl\":\"https:\/\/www.upo.es\/catedraemprendimientosocial\/wp-content\/uploads\/2025\/03\/Logo-Catedra-Economia-Social.png\",\"width\":963,\"height\":300,\"caption\":\"C\u00e1tedra Emprendimiento e Innovaci\u00f3n Empresarial en Econom\u00eda Social - Universidad Pablo de Olavide\"},\"image\":{\"@id\":\"https:\/\/www.upo.es\/catedraemprendimientosocial\/#\/schema\/logo\/image\/\"}},{\"@type\":\"Person\",\"@id\":\"https:\/\/www.upo.es\/catedraemprendimientosocial\/#\/schema\/person\/28ce96d8a66fc9c91530fdf20e796f02\",\"name\":\"ComunicacionFUPO\",\"image\":{\"@type\":\"ImageObject\",\"inLanguage\":\"es\",\"@id\":\"https:\/\/www.upo.es\/catedraemprendimientosocial\/#\/schema\/person\/image\/\",\"url\":\"https:\/\/secure.gravatar.com\/avatar\/4239a842e1cbbde053ab65850dddd9b00d8e30eed112223a1000e7903600bfbd?s=96&d=mm&r=g\",\"contentUrl\":\"https:\/\/secure.gravatar.com\/avatar\/4239a842e1cbbde053ab65850dddd9b00d8e30eed112223a1000e7903600bfbd?s=96&d=mm&r=g\",\"caption\":\"ComunicacionFUPO\"},\"url\":\"https:\/\/www.upo.es\/catedraemprendimientosocial\/author\/comunicacionfupo\/\"}]}<\/script>\n<!-- \/ Yoast SEO plugin. -->","yoast_head_json":{"title":"Junta y Universidades P\u00fablicas Andaluzas ponen en marcha la Red de C\u00e1tedras de Econom\u00eda Social - C\u00e1tedra Emprendimiento Social e Innovaci\u00f3n Empresarial en Econom\u00eda Social","robots":{"index":"index","follow":"follow","max-snippet":"max-snippet:-1","max-image-preview":"max-image-preview:large","max-video-preview":"max-video-preview:-1"},"canonical":"https:\/\/www.upo.es\/catedraemprendimientosocial\/junta-y-universidades-publicas-andaluzas-ponen-en-marcha-la-red-de-catedras-de-economia-social\/","og_locale":"es_ES","og_type":"article","og_title":"Junta y Universidades P\u00fablicas Andaluzas ponen en marcha la Red de C\u00e1tedras de Econom\u00eda Social - C\u00e1tedra Emprendimiento Social e Innovaci\u00f3n Empresarial en Econom\u00eda Social","og_description":"La Junta de Andaluc\u00eda y las diez universidades p\u00fablicas andaluzas han presentado esta ma\u00f1ana el arranque definitivo de la\u00a0Red de C\u00e1tedras en Econom\u00eda Social,\u00a0una iniciativa que cubrir\u00e1 no solo la [&hellip;]","og_url":"https:\/\/www.upo.es\/catedraemprendimientosocial\/junta-y-universidades-publicas-andaluzas-ponen-en-marcha-la-red-de-catedras-de-economia-social\/","og_site_name":"C\u00e1tedra Emprendimiento Social e Innovaci\u00f3n Empresarial en Econom\u00eda Social","article_published_time":"2024-12-20T09:12:58+00:00","article_modified_time":"2025-03-14T09:13:23+00:00","og_image":[{"width":2560,"height":1707,"url":"https:\/\/www.upo.es\/catedraemprendimientosocial\/wp-content\/uploads\/2025\/03\/Catedrasm4-scaled-1.jpg","type":"image\/jpeg"}],"author":"ComunicacionFUPO","twitter_card":"summary_large_image","twitter_misc":{"Escrito por":"ComunicacionFUPO","Tiempo de lectura":"5 minutos"},"schema":{"@context":"https:\/\/schema.org","@graph":[{"@type":"Article","@id":"https:\/\/www.upo.es\/catedraemprendimientosocial\/junta-y-universidades-publicas-andaluzas-ponen-en-marcha-la-red-de-catedras-de-economia-social\/#article","isPartOf":{"@id":"https:\/\/www.upo.es\/catedraemprendimientosocial\/junta-y-universidades-publicas-andaluzas-ponen-en-marcha-la-red-de-catedras-de-economia-social\/"},"author":{"name":"ComunicacionFUPO","@id":"https:\/\/www.upo.es\/catedraemprendimientosocial\/#\/schema\/person\/28ce96d8a66fc9c91530fdf20e796f02"},"headline":"Junta y Universidades P\u00fablicas Andaluzas ponen en marcha la Red de C\u00e1tedras de Econom\u00eda Social","datePublished":"2024-12-20T09:12:58+00:00","dateModified":"2025-03-14T09:13:23+00:00","mainEntityOfPage":{"@id":"https:\/\/www.upo.es\/catedraemprendimientosocial\/junta-y-universidades-publicas-andaluzas-ponen-en-marcha-la-red-de-catedras-de-economia-social\/"},"wordCount":1063,"commentCount":0,"publisher":{"@id":"https:\/\/www.upo.es\/catedraemprendimientosocial\/#organization"},"image":{"@id":"https:\/\/www.upo.es\/catedraemprendimientosocial\/junta-y-universidades-publicas-andaluzas-ponen-en-marcha-la-red-de-catedras-de-economia-social\/#primaryimage"},"thumbnailUrl":"https:\/\/www.upo.es\/catedraemprendimientosocial\/wp-content\/uploads\/2025\/03\/Catedrasm4-scaled-1.jpg","keywords":["PIMESA","Red de C\u00e1tedras en Econom\u00eda Social"],"articleSection":["Noticias"],"inLanguage":"es","potentialAction":[{"@type":"CommentAction","name":"Comment","target":["https:\/\/www.upo.es\/catedraemprendimientosocial\/junta-y-universidades-publicas-andaluzas-ponen-en-marcha-la-red-de-catedras-de-economia-social\/#respond"]}]},{"@type":"WebPage","@id":"https:\/\/www.upo.es\/catedraemprendimientosocial\/junta-y-universidades-publicas-andaluzas-ponen-en-marcha-la-red-de-catedras-de-economia-social\/","url":"https:\/\/www.upo.es\/catedraemprendimientosocial\/junta-y-universidades-publicas-andaluzas-ponen-en-marcha-la-red-de-catedras-de-economia-social\/","name":"Junta y Universidades P\u00fablicas Andaluzas ponen en marcha la Red de C\u00e1tedras de Econom\u00eda Social - C\u00e1tedra Emprendimiento Social e Innovaci\u00f3n Empresarial en Econom\u00eda Social","isPartOf":{"@id":"https:\/\/www.upo.es\/catedraemprendimientosocial\/#website"},"primaryImageOfPage":{"@id":"https:\/\/www.upo.es\/catedraemprendimientosocial\/junta-y-universidades-publicas-andaluzas-ponen-en-marcha-la-red-de-catedras-de-economia-social\/#primaryimage"},"image":{"@id":"https:\/\/www.upo.es\/catedraemprendimientosocial\/junta-y-universidades-publicas-andaluzas-ponen-en-marcha-la-red-de-catedras-de-economia-social\/#primaryimage"},"thumbnailUrl":"https:\/\/www.upo.es\/catedraemprendimientosocial\/wp-content\/uploads\/2025\/03\/Catedrasm4-scaled-1.jpg","datePublished":"2024-12-20T09:12:58+00:00","dateModified":"2025-03-14T09:13:23+00:00","breadcrumb":{"@id":"https:\/\/www.upo.es\/catedraemprendimientosocial\/junta-y-universidades-publicas-andaluzas-ponen-en-marcha-la-red-de-catedras-de-economia-social\/#breadcrumb"},"inLanguage":"es","potentialAction":[{"@type":"ReadAction","target":["https:\/\/www.upo.es\/catedraemprendimientosocial\/junta-y-universidades-publicas-andaluzas-ponen-en-marcha-la-red-de-catedras-de-economia-social\/"]}]},{"@type":"ImageObject","inLanguage":"es","@id":"https:\/\/www.upo.es\/catedraemprendimientosocial\/junta-y-universidades-publicas-andaluzas-ponen-en-marcha-la-red-de-catedras-de-economia-social\/#primaryimage","url":"https:\/\/www.upo.es\/catedraemprendimientosocial\/wp-content\/uploads\/2025\/03\/Catedrasm4-scaled-1.jpg","contentUrl":"https:\/\/www.upo.es\/catedraemprendimientosocial\/wp-content\/uploads\/2025\/03\/Catedrasm4-scaled-1.jpg","width":2560,"height":1707},{"@type":"BreadcrumbList","@id":"https:\/\/www.upo.es\/catedraemprendimientosocial\/junta-y-universidades-publicas-andaluzas-ponen-en-marcha-la-red-de-catedras-de-economia-social\/#breadcrumb","itemListElement":[{"@type":"ListItem","position":1,"name":"Portada","item":"https:\/\/www.upo.es\/catedraemprendimientosocial\/"},{"@type":"ListItem","position":2,"name":"Junta y Universidades P\u00fablicas Andaluzas ponen en marcha la Red de C\u00e1tedras de Econom\u00eda Social"}]},{"@type":"WebSite","@id":"https:\/\/www.upo.es\/catedraemprendimientosocial\/#website","url":"https:\/\/www.upo.es\/catedraemprendimientosocial\/","name":"C\u00e1tedra Emprendimiento e Innovaci\u00f3n Empresarial en Econom\u00eda Social - Universidad Pablo de Olavide","description":"","publisher":{"@id":"https:\/\/www.upo.es\/catedraemprendimientosocial\/#organization"},"potentialAction":[{"@type":"SearchAction","target":{"@type":"EntryPoint","urlTemplate":"https:\/\/www.upo.es\/catedraemprendimientosocial\/?s={search_term_string}"},"query-input":{"@type":"PropertyValueSpecification","valueRequired":true,"valueName":"search_term_string"}}],"inLanguage":"es"},{"@type":"Organization","@id":"https:\/\/www.upo.es\/catedraemprendimientosocial\/#organization","name":"C\u00e1tedra Emprendimiento e Innovaci\u00f3n Empresarial en Econom\u00eda Social - Universidad Pablo de Olavide","url":"https:\/\/www.upo.es\/catedraemprendimientosocial\/","logo":{"@type":"ImageObject","inLanguage":"es","@id":"https:\/\/www.upo.es\/catedraemprendimientosocial\/#\/schema\/logo\/image\/","url":"https:\/\/www.upo.es\/catedraemprendimientosocial\/wp-content\/uploads\/2025\/03\/Logo-Catedra-Economia-Social.png","contentUrl":"https:\/\/www.upo.es\/catedraemprendimientosocial\/wp-content\/uploads\/2025\/03\/Logo-Catedra-Economia-Social.png","width":963,"height":300,"caption":"C\u00e1tedra Emprendimiento e Innovaci\u00f3n Empresarial en Econom\u00eda Social - Universidad Pablo de Olavide"},"image":{"@id":"https:\/\/www.upo.es\/catedraemprendimientosocial\/#\/schema\/logo\/image\/"}},{"@type":"Person","@id":"https:\/\/www.upo.es\/catedraemprendimientosocial\/#\/schema\/person\/28ce96d8a66fc9c91530fdf20e796f02","name":"ComunicacionFUPO","image":{"@type":"ImageObject","inLanguage":"es","@id":"https:\/\/www.upo.es\/catedraemprendimientosocial\/#\/schema\/person\/image\/","url":"https:\/\/secure.gravatar.com\/avatar\/4239a842e1cbbde053ab65850dddd9b00d8e30eed112223a1000e7903600bfbd?s=96&d=mm&r=g","contentUrl":"https:\/\/secure.gravatar.com\/avatar\/4239a842e1cbbde053ab65850dddd9b00d8e30eed112223a1000e7903600bfbd?s=96&d=mm&r=g","caption":"ComunicacionFUPO"},"url":"https:\/\/www.upo.es\/catedraemprendimientosocial\/author\/comunicacionfupo\/"}]}},"_links":{"self":[{"href":"https:\/\/www.upo.es\/catedraemprendimientosocial\/wp-json\/wp\/v2\/posts\/92","targetHints":{"allow":["GET"]}}],"collection":[{"href":"https:\/\/www.upo.es\/catedraemprendimientosocial\/wp-json\/wp\/v2\/posts"}],"about":[{"href":"https:\/\/www.upo.es\/catedraemprendimientosocial\/wp-json\/wp\/v2\/types\/post"}],"author":[{"embeddable":true,"href":"https:\/\/www.upo.es\/catedraemprendimientosocial\/wp-json\/wp\/v2\/users\/2"}],"replies":[{"embeddable":true,"href":"https:\/\/www.upo.es\/catedraemprendimientosocial\/wp-json\/wp\/v2\/comments?post=92"}],"version-history":[{"count":1,"href":"https:\/\/www.upo.es\/catedraemprendimientosocial\/wp-json\/wp\/v2\/posts\/92\/revisions"}],"predecessor-version":[{"id":94,"href":"https:\/\/www.upo.es\/catedraemprendimientosocial\/wp-json\/wp\/v2\/posts\/92\/revisions\/94"}],"wp:featuredmedia":[{"embeddable":true,"href":"https:\/\/www.upo.es\/catedraemprendimientosocial\/wp-json\/wp\/v2\/media\/93"}],"wp:attachment":[{"href":"https:\/\/www.upo.es\/catedraemprendimientosocial\/wp-json\/wp\/v2\/media?parent=92"}],"wp:term":[{"taxonomy":"category","embeddable":true,"href":"https:\/\/www.upo.es\/catedraemprendimientosocial\/wp-json\/wp\/v2\/categories?post=92"},{"taxonomy":"post_tag","embeddable":true,"href":"https:\/\/www.upo.es\/catedraemprendimientosocial\/wp-json\/wp\/v2\/tags?post=92"}],"curies":[{"name":"wp","href":"https:\/\/api.w.org\/{rel}","templated":true}]}}