{"id":2061,"date":"2025-03-12T14:02:56","date_gmt":"2025-03-12T13:02:56","guid":{"rendered":"https:\/\/www.upo.es\/ceicambio\/?p=2061"},"modified":"2025-03-12T14:37:03","modified_gmt":"2025-03-12T13:37:03","slug":"la-upo-se-suma-a-la-hora-del-planeta","status":"publish","type":"post","link":"https:\/\/www.upo.es\/ceicambio\/la-upo-se-suma-a-la-hora-del-planeta\/","title":{"rendered":"La UPO se suma a la Hora del Planeta"},"content":{"rendered":"<p align=\"justify\">El pr\u00f3ximo s\u00e1bado 22 de marzo, entre las 20:30h y 21:30h, la Universidad Pablo de Olavide se unir\u00e1 en la Hora del Planeta como un gesto simb\u00f3lico en defensa del medio ambiente<\/p>\n<p align=\"justify\"><a href=\"https:\/\/horadelplaneta.wwf.es\/\" target=\"_blank\" rel=\"noopener\">La Hora del Planeta<\/a>, organizado por la WWF, es un movimiento global que busca concienciar y llamar la atenci\u00f3n sobre la problem\u00e1tica del cambio clim\u00e1tico. Desde su creaci\u00f3n en S\u00eddney (Australia) en 2007, esta campa\u00f1a se ha convertido en uno de los mayores movimientos ambientales a nivel mundial, con la participaci\u00f3n de millones de personas, instituciones p\u00fablicas y privadas, empresas y asociaciones.<\/p>\n<p>En esta edici\u00f3n, la UPO apagar\u00e1 la iluminaci\u00f3n de su emblem\u00e1tica torre para reducir el consumo energ\u00e9tico como muestra de su compromiso en la lucha contra el cambio clim\u00e1tico y la protecci\u00f3n del planeta.<\/p>\n<p align=\"justify\">Adem\u00e1s de apagar la iluminaci\u00f3n de la torre, desde la Pablo de Olavide se anima y se hace un llamamiento a toda la comunidad universitaria para sumarse a esta causa apagando las luces de sus hogares o centros de trabajo. La UPO invita a reflexionar sobre c\u00f3mo peque\u00f1as acciones generan grandes cambios.<\/p>\n","protected":false},"excerpt":{"rendered":"<p>El pr\u00f3ximo s\u00e1bado 22 de marzo, entre las 20:30h y 21:30h, la Universidad Pablo de Olavide se unir\u00e1 en la Hora del Planeta como un gesto simb\u00f3lico en defensa del medio ambiente La Hora del Planeta, organizado por la WWF, es un movimiento global que busca concienciar y llamar la atenci\u00f3n sobre la problem\u00e1tica del cambio clim\u00e1tico. Desde su creaci\u00f3n en S\u00eddney (Australia) en 2007, esta campa\u00f1a se ha convertido en uno de los mayores movimientos ambientales a nivel mundial, con la participaci\u00f3n de millones de personas, instituciones p\u00fablicas y privadas, empresas y asociaciones. En esta edici\u00f3n, la UPO apagar\u00e1 la iluminaci\u00f3n de su emblem\u00e1tica torre para reducir el consumo energ\u00e9tico como muestra de su compromiso en la lucha contra el cambio clim\u00e1tico y la protecci\u00f3n del planeta. Adem\u00e1s de apagar la iluminaci\u00f3n de la torre, desde la Pablo de Olavide se anima y se hace un llamamiento a toda la comunidad universitaria para sumarse a esta causa apagando las luces de sus hogares o centros de trabajo. La UPO invita a reflexionar sobre c\u00f3mo peque\u00f1as acciones generan grandes cambios.<\/p>\n","protected":false},"author":1,"featured_media":2063,"comment_status":"open","ping_status":"open","sticky":false,"template":"","format":"standard","meta":{"give_campaign_id":0,"footnotes":""},"categories":[1],"tags":[],"class_list":["post-2061","post","type-post","status-publish","format-standard","has-post-thumbnail","hentry","category-sin-categoria"],"_links":{"self":[{"href":"https:\/\/www.upo.es\/ceicambio\/wp-json\/wp\/v2\/posts\/2061","targetHints":{"allow":["GET"]}}],"collection":[{"href":"https:\/\/www.upo.es\/ceicambio\/wp-json\/wp\/v2\/posts"}],"about":[{"href":"https:\/\/www.upo.es\/ceicambio\/wp-json\/wp\/v2\/types\/post"}],"author":[{"embeddable":true,"href":"https:\/\/www.upo.es\/ceicambio\/wp-json\/wp\/v2\/users\/1"}],"replies":[{"embeddable":true,"href":"https:\/\/www.upo.es\/ceicambio\/wp-json\/wp\/v2\/comments?post=2061"}],"version-history":[{"count":1,"href":"https:\/\/www.upo.es\/ceicambio\/wp-json\/wp\/v2\/posts\/2061\/revisions"}],"predecessor-version":[{"id":2062,"href":"https:\/\/www.upo.es\/ceicambio\/wp-json\/wp\/v2\/posts\/2061\/revisions\/2062"}],"wp:featuredmedia":[{"embeddable":true,"href":"https:\/\/www.upo.es\/ceicambio\/wp-json\/wp\/v2\/media\/2063"}],"wp:attachment":[{"href":"https:\/\/www.upo.es\/ceicambio\/wp-json\/wp\/v2\/media?parent=2061"}],"wp:term":[{"taxonomy":"category","embeddable":true,"href":"https:\/\/www.upo.es\/ceicambio\/wp-json\/wp\/v2\/categories?post=2061"},{"taxonomy":"post_tag","embeddable":true,"href":"https:\/\/www.upo.es\/ceicambio\/wp-json\/wp\/v2\/tags?post=2061"}],"curies":[{"name":"wp","href":"https:\/\/api.w.org\/{rel}","templated":true}]}}