{"id":10004088,"date":"2015-07-06T11:58:23","date_gmt":"2015-07-06T11:58:23","guid":{"rendered":"https:\/\/www.upo.es\/diario\/?p=10004088"},"modified":"2015-07-06T11:58:23","modified_gmt":"2015-07-06T11:58:23","slug":"juan-cruz-el-periodismo-de-trinchera-que-usa-la-informacion-como-arma-politica-es-deplorable","status":"publish","type":"post","link":"https:\/\/www.upo.es\/diario\/cursos-verano\/2015\/07\/juan-cruz-el-periodismo-de-trinchera-que-usa-la-informacion-como-arma-politica-es-deplorable\/","title":{"rendered":"Juan Cruz: \u201cEl periodismo de trinchera, que usa la informaci\u00f3n como arma pol\u00edtica, es deplorable\u201d"},"content":{"rendered":"<figure id=\"attachment_10004090\" aria-describedby=\"caption-attachment-10004090\" style=\"width: 600px\" class=\"wp-caption aligncenter\"><a href=\"https:\/\/www.upo.es\/diario\/wp-content\/uploads\/2015\/07\/Juan-Cruz_web.jpg\"><img loading=\"lazy\" decoding=\"async\" class=\"size-large wp-image-10004090\" alt=\"Juan Cruz, adjunto al director del diario El Pa\u00eds (izquierda) y el presidente de la Asociaci\u00f3n de la Prensa de Sevilla, Rafael Rodr\u00edguez\" src=\"https:\/\/www.upo.es\/diario\/wp-content\/uploads\/2015\/07\/Juan-Cruz_web-600x286.jpg\" width=\"600\" height=\"286\" srcset=\"https:\/\/www.upo.es\/diario\/wp-content\/uploads\/2015\/07\/Juan-Cruz_web-600x286.jpg 600w, https:\/\/www.upo.es\/diario\/wp-content\/uploads\/2015\/07\/Juan-Cruz_web-320x152.jpg 320w, https:\/\/www.upo.es\/diario\/wp-content\/uploads\/2015\/07\/Juan-Cruz_web.jpg 1122w\" sizes=\"auto, (max-width: 600px) 100vw, 600px\" \/><\/a><figcaption id=\"caption-attachment-10004090\" class=\"wp-caption-text\">Juan Cruz, adjunto al director del diario El Pa\u00eds (izquierda) y el presidente de la Asociaci\u00f3n de la Prensa de Sevilla, Rafael Rodr\u00edguez<\/figcaption><\/figure>\n<p>El adjunto al director del diario El Pa\u00eds, <strong>Juan Cruz Ruiz<\/strong>, ha afirmado hoy que es natural y habitual en el mundo democr\u00e1tico que los medios de comunicaci\u00f3n manifiesten sus preferencias pol\u00edticas, como en el caso de unas elecciones: \u201cLo es en Inglaterra, resulta evidente en Francia e incluso en Estados Unidos, donde el Washington Post y el New York Times expresan sus opciones pol\u00edticas con claridad. Lo peor es el periodismo de trinchera, en el que la informaci\u00f3n se usa como arma pol\u00edtica a favor de un determinado partido. Esto ha da\u00f1ado al periodismo espa\u00f1ol, algo que siento como deplorable\u201d.<\/p>\n<p>Juan Cruz ha realizado estas declaraciones con motivo de la inauguraci\u00f3n del <strong>curso \u201cC\u00f3mo ser periodista y no morir en el intento. \u00bfQu\u00e9 salidas tienen los profesionales del periodismo?\u201d<\/strong> que se est\u00e1 realizando en el marco de los cursos de verano que la Universidad Pablo de Olavide celebra cada a\u00f1o en su sede de Carmona y que dirige Rafael Rodr\u00edguez Guerrero, presidente de la Asociaci\u00f3n de la Prensa de Sevilla.<\/p>\n<p>El periodista de El Pa\u00eds, que ha impartido la conferencia \u201cPresente y futuro de la prensa escrita\u201d, ha manifestado que la realidad actual de la prensa escrita es opaca y oscura, afectando de manera grave a los profesionales en sus puestos de trabajo y, por tanto, en la identidad de lo que hacen: \u201cLas causas son conocidas y los sufrimientos tambi\u00e9n. Lo que sigue intacto es el componente \u00e9tico y vocacional del oficio. \u00c9ste se rehar\u00e1, no me cabe duda, en virtud de las nuevas tecnolog\u00edas o en funci\u00f3n del desarrollo tecnol\u00f3gico. Pero lo cierto es que la herida es grave, y la cura est\u00e1 lejos de vislumbrarse\u201d.<\/p>\n<p>En relaci\u00f3n al problema de la falta de compra de peri\u00f3dicos, debido a que los contenidos est\u00e1n gratis en las ediciones digitales en Internet, Juan Cruz ha considerado que una alternativa ser\u00eda crear un muro de pago eficaz, ya que cree \u201cfrustrante\u201d observar que los contenidos son usados gratuitamente. \u201cEs mucho esfuerzo el que hay detr\u00e1s para que el fruto de tu trabajo sea utilizado sin pagar contraprestaci\u00f3n alguna. Se empez\u00f3 casi jugando, y ahora este juego es un suicidio\u201d, ha puntualizado.<\/p>\n<p>En esta l\u00ednea, compatibilizar la viabilidad econ\u00f3mica de los peri\u00f3dicos y el mantenimiento de los puestos de trabajo con un formato de prensa digital es uno de los grandes retos del periodismo actual. Por ello, Cruz ha asegurado que \u201c\u00e9sa es la ambici\u00f3n que escucho tanto en mi peri\u00f3dico como fuera. De esa ambici\u00f3n se nutre nuestra esperanza. Conf\u00edo mucho en que los t\u00e9cnicos tomen en sus manos la gerencia de esta crisis, que es todav\u00eda una incertidumbre\u201d.<\/p>\n<p>Con respecto a que estemos asistiendo o al principio del fin de la prensa escrita, el periodista ha reconocido que es una predicci\u00f3n realizada por expertos en la materia, aunque \u00e9l ha dudado de que esta situaci\u00f3n se est\u00e9 produciendo realmente, \u201cquiz\u00e1 porque me queda muy poco tiempo para temerlo\u201d.<\/p>\n<p>Finalmente, Juan Cruz ha reflexionado sobre el futuro de los periodistas: \u201cSiempre habr\u00e1 periodismo y, en mis sensaciones, hay una muy fuerte: se necesitar\u00e1n m\u00e1s periodistas, y mejores, para contar una realidad que, en mi opini\u00f3n, se complicar\u00e1 cada vez m\u00e1s y tendr\u00e1 que ser contada cada vez con m\u00e1s profundidad y cr\u00edticamente. Para eso hacen falta periodistas, buenos periodistas\u201d, concluye.<\/p>\n<p>&nbsp;<\/p>\n","protected":false},"excerpt":{"rendered":"<p>El adjunto al director del diario El Pa\u00eds ha manifestado que la realidad actual de la prensa escrita es opaca y oscura, afectando de manera grave a los profesionales en sus puestos de trabajo<\/p>\n","protected":false},"author":6,"featured_media":10004091,"comment_status":"closed","ping_status":"open","sticky":false,"template":"","format":"standard","meta":{"_monsterinsights_skip_tracking":false,"_monsterinsights_sitenote_active":false,"_monsterinsights_sitenote_note":"","_monsterinsights_sitenote_category":0,"footnotes":""},"categories":[729],"tags":[23,350,22,984,217,687,76],"class_list":["post-10004088","post","type-post","status-publish","format-standard","has-post-thumbnail","hentry","category-cursos-verano","tag-carmona","tag-comunicacion","tag-cursos-de-verano","tag-medios-de-comunicacion","tag-nuevas-tecnologias","tag-periodismo","tag-politica"],"_links":{"self":[{"href":"https:\/\/www.upo.es\/diario\/wp-json\/wp\/v2\/posts\/10004088","targetHints":{"allow":["GET"]}}],"collection":[{"href":"https:\/\/www.upo.es\/diario\/wp-json\/wp\/v2\/posts"}],"about":[{"href":"https:\/\/www.upo.es\/diario\/wp-json\/wp\/v2\/types\/post"}],"author":[{"embeddable":true,"href":"https:\/\/www.upo.es\/diario\/wp-json\/wp\/v2\/users\/6"}],"replies":[{"embeddable":true,"href":"https:\/\/www.upo.es\/diario\/wp-json\/wp\/v2\/comments?post=10004088"}],"version-history":[{"count":3,"href":"https:\/\/www.upo.es\/diario\/wp-json\/wp\/v2\/posts\/10004088\/revisions"}],"predecessor-version":[{"id":10004093,"href":"https:\/\/www.upo.es\/diario\/wp-json\/wp\/v2\/posts\/10004088\/revisions\/10004093"}],"wp:featuredmedia":[{"embeddable":true,"href":"https:\/\/www.upo.es\/diario\/wp-json\/wp\/v2\/media\/10004091"}],"wp:attachment":[{"href":"https:\/\/www.upo.es\/diario\/wp-json\/wp\/v2\/media?parent=10004088"}],"wp:term":[{"taxonomy":"category","embeddable":true,"href":"https:\/\/www.upo.es\/diario\/wp-json\/wp\/v2\/categories?post=10004088"},{"taxonomy":"post_tag","embeddable":true,"href":"https:\/\/www.upo.es\/diario\/wp-json\/wp\/v2\/tags?post=10004088"}],"curies":[{"name":"wp","href":"https:\/\/api.w.org\/{rel}","templated":true}]}}