{"id":10004095,"date":"2015-07-06T00:21:55","date_gmt":"2015-07-06T00:21:55","guid":{"rendered":"https:\/\/www.upo.es\/diario\/?p=10004095"},"modified":"2015-07-07T10:52:09","modified_gmt":"2015-07-07T10:52:09","slug":"inaugurada-en-carmona-la-decimotercera-edicion-de-los-cursos-de-verano-de-la-universidad-pablo-de-olavide","status":"publish","type":"post","link":"https:\/\/www.upo.es\/diario\/institucional\/2015\/07\/inaugurada-en-carmona-la-decimotercera-edicion-de-los-cursos-de-verano-de-la-universidad-pablo-de-olavide\/","title":{"rendered":"Inaugurada en Carmona la decimotercera edici\u00f3n de los Cursos de Verano de la Universidad Pablo de Olavide"},"content":{"rendered":"<figure id=\"attachment_10004097\" aria-describedby=\"caption-attachment-10004097\" style=\"width: 600px\" class=\"wp-caption aligncenter\"><a href=\"https:\/\/www.upo.es\/diario\/wp-content\/uploads\/2015\/07\/carmona151_web.jpg\"><img loading=\"lazy\" decoding=\"async\" class=\"size-large wp-image-10004097\" alt=\"De izquierda a derecha, la diputada del \u00c1rea de Cultura y Ciudadan\u00eda de la Diputaci\u00f3n de Sevilla, Ana Isabel Jim\u00e9nez; el rector de la Universidad Pablo de Olavide, Vicente Guzm\u00e1n; el alcalde de Carmona, Juan \u00c1vila, y el subdirector adjunto de Acci\u00f3n Social de la Fundaci\u00f3n Cajasol, Luis Miguel Pons.\" src=\"https:\/\/www.upo.es\/diario\/wp-content\/uploads\/2015\/07\/carmona151_web-600x340.jpg\" width=\"600\" height=\"340\" srcset=\"https:\/\/www.upo.es\/diario\/wp-content\/uploads\/2015\/07\/carmona151_web-600x340.jpg 600w, https:\/\/www.upo.es\/diario\/wp-content\/uploads\/2015\/07\/carmona151_web-320x181.jpg 320w, https:\/\/www.upo.es\/diario\/wp-content\/uploads\/2015\/07\/carmona151_web.jpg 1936w\" sizes=\"auto, (max-width: 600px) 100vw, 600px\" \/><\/a><figcaption id=\"caption-attachment-10004097\" class=\"wp-caption-text\">De izquierda a derecha, la diputada del \u00c1rea de Cultura y Ciudadan\u00eda de la Diputaci\u00f3n de Sevilla, Ana Isabel Jim\u00e9nez; el rector de la Universidad Pablo de Olavide, Vicente Guzm\u00e1n; el alcalde de Carmona, Juan \u00c1vila, y el subdirector adjunto de Acci\u00f3n Social de la Fundaci\u00f3n Cajasol, Luis Miguel Pons.<\/figcaption><\/figure>\n<p>El rector de la Universidad Pablo de Olavide, Vicente Guzm\u00e1n Fluja; el alcalde de Carmona, Juan \u00c1vila Guti\u00e9rrez; la diputada del \u00c1rea de Cultura y Ciudadan\u00eda de la Diputaci\u00f3n de Sevilla, Ana Isabel Jim\u00e9nez Contreras y el subdirector adjunto de Acci\u00f3n Social de la Fundaci\u00f3n Cajasol, Luis Miguel Pons Moriche han presidido hoy lunes el acto oficial de inauguraci\u00f3n de la decimotercera edici\u00f3n de los Cursos de Verano de la UPO en Carmona.<\/p>\n<p><a href=\"https:\/\/www.upo.es\/diario\/wp-content\/uploads\/2015\/07\/carmona151b.jpg\"><img loading=\"lazy\" decoding=\"async\" class=\"alignright size-medium wp-image-10004098\" alt=\"carmona151b\" src=\"https:\/\/www.upo.es\/diario\/wp-content\/uploads\/2015\/07\/carmona151b-320x214.jpg\" width=\"320\" height=\"214\" srcset=\"https:\/\/www.upo.es\/diario\/wp-content\/uploads\/2015\/07\/carmona151b-320x214.jpg 320w, https:\/\/www.upo.es\/diario\/wp-content\/uploads\/2015\/07\/carmona151b-600x401.jpg 600w, https:\/\/www.upo.es\/diario\/wp-content\/uploads\/2015\/07\/carmona151b.jpg 1936w\" sizes=\"auto, (max-width: 320px) 100vw, 320px\" \/><\/a>En dicho acto tambi\u00e9n han estado presentes el vicerrector de Postgrado, Formaci\u00f3n Permanente y Empleo de la UPO, Miguel \u00c1ngel Gual Font; el director de la sede de la Universidad Pablo de Olavide en Carmona, Francisco Hidalgo Rosendo y el director general de CEADE, Diego G\u00e1lvez Ochoa.<\/p>\n<p>Concretamente, a lo largo del d\u00eda de hoy han comenzado en la sede \u2018Olavide en Carmona\u2019 los seminarios \u2018Docencia del ajedrez en Educaci\u00f3n Primaria\u2019; \u2018X Curso internacional sobre terrorismo yihadista: din\u00e1micas regionales y amenazas globales\u2019; \u2018C\u00f3mo ser periodista y no morir en el intento. \u00bfQu\u00e9 salidas tienen los profesionales del periodismo?\u2019 y \u2018Moda y comunicaci\u00f3n: emprendimiento en el dise\u00f1o, tendencias emergentes y nuevos modelos de negocio\u2019.<\/p>\n<p>En dicho evento tambi\u00e9n han participado los directores de los cursos: Eugenio M. Fedriani Martel, vicerrector de Planificaci\u00f3n Docente de la Universidad Pablo de Olavide y director del curso \u2018Docencia del ajedrez en educaci\u00f3n primaria\u2019 y Manuel Ricardo Torres Soriano, profesor del \u00c1rea de Ciencias Pol\u00edticas y de la Administraci\u00f3n de la UPO y director del \u2018X Curso internacional sobre terrorismo yihadista: din\u00e1micas regionales y amenazas globales\u2019.<\/p>\n<p>Asimismo, tambi\u00e9n han intervenido en el acto Rafael Rodr\u00edguez Guerrero, presidente de la Asociaci\u00f3n de la Prensa de Sevilla y director del curso \u2018C\u00f3mo ser periodista y no morir en el intento. \u00bfQu\u00e9 salidas tienen los profesionales del periodismo?\u2019 y Mar\u00eda Luisa Notario Rocha, doctora en Comunicaci\u00f3n y Dise\u00f1o del Centro Universitario San Isidoro, adscrito a la Universidad Pablo de Olavide y directora del curso \u201cModa y comunicaci\u00f3n: emprendimiento en el dise\u00f1o, tendencias emergentes y nuevos modelos de negocio\u201d.<\/p>\n<p>Vicente Guzm\u00e1n ha asegurado durante su intervenci\u00f3n que \u201cel conocimiento abierto genera m\u00e1s beneficios a la sociedad que el conocimiento patrimonializado, s\u00f3lo al alcance de unos pocos, por lo que las Universidades tenemos que ser capaces de abrirnos a las personas\u201d, de ah\u00ed la importancia de los cursos de verano de Olavide en Carmona.<\/p>\n<p>Adem\u00e1s, ha resaltado que este a\u00f1o la inauguraci\u00f3n de los cursos es especial, puesto que desde marzo la sede de la UPO en Carmona se llama Rectora Rosario Valpuesta. \u201cTambi\u00e9n se han cumplido 18 a\u00f1os desde la creaci\u00f3n de la Universidad Pablo de Olavide, que ya ha alcanzado su mayor\u00eda de edad, tanto a nivel cient\u00edfico, acad\u00e9mico\u2026\u201d, seg\u00fan ha declarado Vicente Guzm\u00e1n.<\/p>\n<p>Por su parte, el alcalde de Carmona ha mostrado su satisfacci\u00f3n porque se ha alcanzado ya la XIII edici\u00f3n de los cursos, de tem\u00e1tica amplia y variada, al tiempo que ha asegurado que Carmona es ya un referente internacional, gracias a la Universidad Pablo de Olavide. \u201cEl \u00e9xito de cada a\u00f1o es la actualidad de los cursos y su cercan\u00eda al ciudadano. Estamos en el buen camino y el esfuerzo hecho otros a\u00f1os est\u00e1 dando sus resultados\u201d, ha afirmado.<\/p>\n<p>Por otro lado, la diputada de Cultura y Ciudadan\u00eda ha asegurado que los cursos han posicionado a Carmona en el panorama cient\u00edfico, cultural y educativo a nivel nacional, debido a lo acertado de su oferta, a la que ha calificado de \u201cvariada, atractiva y diferente\u201d.<\/p>\n<p>Por \u00faltimo, el subdirector adjunto de Acci\u00f3n Social de la Fundaci\u00f3n Cajasol ha valorado la importancia de celebrar los cursos de verano en una ciudad como Carmona, al tiempo que ha hecho p\u00fablica la apuesta de la Fundaci\u00f3n por seguir impulsando temas de inter\u00e9s social, cultural y educativo.<\/p>\n","protected":false},"excerpt":{"rendered":"<p>El rector de la Universidad Pablo de Olavide, Vicente Guzm\u00e1n Fluja; el alcalde de Carmona, Juan \u00c1vila Guti\u00e9rrez; la diputada del \u00c1rea de Cultura y Ciudadan\u00eda de la Diputaci\u00f3n de Sevilla, Ana Isabel Jim\u00e9nez Contreras y el subdirector adjunto de Acci\u00f3n Social de la Fundaci\u00f3n Cajasol, Luis Miguel Pons Moriche han presidido hoy lunes el acto oficial de inauguraci\u00f3n de la decimotercera edici\u00f3n de los Cursos de Verano de la UPO en Carmona. <\/p>\n","protected":false},"author":6,"featured_media":0,"comment_status":"closed","ping_status":"open","sticky":false,"template":"","format":"standard","meta":{"_monsterinsights_skip_tracking":false,"_monsterinsights_sitenote_active":false,"_monsterinsights_sitenote_note":"","_monsterinsights_sitenote_category":0,"footnotes":""},"categories":[6],"tags":[645,23,22,609,328,349,519,82,38,106],"class_list":["post-10004095","post","type-post","status-publish","format-standard","hentry","category-institucional","tag-ayuntamientos","tag-carmona","tag-cursos-de-verano","tag-especializacion","tag-formacion-permanente","tag-inauguracion","tag-olavide-en-carmona","tag-postgrado","tag-rector","tag-vicente-c-guzman"],"_links":{"self":[{"href":"https:\/\/www.upo.es\/diario\/wp-json\/wp\/v2\/posts\/10004095","targetHints":{"allow":["GET"]}}],"collection":[{"href":"https:\/\/www.upo.es\/diario\/wp-json\/wp\/v2\/posts"}],"about":[{"href":"https:\/\/www.upo.es\/diario\/wp-json\/wp\/v2\/types\/post"}],"author":[{"embeddable":true,"href":"https:\/\/www.upo.es\/diario\/wp-json\/wp\/v2\/users\/6"}],"replies":[{"embeddable":true,"href":"https:\/\/www.upo.es\/diario\/wp-json\/wp\/v2\/comments?post=10004095"}],"version-history":[{"count":5,"href":"https:\/\/www.upo.es\/diario\/wp-json\/wp\/v2\/posts\/10004095\/revisions"}],"predecessor-version":[{"id":10011264,"href":"https:\/\/www.upo.es\/diario\/wp-json\/wp\/v2\/posts\/10004095\/revisions\/10011264"}],"wp:attachment":[{"href":"https:\/\/www.upo.es\/diario\/wp-json\/wp\/v2\/media?parent=10004095"}],"wp:term":[{"taxonomy":"category","embeddable":true,"href":"https:\/\/www.upo.es\/diario\/wp-json\/wp\/v2\/categories?post=10004095"},{"taxonomy":"post_tag","embeddable":true,"href":"https:\/\/www.upo.es\/diario\/wp-json\/wp\/v2\/tags?post=10004095"}],"curies":[{"name":"wp","href":"https:\/\/api.w.org\/{rel}","templated":true}]}}