{"id":10010937,"date":"2015-07-07T23:12:37","date_gmt":"2015-07-07T23:12:37","guid":{"rendered":"https:\/\/www.upo.es\/diario\/?p=10010937"},"modified":"2015-07-08T07:14:20","modified_gmt":"2015-07-08T07:14:20","slug":"experto-asegura-que-la-irrupcion-del-estado-islamico-agrava-la-amenaza-del-terrorismo-yihadista-en-europa","status":"publish","type":"post","link":"https:\/\/www.upo.es\/diario\/cursos-verano\/2015\/07\/experto-asegura-que-la-irrupcion-del-estado-islamico-agrava-la-amenaza-del-terrorismo-yihadista-en-europa\/","title":{"rendered":"Experto asegura que la irrupci\u00f3n del Estado Isl\u00e1mico agrava la amenaza del terrorismo yihadista en Europa"},"content":{"rendered":"<figure id=\"attachment_10010940\" aria-describedby=\"caption-attachment-10010940\" style=\"width: 600px\" class=\"wp-caption aligncenter\"><a href=\"https:\/\/www.upo.es\/diario\/wp-content\/uploads\/2015\/07\/Manuel-Ricardo-Torres-Soriano.jpg\"><img loading=\"lazy\" decoding=\"async\" class=\"size-large wp-image-10010940\" alt=\"Manuel Ricardo Torres Soriano\" src=\"https:\/\/www.upo.es\/diario\/wp-content\/uploads\/2015\/07\/Manuel-Ricardo-Torres-Soriano-600x340.jpg\" width=\"600\" height=\"340\" srcset=\"https:\/\/www.upo.es\/diario\/wp-content\/uploads\/2015\/07\/Manuel-Ricardo-Torres-Soriano-600x340.jpg 600w, https:\/\/www.upo.es\/diario\/wp-content\/uploads\/2015\/07\/Manuel-Ricardo-Torres-Soriano-320x181.jpg 320w, https:\/\/www.upo.es\/diario\/wp-content\/uploads\/2015\/07\/Manuel-Ricardo-Torres-Soriano.jpg 1056w\" sizes=\"auto, (max-width: 600px) 100vw, 600px\" \/><\/a><figcaption id=\"caption-attachment-10010940\" class=\"wp-caption-text\">Manuel Ricardo Torres afirma que Ceuta, Melilla, Madrid y Catalu\u00f1a son los puntos calientes del yihadismo en Espa\u00f1a<\/figcaption><\/figure>\n<p>El profesor de la Universidad Pablo de Olavide, Manuel Ricardo Torres Soriano, ha asegurado hoy que <strong>la irrupci\u00f3n del Estado Isl\u00e1mico supone un elemento de riesgo adicional que agrava la amenaza que supone el terrorismo yihadista para la seguridad de los europeos<\/strong>. Seg\u00fan ha explicado, las primeras estimaciones sobre la peligrosidad de este grupo identificaron de manera err\u00f3nea que su estrategia estaba orientada de manera exclusiva hacia la expansi\u00f3n y consolidaci\u00f3n en Siria e Irak, y que por tanto, m\u00e1s all\u00e1 de su ret\u00f3rica, no estar\u00eda interesado en dispersar sus esfuerzos proyectando atentados en Occidente.<\/p>\n<p>\u201cLamentablemente, el grupo ha demostrado en los \u00faltimos meses que no s\u00f3lo es capaz de inspirar hacia la violencia terrorista a los musulmanes radicalizados que viven en el continente, sino que tambi\u00e9n est\u00e1 implicado directamente en la realizaci\u00f3n de grandes ataques en suelo europeo como una forma de represaliar la implicaci\u00f3n de Occidente en su \u00e1rea de influencia, al tiempo que reivindica su liderazgo dentro del movimiento yihadista internacional\u201d, seg\u00fan ha declarado este especialista.<\/p>\n<p><strong>Torres Soriano ha hecho estas declaraciones durante la celebraci\u00f3n del \u201cX Curso internacional sobre terrorismo yihadista: din\u00e1micas regionales y amenazas locales\u201d<\/strong>, que se est\u00e1 desarrollando en la sede de la Universidad Pablo de Olavide en Carmona dentro del marco de los cursos de verano y que dirige este experto. En el mismo, ha impartido la ponencia \u201cMovilizaci\u00f3n y reclutamiento yihadista a trav\u00e9s de Internet\u201d.<\/p>\n<p>Con respecto a las formas de realizar la movilizaci\u00f3n y reclutamiento yihadista a trav\u00e9s de Internet, el profesor de la UPO ha explicado que se lleva a cabo a trav\u00e9s de una intensa actividad propagand\u00edstica, donde no s\u00f3lo se idealizan las condiciones de vida que esperan a cualquier musulm\u00e1n que se desplaza a las tierras del \u2018Califato\u2019, sino que tambi\u00e9n se crea en ellos un sentimiento de culpabilidad por no responder a la llamada de la yihad en defensa de la religi\u00f3n y sus gentes frente a los ataques de todo tipo de enemigos despiadados. Uno vez creado el deseo de unirse a los muyahid\u00edn, el paso a la acci\u00f3n se ve facilitado por la multitud de \u2018puntos de encuentro\u2019 disponibles en internet y especialmente en las redes sociales, con informaci\u00f3n sobre rutas, personas de contacto, etc.<\/p>\n<p>Aunque muchos de estos radicales han nacido o vivido en nuestro pa\u00eds, su rechazo hacia el modelo de vida de Occidente y de los occidentales es evidente. Seg\u00fan Torres Soriano, esto se debe a que interpretan la realidad de forma maniquea, lo que les lleva a situar el origen de todos los males en una \u00fanica causa, que no es otra que la acci\u00f3n deliberada de un enemigo que act\u00faa de manera despiadada y con objetivos inconfesables.<\/p>\n<p>En su opini\u00f3n, \u201cesa simplificaci\u00f3n de la realidad resulta atractiva para determinados sujetos que no quieren enfrentarse al hecho de que el mundo que les rodea es complejo y lleno de matices. De esta manera, ellos tambi\u00e9n tienen que asumir su responsabilidad en las causas que provocan su ira y frustraci\u00f3n\u201d.<\/p>\n<p>En relaci\u00f3n con el perfil que buscan los terroristas a la hora de reclutar nuevos milicianos en Europa, Manuel Ricardo Torres ha manifestado que \u201ccualquier perfil es interesante para este tipo de grupos, los cuales entienden que la yihad puede lucharse desde muy diversas v\u00edas. Su plan de actuaci\u00f3n est\u00e1, por tanto, proyectado hacia multitud de frentes, lo que les permite aprovechar a cualquier voluntario con independencia de su edad, formaci\u00f3n, situaci\u00f3n legal o habilidades\u201d.<\/p>\n<p>Seg\u00fan los \u00faltimos datos proporcionados por las autoridades espa\u00f1olas, el n\u00famero de espa\u00f1oles que se han alistado a las filas del Estado Isl\u00e1mico est\u00e1 por encima de las 100 personas. A nivel occidental, esta cifra ha sido estimada por encima de los 4.000 hombres y mujeres. A\u00fan as\u00ed, \u201cestablecer una cifra es una tarea tremendamente complicada, lo \u00fanico que queda fuera de duda es que el n\u00famero no deja de crecer a un ritmo preocupante\u201d, puntualiza el director del curso.<\/p>\n<p>Por \u00faltimo, Torres Soriano ha explicado en qu\u00e9 lugares se ubican los puntos calientes del terrorismo yihadista en Espa\u00f1a: \u201cEn la web del Grupo de Estudios en Seguridad Internacional (GESI) hemos elaborado un observatorio sobre la actividad yihadista en Espa\u00f1a. En el mismo se ofrece una herramienta donde puede visualizarse la ubicaci\u00f3n geogr\u00e1fica de las distintas operaciones contra el terrorismo yihadista que se han llevado en nuestro pa\u00eds. Una de las principales conclusiones es que los individuos y c\u00e9lulas relacionadas con este tipo de actividades se encuentran concentrados de manera mayoritaria en algunos puntos de nuestra geograf\u00eda, entre los que destacan las dos ciudades aut\u00f3nomas de Ceuta y Melilla, Madrid y Catalu\u00f1a. Se trata de un elemento a tener muy presente a la hora de entender c\u00f3mo se ha manifestado la amenaza en Espa\u00f1a\u201d, finaliza.<\/p>\n<p>&nbsp;<\/p>\n","protected":false},"excerpt":{"rendered":"<p>El profesor de la Universidad Pablo de Olavide, Manuel Ricardo Torres Soriano, ha asegurado hoy que la irrupci\u00f3n del Estado Isl\u00e1mico supone un elemento de riesgo adicional que agrava la amenaza que supone el terrorismo yihadista para la seguridad de los europeos.<\/p>\n","protected":false},"author":6,"featured_media":10010941,"comment_status":"closed","ping_status":"open","sticky":false,"template":"","format":"standard","meta":{"_monsterinsights_skip_tracking":false,"_monsterinsights_sitenote_active":false,"_monsterinsights_sitenote_note":"","_monsterinsights_sitenote_category":0,"footnotes":""},"categories":[729],"tags":[23,2390,22,454,483,482,2496],"class_list":["post-10010937","post","type-post","status-publish","format-standard","has-post-thumbnail","hentry","category-cursos-verano","tag-carmona","tag-cuerpos-y-fuerzas-de-seguridad","tag-cursos-de-verano","tag-europa","tag-seguridad","tag-terrorismo","tag-yihadismo"],"_links":{"self":[{"href":"https:\/\/www.upo.es\/diario\/wp-json\/wp\/v2\/posts\/10010937","targetHints":{"allow":["GET"]}}],"collection":[{"href":"https:\/\/www.upo.es\/diario\/wp-json\/wp\/v2\/posts"}],"about":[{"href":"https:\/\/www.upo.es\/diario\/wp-json\/wp\/v2\/types\/post"}],"author":[{"embeddable":true,"href":"https:\/\/www.upo.es\/diario\/wp-json\/wp\/v2\/users\/6"}],"replies":[{"embeddable":true,"href":"https:\/\/www.upo.es\/diario\/wp-json\/wp\/v2\/comments?post=10010937"}],"version-history":[{"count":5,"href":"https:\/\/www.upo.es\/diario\/wp-json\/wp\/v2\/posts\/10010937\/revisions"}],"predecessor-version":[{"id":10017758,"href":"https:\/\/www.upo.es\/diario\/wp-json\/wp\/v2\/posts\/10010937\/revisions\/10017758"}],"wp:featuredmedia":[{"embeddable":true,"href":"https:\/\/www.upo.es\/diario\/wp-json\/wp\/v2\/media\/10010941"}],"wp:attachment":[{"href":"https:\/\/www.upo.es\/diario\/wp-json\/wp\/v2\/media?parent=10010937"}],"wp:term":[{"taxonomy":"category","embeddable":true,"href":"https:\/\/www.upo.es\/diario\/wp-json\/wp\/v2\/categories?post=10010937"},{"taxonomy":"post_tag","embeddable":true,"href":"https:\/\/www.upo.es\/diario\/wp-json\/wp\/v2\/tags?post=10010937"}],"curies":[{"name":"wp","href":"https:\/\/api.w.org\/{rel}","templated":true}]}}