{"id":10011581,"date":"2015-07-08T04:13:17","date_gmt":"2015-07-08T04:13:17","guid":{"rendered":"https:\/\/www.upo.es\/diario\/?p=10011581"},"modified":"2015-07-08T04:13:44","modified_gmt":"2015-07-08T04:13:44","slug":"la-periodista-y-escritora-maruja-torres-clausura-hoy-el-curso-como-ser-periodista-y-no-morir-en-el-intento","status":"publish","type":"post","link":"https:\/\/www.upo.es\/diario\/institucional\/2015\/07\/la-periodista-y-escritora-maruja-torres-clausura-hoy-el-curso-como-ser-periodista-y-no-morir-en-el-intento\/","title":{"rendered":"La periodista y escritora Maruja Torres clausura hoy el curso \u201cC\u00f3mo ser periodista y no morir en el intento\u201d"},"content":{"rendered":"<figure id=\"attachment_10011583\" aria-describedby=\"caption-attachment-10011583\" style=\"width: 320px\" class=\"wp-caption alignright\"><img loading=\"lazy\" decoding=\"async\" class=\"size-medium wp-image-10011583\" alt=\"Maruja Torres. Foto: Dovidena del Campo\" src=\"https:\/\/www.upo.es\/diario\/wp-content\/uploads\/2015\/07\/3505445586_6ebb3480ac_b-320x213.jpg\" width=\"320\" height=\"213\" srcset=\"https:\/\/www.upo.es\/diario\/wp-content\/uploads\/2015\/07\/3505445586_6ebb3480ac_b-320x213.jpg 320w, https:\/\/www.upo.es\/diario\/wp-content\/uploads\/2015\/07\/3505445586_6ebb3480ac_b-600x400.jpg 600w, https:\/\/www.upo.es\/diario\/wp-content\/uploads\/2015\/07\/3505445586_6ebb3480ac_b.jpg 1024w\" sizes=\"auto, (max-width: 320px) 100vw, 320px\" \/><figcaption id=\"caption-attachment-10011583\" class=\"wp-caption-text\">Maruja Torres. Foto: Dovidena del Campo<\/figcaption><\/figure>\n<p>La periodista y escritora Maruja Torres clausura hoy mi\u00e9rcoles el curso \u201cC\u00f3mo ser periodista y no morir en el intento\u201d <b>con la conferencia \u201cUna visi\u00f3n libre del presente y futuro de los periodistas y del periodismo\u201d <\/b>a partir de las 16,30 horas en el aula 4 de la Casa Palacio de Los Briones. Antes de esta intervenci\u00f3n, por la ma\u00f1ana, el programa de este seminario, dirigido por Rafael Rodr\u00edguez Guerrero, presidente de la Asociaci\u00f3n de la Prensa de Sevilla, se completa con dos ponencias que tendr\u00e1n lugar a las 10,00 y a las 12,00 horas. La primera de ellas titulada \u201cLa salida de los gabinetes de comunicaci\u00f3n\u201d impartida por F\u00e9lix Madero Villarejo, director de Comunicaci\u00f3n y Relaciones Institucionales de AENA; y la segunda, \u201c\u00bfC\u00f3mo se plantean las facultades de Comunicaci\u00f3n el presente y el futuro de los periodistas?, a cargo de Juan Antonio Garc\u00eda Galindo, decano de la Facultad de Comunicaci\u00f3n de M\u00e1laga y presidente de la Asociaci\u00f3n Espa\u00f1ola de Universidades con titulaciones de Informaci\u00f3n y Comunicaci\u00f3n.<\/p>\n<p>Por otro lado, <b>hoy comienza en Carmona el seminario <a title=\"Programa en PDF\" href=\"http:\/\/www.upo.es\/olavideencarmona\/export\/sites\/upo_carmona\/documentos\/2015\/2015cc07.pdf\" target=\"_blank\">\u201cCoaching, comunicaci\u00f3n y liderazgo. Aplicaci\u00f3n en el \u00e1mbito institucional, pol\u00edtico y empresarial\u201d<\/a><\/b>, dirigido por Samantha Mu\u00f1oz Vera, coordinadora de Proyectos del Instituto de Coaching y Liderazgo (ICL). Durante tres d\u00edas, hasta el pr\u00f3ximo viernes, en el aula 3 de la Casa Palacio de Los Briones, este curso acercar\u00e1 los beneficios de la aplicaci\u00f3n de esta disciplina al \u00e1mbito institucional, empresarial y pol\u00edtico. La primera jornada se iniciar\u00e1 con dos conferencias en las que David Javier Garc\u00eda Ostos, coach y director del Instituto de Coaching y Liderazgo, abordar\u00e1 \u201cCoaching, comunicaci\u00f3n y liderazgo\u201d en dos partes: a las 10,30 horas y a las 13,00 horas. Para finalizar este primer d\u00eda, a las 16,00 horas, Marina G. Diaz-Jarg\u00fcin Vizca\u00edno, coach licenciada en Marketing y experta universitaria en Coaching Personal, Organizacional y Ejecutivo hablar\u00e1 sobre \u201cEl arte de liderar: desarrolla tu propio estilo\u201d.<\/p>\n<p>El <b>curso \u201cDocencia del ajedrez en Educaci\u00f3n Primaria\u201d<\/b> contin\u00faa hoy mi\u00e9rcoles con una jornada centrada en la figura del monitor de ajedrez que se celebrar\u00e1 en el aula 2 de la Casa Palacio de Los Briones. En primer lugar, a las 9,00 horas, comenzar\u00e1 la conferencia \u201cLa formaci\u00f3n de monitores de ajedrez\u201d y a continuaci\u00f3n, a las 10,30 horas y a las 12,00 horas, los dos primeros talleres pr\u00e1cticos sobre \u201cEjercicios de apoyo para el monitor de ajedrez\u201d. Todas estas actividades ser\u00e1n impartidas por Daniel Escobar Dom\u00ednguez, vocal de ajedrez escolar de la Federaci\u00f3n Espa\u00f1ola de Ajedrez. El \u00faltimo taller de la jornada tendr\u00e1 lugar a partir de las 16,30 horas y en \u00e9l, Alberto Fedriani Martel, director del curso, explicar\u00e1 \u201cConsejos pr\u00e1cticos para el monitor de ajedrez\u201d.<\/p>\n<p>Por \u00faltimo<b>, hoy tambi\u00e9n concluye en el Hotel Alc\u00e1zar de la Reina la X edici\u00f3n del \u201cCurso internacional sobre terrorismo yihadista\u201d<\/b> con cuatro conferencias. En primer lugar, a las 10,00 horas, Javier Jord\u00e1n Enamorado, profesor del departamento de Ciencias Pol\u00edticas y de la Administraci\u00f3n de la\u00a0 Universidad de Granada, analizar\u00e1 \u201cLa amenaza del Estado Isl\u00e1mico\/Daesh y sus repercusiones para la seguridad europea\u201d y una hora m\u00e1s tarde, a las 11,00 horas, Luis de la Corte Ib\u00e1\u00f1ez, profesor del departamento de Psicolog\u00eda Social de la Universidad Aut\u00f3noma de Madrid, abordar\u00e1 \u201cEntornos propicios para el yihadismo: los enclaves de Ceuta y Melilla\u201d. La jornada continuar\u00e1 a las 12,30 horas con la ponencia \u201cLa opini\u00f3n p\u00fablica espa\u00f1ola ante la amenaza del terrorismo y el papel de las v\u00edctimas\u201d que ser\u00e1 impartida por Jos\u00e9 Francisco Llera Ramo, catedr\u00e1tico de Ciencia Pol\u00edtica de la Universidad del Pa\u00eds Vasco y finalizar\u00e1 a las 13,30 con la conferencia de clausura titulada \u201cLa adaptaci\u00f3n de la pol\u00edtica de defensa espa\u00f1ola a la lucha contra la amenaza yihadista\u201d que estar\u00e1 a cargo de Juan Antonio Moliner Gonz\u00e1lez, general de Divisi\u00f3n y director del Gabinete T\u00e9cnico del Secretario General de Pol\u00edtica de Defensa.<\/p>\n","protected":false},"excerpt":{"rendered":"<p>La periodista y escritora Maruja Torres clausura hoy mi\u00e9rcoles el curso \u201cC\u00f3mo ser periodista y no morir en el intento\u201d con la conferencia \u201cUna visi\u00f3n libre del presente y futuro de los periodistas y del periodismo\u201d a partir de las 16,30 horas en el aula 4 de la Casa Palacio de Los Briones.<\/p>\n","protected":false},"author":6,"featured_media":0,"comment_status":"closed","ping_status":"open","sticky":false,"template":"","format":"standard","meta":{"_monsterinsights_skip_tracking":false,"_monsterinsights_sitenote_active":false,"_monsterinsights_sitenote_note":"","_monsterinsights_sitenote_category":0,"footnotes":""},"categories":[6],"tags":[23,757,350,22,519,687,482,2496],"class_list":["post-10011581","post","type-post","status-publish","format-standard","hentry","category-institucional","tag-carmona","tag-coaching","tag-comunicacion","tag-cursos-de-verano","tag-olavide-en-carmona","tag-periodismo","tag-terrorismo","tag-yihadismo"],"_links":{"self":[{"href":"https:\/\/www.upo.es\/diario\/wp-json\/wp\/v2\/posts\/10011581","targetHints":{"allow":["GET"]}}],"collection":[{"href":"https:\/\/www.upo.es\/diario\/wp-json\/wp\/v2\/posts"}],"about":[{"href":"https:\/\/www.upo.es\/diario\/wp-json\/wp\/v2\/types\/post"}],"author":[{"embeddable":true,"href":"https:\/\/www.upo.es\/diario\/wp-json\/wp\/v2\/users\/6"}],"replies":[{"embeddable":true,"href":"https:\/\/www.upo.es\/diario\/wp-json\/wp\/v2\/comments?post=10011581"}],"version-history":[{"count":4,"href":"https:\/\/www.upo.es\/diario\/wp-json\/wp\/v2\/posts\/10011581\/revisions"}],"predecessor-version":[{"id":10011584,"href":"https:\/\/www.upo.es\/diario\/wp-json\/wp\/v2\/posts\/10011581\/revisions\/10011584"}],"wp:attachment":[{"href":"https:\/\/www.upo.es\/diario\/wp-json\/wp\/v2\/media?parent=10011581"}],"wp:term":[{"taxonomy":"category","embeddable":true,"href":"https:\/\/www.upo.es\/diario\/wp-json\/wp\/v2\/categories?post=10011581"},{"taxonomy":"post_tag","embeddable":true,"href":"https:\/\/www.upo.es\/diario\/wp-json\/wp\/v2\/tags?post=10011581"}],"curies":[{"name":"wp","href":"https:\/\/api.w.org\/{rel}","templated":true}]}}