{"id":10019340,"date":"2015-07-09T04:33:57","date_gmt":"2015-07-09T04:33:57","guid":{"rendered":"https:\/\/www.upo.es\/diario\/?p=10019340"},"modified":"2015-07-09T11:08:49","modified_gmt":"2015-07-09T11:08:49","slug":"los-ciudadanos-tienden-a-olvidarse-de-la-presencia-real-de-la-amenaza-del-terrorismo-yihadista-2","status":"publish","type":"post","link":"https:\/\/www.upo.es\/diario\/institucional\/2015\/07\/los-ciudadanos-tienden-a-olvidarse-de-la-presencia-real-de-la-amenaza-del-terrorismo-yihadista-2\/","title":{"rendered":"Hoy comienza el curso de verano \u201cGobierno abierto y reutilizaci\u00f3n de informaci\u00f3n p\u00fablica en el \u00e1mbito local\u201d"},"content":{"rendered":"<figure id=\"attachment_4713198\" aria-describedby=\"caption-attachment-4713198\" style=\"width: 320px\" class=\"wp-caption alignright\"><img loading=\"lazy\" decoding=\"async\" class=\"size-medium wp-image-4713198\" alt=\"Gr\u00e1fico: Armel Le Coz and Cyril Lage\" src=\"https:\/\/www.upo.es\/diario\/wp-content\/uploads\/2014\/07\/Open_government_schema-320x226.jpg\" width=\"320\" height=\"226\" srcset=\"https:\/\/www.upo.es\/diario\/wp-content\/uploads\/2014\/07\/Open_government_schema-320x226.jpg 320w, https:\/\/www.upo.es\/diario\/wp-content\/uploads\/2014\/07\/Open_government_schema.jpg 512w\" sizes=\"auto, (max-width: 320px) 100vw, 320px\" \/><figcaption id=\"caption-attachment-4713198\" class=\"wp-caption-text\">Gr\u00e1fico: Armel Le Coz and Cyril Lage<\/figcaption><\/figure>\n<p>Hoy comienza en Carmona un nuevo curso de verano de la Universidad Pablo de Olavide denominado <b>\u201cGobierno abierto y reutilizaci\u00f3n de informaci\u00f3n p\u00fablica en el \u00e1mbito local\u201d<\/b>, un seminario, que alcanza ya su tercera edici\u00f3n y que a lo largo de dos d\u00edas analizar\u00e1 c\u00f3mo se pueden iniciar estrategias de apertura en los gobiernos locales que promuevan la transparencia y participaci\u00f3n de los ciudadanos en los asuntos p\u00fablicos, as\u00ed como los beneficios sociales y econ\u00f3micos que se pueden obtener con un modelo de gobierno abierto basado en la colaboraci\u00f3n.<\/p>\n<p>Este seminario, <strong>coordinado por Alicia Troncoso, vicerrectora de TIC, Calidad e Innovaci\u00f3n de la UPO<\/strong>, se inaugurar\u00e1 a las 10,00 horas en el aula 1 de la Casa Palacio de Los Briones con una conferencia titulada \u201cDe la participaci\u00f3n ciudadana al Gobierno Abierto\u201d que ser\u00e1 impartida por Juan Medina Cobo, concejal del Gobierno Abierto, Comunicaci\u00f3n, Juventud y Deportes del Ayuntamiento de Quart de Poblet, en Valencia. A continuaci\u00f3n, a las 12,00 horas, Vicky Bola\u00f1os Huertas, periodista digital de RTVE.es y cofundadora del proyecto \u201cQuehacenlosdiputados.net\u201d, responder\u00e1 a la pregunta \u201cQu\u00e9 hacen los diputados: c\u00f3mo acercar el Congreso a la ciudadan\u00eda a trav\u00e9s del open data\u201d. Por la tarde, la primera jornada de este curso se completar\u00e1 con la ponencia \u201cLey de transparencia, acceso a la informaci\u00f3n p\u00fablica y buen gobierno\u201d que ser\u00e1 ofrecida a las 16,00 horas por Juli\u00e1n Valero Torrijos, profesor titular de Derecho Administrativo de la Universidad de Murcia e investigador del Proyecto de la Comisi\u00f3n Europea LAPSI (Legal Aspects of Public Sector Information) y el caso pr\u00e1ctico \u201cLa apertura de datos p\u00fablicos en el Ayuntamiento de Lorca: aspectos pr\u00e1cticos\u201d dirigido por Antonio Galindo Galindo, responsable de la Unidad de Inform\u00e1tica y responsable del proyecto Open Data del Ayuntamiento de Lorca.<\/p>\n<p>Por otro lado, hoy jueves tambi\u00e9n empieza el <b>curso \u201cProfesionalizaci\u00f3n de los gabinetes de comunicaci\u00f3n: nuevos horizontes laborales. El Tercer Sector y las redes sociales\u201d<\/b>, coordinado por Alfredo Guardia Jim\u00e9nez, del departamento de Formaci\u00f3n de M&amp;G Comunicaci\u00f3n y Mar\u00eda del Mar Manche\u00f1o Lupia\u00f1ez, corresponsable de \u201cSe buscan periodistas\u201d. Este seminario, que se celebrar\u00e1 en aula 4 de la Casa Palacio de Los Briones, se articula en torno a varios ejes: los gabinetes como una salida laboral factible en el actual contexto socioecon\u00f3mico; c\u00f3mo afrontar las situaciones de crisis de comunicaci\u00f3n; su estrecha vinculaci\u00f3n con el 2.0 y los diferentes \u00e1mbitos en los que convive esta especialidad, con especial atenci\u00f3n al Tercer Sector.<\/p>\n<p>La primera jornada de este curso comenzar\u00e1 a las 9,30 horas con la conferencia \u201cExternalizaci\u00f3n de los gabinetes de comunicaci\u00f3n: crea tu propia empresa\u201d que estar\u00e1 a cargo de Rosa Llacer Osorno, responsable de Descubre Comunicaci\u00f3n. Posteriormente, a las 11,00 horas, el director del curso, Alfredo Guardia Jim\u00e9nez, hablar\u00e1 sobre \u201cSituaciones de crisis de comunicaci\u00f3n en entidades de toda \u00edndole\u201d y a las 13,00 horas, Mar\u00eda del Mar Manche\u00f1o, tambi\u00e9n directora del curso y corresponsable de \u201cSe buscan periodistas\u201d ofrecer\u00e1 la ponencia \u201cTelegenia: cualidades que debemos reunir en televisi\u00f3n para lograr \u00e9xito entre el p\u00fablico\u201d.<\/p>\n<p>Tras el descanso de mediod\u00eda, a partir de las 16,00 horas, se celebrar\u00e1 la mesa redonda \u201cGabinetes de comunicaci\u00f3n en empresas privadas, entes p\u00fablicos y organizaciones no gubernamentales\u201d en la que intervendr\u00e1n Julio Cuesta Dom\u00ednguez, presidente de la Fundaci\u00f3n Cruzcampo y To\u00f1i Sarabia D\u00edaz, responsable de Comunicaci\u00f3n de la Fundaci\u00f3n Tres Culturas del Mediterr\u00e1neo y que estar\u00e1 moderada por el director del seminario, Alfredo Guardia, quien ser\u00e1 adem\u00e1s, el responsable de impartir la \u00faltima ponencia de la jornada a partir de las 18,00 horas bajo el t\u00edtulo \u201cEl universo de las redes sociales en los gabinetes de prensa\u201d.<\/p>\n<p>Adem\u00e1s, <b>contin\u00faan celebr\u00e1ndose en Carmona los cursos \u201cDocencia del ajedrez en Educaci\u00f3n Primaria\u201d y \u201cCoaching, comunicaci\u00f3n y liderazgo\u201d<\/b>. El primero de ellos presenta hoy \u00a0un programa compuesto por una conferencia en la que se analizar\u00e1 la relaci\u00f3n entre \u201cAjedrez y Matem\u00e1ticas\u201d y tres talleres pr\u00e1cticos. En primer lugar, se comenzar\u00e1 a las 09,00 horas con la conferencia impartida por Rafael Montero Campuzano, profesor de Matem\u00e1ticas y monitor de ajedrez en el IES San Juan de Dios de Medina Sidonia en C\u00e1diz y a continuaci\u00f3n, a las 10,30 horas, ser\u00e1 el turno de Miguel \u00c1ngel Oviedo Rodr\u00edguez, capit\u00e1n y monitor de ajedrez del Club de Ajedrez Claret, que dirigir\u00e1 el taller \u201cAperturas y finales\u201d. Posteriormente, ambos ponentes, Rafael Montero y Miguel \u00c1ngel Oviedo, conducir\u00e1n conjuntamente el taller \u201cT\u00e1ctica y estrategia\u201d. Finalmente, a las 16,30 horas, comenzar\u00e1 el tercer y \u00faltimo taller de la jornada titulado \u201cAjedrez e integraci\u00f3n social\u201d y que estar\u00e1 a cargo de Adri\u00e1n Troncoso Guti\u00e9rrez, ex alumno de la Universidad Pablo de Olavide.<\/p>\n<p>Por \u00faltimo, el seminario sobre coaching inicia hoy su segunda jornada con la ponencia \u201cLidera las conversaciones: comunicaci\u00f3n eficaz con coaching y PNL\u201d que ser\u00e1 ofrecida por Samantha Mu\u00f1oz Vera, coordinadora del curso y coach experta en coaching personal, organizacional y ejecutivo. Esta ponencia se dividir\u00e1 en dos partes, la primera a partir de las 9,00 horas y la segunda a las 11,30 horas. En la sesi\u00f3n de tarde, a partir de las 16,00 horas, tendr\u00e1 lugar una conferencia-taller titulada \u201cDel liderazgo interior a la gesti\u00f3n de equipos\u201d y que impartir\u00e1 Mar\u00eda Falc\u00f3n Blanco, coach experta en Coaching y PNL.<\/p>\n","protected":false},"excerpt":{"rendered":"<p>Un seminario que analizar\u00e1 c\u00f3mo se pueden iniciar estrategias de apertura en los gobiernos locales que promuevan la transparencia y participaci\u00f3n de los ciudadanos en los asuntos p\u00fablicos, as\u00ed como los beneficios sociales y econ\u00f3micos que se pueden obtener con un modelo de gobierno abierto basado en la colaboraci\u00f3n. <\/p>\n","protected":false},"author":6,"featured_media":0,"comment_status":"closed","ping_status":"open","sticky":false,"template":"","format":"standard","meta":{"_monsterinsights_skip_tracking":false,"_monsterinsights_sitenote_active":false,"_monsterinsights_sitenote_note":"","_monsterinsights_sitenote_category":0,"footnotes":""},"categories":[6],"tags":[23,350,22,277,519,687,1179],"class_list":["post-10019340","post","type-post","status-publish","format-standard","hentry","category-institucional","tag-carmona","tag-comunicacion","tag-cursos-de-verano","tag-gobierno-abierto","tag-olavide-en-carmona","tag-periodismo","tag-transparencia"],"_links":{"self":[{"href":"https:\/\/www.upo.es\/diario\/wp-json\/wp\/v2\/posts\/10019340","targetHints":{"allow":["GET"]}}],"collection":[{"href":"https:\/\/www.upo.es\/diario\/wp-json\/wp\/v2\/posts"}],"about":[{"href":"https:\/\/www.upo.es\/diario\/wp-json\/wp\/v2\/types\/post"}],"author":[{"embeddable":true,"href":"https:\/\/www.upo.es\/diario\/wp-json\/wp\/v2\/users\/6"}],"replies":[{"embeddable":true,"href":"https:\/\/www.upo.es\/diario\/wp-json\/wp\/v2\/comments?post=10019340"}],"version-history":[{"count":11,"href":"https:\/\/www.upo.es\/diario\/wp-json\/wp\/v2\/posts\/10019340\/revisions"}],"predecessor-version":[{"id":10027095,"href":"https:\/\/www.upo.es\/diario\/wp-json\/wp\/v2\/posts\/10019340\/revisions\/10027095"}],"wp:attachment":[{"href":"https:\/\/www.upo.es\/diario\/wp-json\/wp\/v2\/media?parent=10019340"}],"wp:term":[{"taxonomy":"category","embeddable":true,"href":"https:\/\/www.upo.es\/diario\/wp-json\/wp\/v2\/categories?post=10019340"},{"taxonomy":"post_tag","embeddable":true,"href":"https:\/\/www.upo.es\/diario\/wp-json\/wp\/v2\/tags?post=10019340"}],"curies":[{"name":"wp","href":"https:\/\/api.w.org\/{rel}","templated":true}]}}