{"id":10027418,"date":"2015-07-09T12:19:57","date_gmt":"2015-07-09T12:19:57","guid":{"rendered":"https:\/\/www.upo.es\/diario\/?p=10027418"},"modified":"2015-07-09T12:21:18","modified_gmt":"2015-07-09T12:21:18","slug":"ricardo-montecatine-el-ajedrez-deberia-estar-en-los-colegios-como-una-faceta-mas-de-la-ensenanza","status":"publish","type":"post","link":"https:\/\/www.upo.es\/diario\/cursos-verano\/2015\/07\/ricardo-montecatine-el-ajedrez-deberia-estar-en-los-colegios-como-una-faceta-mas-de-la-ensenanza\/","title":{"rendered":"Ricardo Montecatine: \u00abEl ajedrez deber\u00eda estar en los colegios como una faceta m\u00e1s de la ense\u00f1anza\u00bb"},"content":{"rendered":"<figure id=\"attachment_10027421\" aria-describedby=\"caption-attachment-10027421\" style=\"width: 600px\" class=\"wp-caption aligncenter\"><a href=\"https:\/\/www.upo.es\/diario\/wp-content\/uploads\/2015\/07\/ajedrez.jpg\"><img loading=\"lazy\" decoding=\"async\" class=\"size-large wp-image-10027421\" alt=\"Ricardo Montecatine apuesta por la introducci\u00f3n del ajedrez en en todos los colegios, como una faceta m\u00e1s de la ense\u00f1anza.\" src=\"https:\/\/www.upo.es\/diario\/wp-content\/uploads\/2015\/07\/ajedrez-600x401.jpg\" width=\"600\" height=\"401\" srcset=\"https:\/\/www.upo.es\/diario\/wp-content\/uploads\/2015\/07\/ajedrez-600x401.jpg 600w, https:\/\/www.upo.es\/diario\/wp-content\/uploads\/2015\/07\/ajedrez-320x214.jpg 320w, https:\/\/www.upo.es\/diario\/wp-content\/uploads\/2015\/07\/ajedrez.jpg 1936w\" sizes=\"auto, (max-width: 600px) 100vw, 600px\" \/><\/a><figcaption id=\"caption-attachment-10027421\" class=\"wp-caption-text\">Ricardo Montecatine apuesta por la introducci\u00f3n del ajedrez en en todos los colegios, como una faceta m\u00e1s de la ense\u00f1anza.<\/figcaption><\/figure>\n<p>Si los ni\u00f1os espa\u00f1oles recibieran en la escuela nociones para la iniciaci\u00f3n al ajedrez, mejorar\u00edan la comprensi\u00f3n lectora, la l\u00f3gica, la resoluci\u00f3n de problemas, la responsabilidad en la toma de decisiones y la capacidad de concentraci\u00f3n de los alumnos. Es lo que ha defendido Ricardo Montecatine, presidente de la Federaci\u00f3n Andaluza de Ajedrez, al apostar por la introducci\u00f3n del ajedrez en \u201cen todos los colegios, como una faceta m\u00e1s de la ense\u00f1anza\u201d, y citando como modelo a seguir lo que ocurre en Hamburgo, \u201cdonde una hora semanal del bloque de matem\u00e1ticas se dedica al ajedrez. Eso es acertar en el planteamiento\u201d, sentencia.<\/p>\n<figure id=\"attachment_10027422\" aria-describedby=\"caption-attachment-10027422\" style=\"width: 320px\" class=\"wp-caption alignright\"><a href=\"https:\/\/www.upo.es\/diario\/wp-content\/uploads\/2015\/07\/Ricardo-Montecatine.jpg\"><img loading=\"lazy\" decoding=\"async\" class=\"size-medium wp-image-10027422\" alt=\"Ricardo Montecatine, presidente de la Federaci\u00f3n Andaluza de Ajedrez.\" src=\"https:\/\/www.upo.es\/diario\/wp-content\/uploads\/2015\/07\/Ricardo-Montecatine-320x214.jpg\" width=\"320\" height=\"214\" srcset=\"https:\/\/www.upo.es\/diario\/wp-content\/uploads\/2015\/07\/Ricardo-Montecatine-320x214.jpg 320w, https:\/\/www.upo.es\/diario\/wp-content\/uploads\/2015\/07\/Ricardo-Montecatine-600x401.jpg 600w, https:\/\/www.upo.es\/diario\/wp-content\/uploads\/2015\/07\/Ricardo-Montecatine.jpg 1936w\" sizes=\"auto, (max-width: 320px) 100vw, 320px\" \/><\/a><figcaption id=\"caption-attachment-10027422\" class=\"wp-caption-text\">Ricardo Montecatine, presidente de la Federaci\u00f3n Andaluza de Ajedrez.<\/figcaption><\/figure>\n<p>Ricardo Montecatine ha realizado estas declaraciones en el marco del curso de verano \u201cDocencia del ajedrez en Educaci\u00f3n Primaria\u201d, que se viene desarrollando desde el lunes bajo la direcci\u00f3n de Eugenio M. Fedriani Martel, del Departamento de Econom\u00eda, M\u00e9todos Cuantitativos e Historia Econ\u00f3mica de la Universidad Pablo de Olavide, en la sede de la UPO en Carmona.<\/p>\n<p>Montecatine denuncia la falta de implicaci\u00f3n pol\u00edtica en este asunto, ya que, a pesar de que se han presentado varias proposiciones no de ley en el Congreso de los Diputados, los distintos gobiernos \u201clas han ignorado\u201d, pese a que lo votado en la C\u00e1mara Baja \u201cya lo recomendaron la Unesco y el Senado en 1995, varios parlamentos auton\u00f3micos y el propio Parlamento Europeo en 2013\u201d, recuerda. Estas propuestas postulan la introducci\u00f3n de asignaturas espec\u00edficas en los planes de estudio de Educaci\u00f3n Primaria, \u201cpero mientras no se doten los presupuestos para formar a los docentes, de manera que hagan llegar los valores educativos de la pr\u00e1ctica del ajedrez a sus alumnos y tengamos horas de clase reservadas a su ense\u00f1anza, lo del Congreso es un brindis al sol m\u00e1s\u201d, lamenta.<\/p>\n<p>Tras aclarar que hay que distinguir entre la pr\u00e1ctica del ajedrez en competici\u00f3n federada, \u201cque requiere una dedicaci\u00f3n mayor\u201d, del mero aprendizaje del juego y de su pr\u00e1ctica en el \u00e1mbito docente, defiende que \u201caunque el ajedrez se presenta como una imitaci\u00f3n de la guerra, realmente imita a la vida\u201d, argumentando que \u201cnos pide tomar decisiones con poco tiempo y nos castiga si nos equivocamos; nos pide no precipitarnos en nuestros juicios; nos empuja hacia un permanente ejercicio de objetividad en los an\u00e1lisis\u201d. Ya en los a\u00f1os 70, recuerda, comenzaron a realizarse estudios sobre esta cuesti\u00f3n, concluyendo que el ajedrez \u201caumenta la creatividad, la concentraci\u00f3n, el pensamiento mental cr\u00edtico, la memoria, el rendimiento acad\u00e9mico, la soluci\u00f3n de problemas, el enriquecimiento cultural, la madurez intelectual, la autoestima y la puntuaci\u00f3n en los ex\u00e1menes\u201d, enumera, citando a Fergusson.<\/p>\n<p>Desde un punto de vista pedag\u00f3gico, el presidente de la Federaci\u00f3n Andaluza de Ajedrez recomienda \u201cno dedicar un tiempo excesivo al estudio de las aperturas, los finales o la estrategia, sino dedicar el m\u00e1ximo tiempo posible al entrenamiento en la t\u00e1ctica, es decir, en las combinaciones\u201d. Sobre la mejor edad para iniciarse en el ajedrez, Montecatine lo tiene claro: \u201centre los 7 y los 10 a\u00f1os\u201d, concluye.<\/p>\n<p align=\"center\"><b>\u00a0<\/b><\/p>\n","protected":false},"excerpt":{"rendered":"<p>El presidente de la Federaci\u00f3n Andaluza de Ajedrez defiende que su pr\u00e1ctica beneficia la comprensi\u00f3n lectora, la l\u00f3gica, la resoluci\u00f3n de problemas, la responsabilidad en la toma de decisiones y mejora la capacidad de concentraci\u00f3n.<\/p>\n","protected":false},"author":2,"featured_media":10027427,"comment_status":"closed","ping_status":"open","sticky":false,"template":"","format":"standard","meta":{"_monsterinsights_skip_tracking":false,"_monsterinsights_sitenote_active":false,"_monsterinsights_sitenote_note":"","_monsterinsights_sitenote_category":0,"footnotes":""},"categories":[729],"tags":[1914,23,22,541,1973,465,2507,451,519],"class_list":["post-10027418","post","type-post","status-publish","format-standard","has-post-thumbnail","hentry","category-cursos-verano","tag-ajedrez","tag-carmona","tag-cursos-de-verano","tag-deporte","tag-docencia","tag-educacion","tag-educacion-primaria","tag-infancia","tag-olavide-en-carmona"],"_links":{"self":[{"href":"https:\/\/www.upo.es\/diario\/wp-json\/wp\/v2\/posts\/10027418","targetHints":{"allow":["GET"]}}],"collection":[{"href":"https:\/\/www.upo.es\/diario\/wp-json\/wp\/v2\/posts"}],"about":[{"href":"https:\/\/www.upo.es\/diario\/wp-json\/wp\/v2\/types\/post"}],"author":[{"embeddable":true,"href":"https:\/\/www.upo.es\/diario\/wp-json\/wp\/v2\/users\/2"}],"replies":[{"embeddable":true,"href":"https:\/\/www.upo.es\/diario\/wp-json\/wp\/v2\/comments?post=10027418"}],"version-history":[{"count":3,"href":"https:\/\/www.upo.es\/diario\/wp-json\/wp\/v2\/posts\/10027418\/revisions"}],"predecessor-version":[{"id":10027425,"href":"https:\/\/www.upo.es\/diario\/wp-json\/wp\/v2\/posts\/10027418\/revisions\/10027425"}],"wp:featuredmedia":[{"embeddable":true,"href":"https:\/\/www.upo.es\/diario\/wp-json\/wp\/v2\/media\/10027427"}],"wp:attachment":[{"href":"https:\/\/www.upo.es\/diario\/wp-json\/wp\/v2\/media?parent=10027418"}],"wp:term":[{"taxonomy":"category","embeddable":true,"href":"https:\/\/www.upo.es\/diario\/wp-json\/wp\/v2\/categories?post=10027418"},{"taxonomy":"post_tag","embeddable":true,"href":"https:\/\/www.upo.es\/diario\/wp-json\/wp\/v2\/tags?post=10027418"}],"curies":[{"name":"wp","href":"https:\/\/api.w.org\/{rel}","templated":true}]}}