{"id":10035272,"date":"2015-07-13T00:02:14","date_gmt":"2015-07-13T00:02:14","guid":{"rendered":"https:\/\/www.upo.es\/diario\/?p=10035272"},"modified":"2015-07-13T07:38:28","modified_gmt":"2015-07-13T07:38:28","slug":"concierto-coro-upo-canticum-novum","status":"publish","type":"post","link":"https:\/\/www.upo.es\/diario\/cultura\/2015\/07\/concierto-coro-upo-canticum-novum\/","title":{"rendered":"Esta noche, concierto del Coro de la UPO y del Coro Canticum Novum en Granada"},"content":{"rendered":"<p><a href=\"https:\/\/www.upo.es\/diario\/wp-content\/uploads\/2015\/07\/Concierto-Inaugural-13-julio-2.jpg\"><img loading=\"lazy\" decoding=\"async\" class=\"alignright size-medium wp-image-10035273\" alt=\"Concierto Inaugural 13 julio 2\" src=\"https:\/\/www.upo.es\/diario\/wp-content\/uploads\/2015\/07\/Concierto-Inaugural-13-julio-2-228x320.jpg\" width=\"228\" height=\"320\" srcset=\"https:\/\/www.upo.es\/diario\/wp-content\/uploads\/2015\/07\/Concierto-Inaugural-13-julio-2-228x320.jpg 228w, https:\/\/www.upo.es\/diario\/wp-content\/uploads\/2015\/07\/Concierto-Inaugural-13-julio-2-428x600.jpg 428w, https:\/\/www.upo.es\/diario\/wp-content\/uploads\/2015\/07\/Concierto-Inaugural-13-julio-2-600x839.jpg 600w\" sizes=\"auto, (max-width: 228px) 100vw, 228px\" \/><\/a>Hoy lunes 13 de julio, a las 22:00 horas en el Real Colegio Mayor de San Bartolom\u00e9 y Santiago (C\/ San Jer\u00f3nimo 31, Granada), el <b>Coro de la <a href=\"https:\/\/www.upo.es\/portal\/impe\/web\/portada\">Universidad Pablo de Olavide<\/a><\/b> junto al <b><a href=\"http:\/\/canticumnovum.wix.com\/canticumnovum\">Coro Canticum Novum de Granada<\/a><\/b> y con la participaci\u00f3n del concertino <b>Vladimir Dmitrienco<\/b>, de la <a href=\"http:\/\/rossevilla.es\/\">Real Orquesta Sinf\u00f3nica de Sevilla<\/a>, ofrecer\u00e1 el <b>concierto \u201cM\u00fasica N\u00f3rdica para cuerdas y coro. Sunrise Mass. Ola Gjeilo\u201d<\/b>, que inaugurar\u00e1 el XXXI Curso Internacional de Interpretaci\u00f3n Musical Eduardo del Pueyo.<\/p>\n<p>Este concierto ofrecer\u00e1 obras de Ola Gjeilo, Jean Sibelius y Edvard Grieg. La direcci\u00f3n del coro de la UPO estar\u00e1 a cargo de Jorge Rodr\u00edguez Morata (director musical) y Miguel Rodr\u00edguez Rodr\u00edguez (director art\u00edstico). La entrada es libre hasta completar aforo.<\/p>\n<p align=\"center\"><b>PROGRAMA <\/b><\/p>\n<p>&nbsp;<\/p>\n<p><b>1\u00aa PARTE<\/b> (35 min.)<\/p>\n<p><b>Jean Sibelius <\/b>(1865-1957). Finlandia. (1865-1957). En el 150\u00ba Aniversario de su nacimiento.<\/p>\n<ul>\n<li>Finlandia, Himno.<\/li>\n<li>\u00a0Syd\u00e4meni Laulu (Vale of Tuoni).<\/li>\n<li>Andante Festivo, Op. 117\u00aa.<\/li>\n<\/ul>\n<p>&nbsp;<\/p>\n<p><b>Edvard Grieg<\/b> (1843-1907). Noruega..<\/p>\n<ul>\n<li>Suite Peer Gynt op. 23, de 1875 (Selecci\u00f3n). En el 140\u00ba Aniversario de su composici\u00f3n.<\/li>\n<li>Pinsesalme.<\/li>\n<li>Moorning Mood.<\/li>\n<li>The Dead of Aase.<\/li>\n<li>Anitra\u00b4s Dance.<\/li>\n<li>In the Hall of the Mountain King.<\/li>\n<\/ul>\n<p>&nbsp;<\/p>\n<p><b>Ola Gjeilo<\/b> (1978). Noruega.<\/p>\n<ul>\n<li>Ubi caritas y Northern Lights (a capella, Coro Canticum Novum).<\/li>\n<\/ul>\n<p>&nbsp;<\/p>\n<p><b>2\u00aa PARTE<\/b> (35 min.)<\/p>\n<p><b>Ola Gjeilo<\/b><\/p>\n<p>SunriseMass.<\/p>\n<ul>\n<li>The spheres.<\/li>\n<li>SunriseMass.<\/li>\n<li>The City.<\/li>\n<li>Identity &amp; the ground.<\/li>\n<\/ul>\n","protected":false},"excerpt":{"rendered":"<p>Hoy lunes 13 de julio, a las 22:00 horas en el Real Colegio Mayor de San Bartolom\u00e9 y Santiago (C\/ San Jer\u00f3nimo 31, Granada), el Coro de la Universidad Pablo de Olavide junto al Coro Canticum Novum de Granada y con la participaci\u00f3n del concertino Vladimir Dmitrienco, de la Real Orquesta Sinf\u00f3nica de Sevilla, ofrecer\u00e1 el concierto \u201cM\u00fasica N\u00f3rdica para cuerdas y coro. Sunrise Mass. Ola Gjeilo\u201d, que inaugurar\u00e1 el XXXI Curso Internacional de Interpretaci\u00f3n Musical Eduardo del Pueyo.<\/p>\n","protected":false},"author":2,"featured_media":0,"comment_status":"closed","ping_status":"open","sticky":false,"template":"","format":"standard","meta":{"_monsterinsights_skip_tracking":false,"_monsterinsights_sitenote_active":false,"_monsterinsights_sitenote_note":"","_monsterinsights_sitenote_category":0,"footnotes":""},"categories":[7],"tags":[403,2509,71,2430,2510,2432,2431],"class_list":["post-10035272","post","type-post","status-publish","format-standard","hentry","category-cultura","tag-concierto","tag-coro-canticum-novum-de-granada","tag-coro","tag-musica-nordica","tag-real-orquesta-sinfonica-de-sevilla","tag-ross","tag-vladimir-dmitrienco"],"_links":{"self":[{"href":"https:\/\/www.upo.es\/diario\/wp-json\/wp\/v2\/posts\/10035272","targetHints":{"allow":["GET"]}}],"collection":[{"href":"https:\/\/www.upo.es\/diario\/wp-json\/wp\/v2\/posts"}],"about":[{"href":"https:\/\/www.upo.es\/diario\/wp-json\/wp\/v2\/types\/post"}],"author":[{"embeddable":true,"href":"https:\/\/www.upo.es\/diario\/wp-json\/wp\/v2\/users\/2"}],"replies":[{"embeddable":true,"href":"https:\/\/www.upo.es\/diario\/wp-json\/wp\/v2\/comments?post=10035272"}],"version-history":[{"count":6,"href":"https:\/\/www.upo.es\/diario\/wp-json\/wp\/v2\/posts\/10035272\/revisions"}],"predecessor-version":[{"id":10056496,"href":"https:\/\/www.upo.es\/diario\/wp-json\/wp\/v2\/posts\/10035272\/revisions\/10056496"}],"wp:attachment":[{"href":"https:\/\/www.upo.es\/diario\/wp-json\/wp\/v2\/media?parent=10035272"}],"wp:term":[{"taxonomy":"category","embeddable":true,"href":"https:\/\/www.upo.es\/diario\/wp-json\/wp\/v2\/categories?post=10035272"},{"taxonomy":"post_tag","embeddable":true,"href":"https:\/\/www.upo.es\/diario\/wp-json\/wp\/v2\/tags?post=10035272"}],"curies":[{"name":"wp","href":"https:\/\/api.w.org\/{rel}","templated":true}]}}