{"id":10035277,"date":"2015-07-13T00:02:08","date_gmt":"2015-07-13T00:02:08","guid":{"rendered":"https:\/\/www.upo.es\/diario\/?p=10035277"},"modified":"2015-07-13T07:37:14","modified_gmt":"2015-07-13T07:37:14","slug":"el-proximo-lunes-se-celebra-en-carmona-una-conferencia-sobre-el-pintor-joaquin-valverde-lasarte","status":"publish","type":"post","link":"https:\/\/www.upo.es\/diario\/institucional\/2015\/07\/el-proximo-lunes-se-celebra-en-carmona-una-conferencia-sobre-el-pintor-joaquin-valverde-lasarte\/","title":{"rendered":"Hoy lunes se celebra en Carmona una conferencia sobre el pintor Joaqu\u00edn Valverde Lasarte"},"content":{"rendered":"<p>Hoy lunes, 13 de julio,<strong> a las 21,00 horas<\/strong>, <strong>en el Museo de la Ciudad de Carmona<\/strong> tendr\u00e1 lugar la<strong> conferencia \u00abEl pintor carmonense Joaqu\u00edn Valverde Lasarte (1896-1982): una aproximaci\u00f3n a su vida y a su obra\u00bb impartida por Javier Garc\u00eda-Luengo Manchado<\/strong>, profesor de la Universidad Carlos III de Madrid.<\/p>\n<p>Esta actividad, cuya entrada es libre y gratuita hasta completar aforo, est\u00e1 incluida dentro de la agenda del <strong>verano cultural 2015<\/strong>, organizado por la sede de la Universidad Pablo de Olavide en Carmona y la Delegaci\u00f3n de Cultura y de Patrimonio Hist\u00f3rico y Turismo del Ayuntamiento de Carmona.<\/p>\n<p>Joaqu\u00edn Valverde Lasarte (Sevilla 1896 &#8211; Carmona 1982) fue un pintor que destac\u00f3 por su dominio del dibujo y que obtuvo reconocimientos importantes como la Medalla del Concurso Nacional de Pintura en 1930 y 1932. Adem\u00e1s, en 1942 consigui\u00f3 la plaza de catedr\u00e1tico de la Escuela de Bellas Artes de San Fernando en Madrid, donde es uno de los exponentes m\u00e1s destacados del movimiento denominado \u00abLa Buena Academia\u00bb, que se distingue por la perfecci\u00f3n t\u00e9cnica y el clasicismo.<\/p>\n<p>Adem\u00e1s, junto a su labor pict\u00f3rica desempe\u00f1\u00f3 diferentes puestos oficiales como director de la Academia de Espa\u00f1a en Roma, profesor de la Real Escuela de San Fernando y acad\u00e9mico de n\u00famero de la Academia Espa\u00f1ola en Madrid, as\u00ed como otras muchas ocupaciones de alto relieve art\u00edstico que recogieron su intervenci\u00f3n.<\/p>\n<p>&nbsp;<\/p>\n","protected":false},"excerpt":{"rendered":"<p>Hoy lunes, 13 de julio, a las 21,00 horas, en el Museo de la Ciudad de Carmona tendr\u00e1 lugar la conferencia \u00abEl pintor carmonense Joaqu\u00edn Valverde Lasarte (1896-1982): una aproximaci\u00f3n a su vida y a su obra\u00bb impartida por Javier Garc\u00eda-Luengo Manchado, profesor de la Universidad Carlos III de Madrid.<\/p>\n","protected":false},"author":6,"featured_media":0,"comment_status":"closed","ping_status":"open","sticky":false,"template":"","format":"standard","meta":{"_monsterinsights_skip_tracking":false,"_monsterinsights_sitenote_active":false,"_monsterinsights_sitenote_note":"","_monsterinsights_sitenote_category":0,"footnotes":""},"categories":[6],"tags":[265,1254,23,227,519,2054,1709],"class_list":["post-10035277","post","type-post","status-publish","format-standard","hentry","category-institucional","tag-arte","tag-artes-plasticas","tag-carmona","tag-conferencia","tag-olavide-en-carmona","tag-pintura","tag-verano-cultural"],"_links":{"self":[{"href":"https:\/\/www.upo.es\/diario\/wp-json\/wp\/v2\/posts\/10035277","targetHints":{"allow":["GET"]}}],"collection":[{"href":"https:\/\/www.upo.es\/diario\/wp-json\/wp\/v2\/posts"}],"about":[{"href":"https:\/\/www.upo.es\/diario\/wp-json\/wp\/v2\/types\/post"}],"author":[{"embeddable":true,"href":"https:\/\/www.upo.es\/diario\/wp-json\/wp\/v2\/users\/6"}],"replies":[{"embeddable":true,"href":"https:\/\/www.upo.es\/diario\/wp-json\/wp\/v2\/comments?post=10035277"}],"version-history":[{"count":3,"href":"https:\/\/www.upo.es\/diario\/wp-json\/wp\/v2\/posts\/10035277\/revisions"}],"predecessor-version":[{"id":10056493,"href":"https:\/\/www.upo.es\/diario\/wp-json\/wp\/v2\/posts\/10035277\/revisions\/10056493"}],"wp:attachment":[{"href":"https:\/\/www.upo.es\/diario\/wp-json\/wp\/v2\/media?parent=10035277"}],"wp:term":[{"taxonomy":"category","embeddable":true,"href":"https:\/\/www.upo.es\/diario\/wp-json\/wp\/v2\/categories?post=10035277"},{"taxonomy":"post_tag","embeddable":true,"href":"https:\/\/www.upo.es\/diario\/wp-json\/wp\/v2\/tags?post=10035277"}],"curies":[{"name":"wp","href":"https:\/\/api.w.org\/{rel}","templated":true}]}}