{"id":10035281,"date":"2015-07-13T00:00:15","date_gmt":"2015-07-13T00:00:15","guid":{"rendered":"https:\/\/www.upo.es\/diario\/?p=10035281"},"modified":"2015-07-13T12:16:21","modified_gmt":"2015-07-13T12:16:21","slug":"el-ex-presidente-del-gobierno-jose-luis-rodriguez-zapatero-inaugura-el-proximo-lunes-el-curso-democracia-y-ciudadania","status":"publish","type":"post","link":"https:\/\/www.upo.es\/diario\/institucional\/2015\/07\/el-ex-presidente-del-gobierno-jose-luis-rodriguez-zapatero-inaugura-el-proximo-lunes-el-curso-democracia-y-ciudadania\/","title":{"rendered":"El ex presidente del gobierno Jos\u00e9 Luis Rodr\u00edguez Zapatero  inaugura hoy lunes el curso \u201cDemocracia y ciudadan\u00eda\u201d"},"content":{"rendered":"<figure id=\"attachment_2511328\" aria-describedby=\"caption-attachment-2511328\" style=\"width: 320px\" class=\"wp-caption alignright\"><img loading=\"lazy\" decoding=\"async\" class=\"size-medium wp-image-2511328\" alt=\"Jos\u00e9 Luis Rodr\u00edguez Zapatero impartir\u00e1 la conferencia inaugural &quot;Transici\u00f3n y memoria&quot;.  Cr\u00e9dito: Universal Image Group\" src=\"https:\/\/www.upo.es\/diario\/wp-content\/uploads\/2014\/01\/300_3205484-W-320x212.jpg\" width=\"320\" height=\"212\" srcset=\"https:\/\/www.upo.es\/diario\/wp-content\/uploads\/2014\/01\/300_3205484-W-320x212.jpg 320w, https:\/\/www.upo.es\/diario\/wp-content\/uploads\/2014\/01\/300_3205484-W-600x398.jpg 600w, https:\/\/www.upo.es\/diario\/wp-content\/uploads\/2014\/01\/300_3205484-W.jpg 800w\" sizes=\"auto, (max-width: 320px) 100vw, 320px\" \/><figcaption id=\"caption-attachment-2511328\" class=\"wp-caption-text\">Jos\u00e9 Luis Rodr\u00edguez Zapatero impartir\u00e1 la conferencia inaugural \u201cPol\u00edtica y ciudadan\u00eda\u201d. Foto: Universal Image Group<\/figcaption><\/figure>\n<p>Hoy lunes, 13 de julio,<strong> a las 11,00 horas, en el Sal\u00f3n de la Reina del Hotel Alc\u00e1zar de la Reina de Carmona<\/strong>, Jos\u00e9 Luis Rodr\u00edguez Zapatero, presidente del Gobierno entre 2004 y 2011, impartir\u00e1 la conferencia inaugural del<strong> curso \u201cDemocracia y ciudadan\u00eda hoy: nuevas formas de participaci\u00f3n pol\u00edtica. In memoriam a Rosario Valpuesta\u201d<\/strong>. En dicha intervenci\u00f3n, titulada \u201cPol\u00edtica y ciudadan\u00eda\u201d, Rodr\u00edguez Zapatero estar\u00e1 acompa\u00f1ado por el rector de la Universidad Pablo de Olavide, Vicente Guzm\u00e1n Fluja, que ser\u00e1 el encargado de realizar la presentaci\u00f3n y los directores de este curso: Francisco Infante Ruiz, profesor del departamento de Derecho Privado de la Universidad Pablo de Olavide y Atenea Melgarejo Vargas, economista y t\u00e9cnico de auditor\u00eda en la C\u00e1mara de Cuentas de Andaluc\u00eda.<\/p>\n<p>Este seminario, que tiene como finalidad acercar la pol\u00edtica a la sociedad como herramienta transformadora de la realidad y propiciar, al mismo tiempo, debates sobre la importancia de alcanzar elevadas cotas de calidad democr\u00e1tica y promover la participaci\u00f3n ciudadana, continuar\u00e1 a partir de las 13,00 horas con la ponencia \u201cDemocracia secuestrada: \u00bfpor qui\u00e9n?\u201d impartida por Mar\u00eda Jos\u00e9 Fari\u00f1as Dulce, catedr\u00e1tica de Filosof\u00eda y Sociolog\u00eda del Derecho y profesora del departamento de Derecho Internacional, Eclesi\u00e1stico y Filosof\u00eda del Derecho de la Universidad Carlos III de Madrid. Por la tarde, a partir de las 16,00 horas, se retomar\u00e1 la primera jornada con la intervenci\u00f3n de Dom\u00e8nec Ruiz Devesa, economista, asesor de la Delegaci\u00f3n Socialista Espa\u00f1ola en el Parlamento Europeo y vicepresidente de la Uni\u00f3n de Europe\u00edstas y Federalistas de Espa\u00f1a, quien hablar\u00e1 sobre \u201cDemocracia participativa en la Uni\u00f3n Europea\u201d y posteriormente, a las 17,00 horas, Rub\u00e9n Turienzo, experto en coaching pol\u00edtico y ejecutivo, dirigir\u00e1 la conferencia-taller \u201cLiderazgo, comunicaci\u00f3n y habilidades en influencia social\u201d.<\/p>\n<p>Igualmente, comienza hoy lunes y se prolongar\u00e1 durante toda la semana en el aula 6 de la Casa Palacio de Los Briones, el <strong>curso \u201cViolencia filioparental: intervenci\u00f3n integral\u201d<\/strong> dirigido por Antonio Reina Chamorro, educador social y socio fundador de Mentoris. El objetivo de este seminario es reflexionar sobre el poder transformador de la educaci\u00f3n y la importancia de que \u00e9ste deje de ser patrimonio exclusivo de la escuela para alcanzar los distintos \u00e1mbitos de la vida: individual, familiar, social, profesional y comunitario. La jornada matinal de hoy se estructura en torno a dos mesas redondas: la primera, a partir de las 10,30 horas, moderada por Mar Gonz\u00e1lez Rodr\u00edguez, comisionada para el Pol\u00edgono Sur y en la que Jes\u00fas Maeztu Gregorio de Tejada, defensor del Pueblo Andaluz, analizar\u00e1 \u201cLa violencia filioparental como problema social\u201d; Jos\u00e9 Luis Sancho, director Campus Unidos, hablar\u00e1 sobre el \u201cPrograma Recurra-GINSO de Madrid: respuesta a la violencia filioparental\u201d y Cosette Franco Mu\u00f1oz, pedagoga y socia fundadora de Mentoris explicar\u00e1 el \u201cM\u00e9todo Mentoris: intervenci\u00f3n integral en la violencia filioparental\u201d.<\/p>\n<p>Por su parte, la segunda mesa redonda se celebrar\u00e1 a las 12,30 horas y Roc\u00edo Sanjuan Caramazana, coordinadora de Puntos de Encuentro Familiar y miembro de la Asociaci\u00f3n Ariadna, ser\u00e1 la encargada de moderarla. En esta mesa intervendr\u00e1n Gonzalo Musitu Ochoa, catedr\u00e1tico de Psicolog\u00eda Social de la UPO, quien abordar\u00e1 el \u201cAn\u00e1lisis ecol\u00f3gico de la violencia filioparental\u201d; Fernando L\u00f3pez Noguero, profesor de la Facultad de Ciencias Sociales de la UPO, quien expondr\u00e1 \u201cPedagog\u00eda social para la prevenci\u00f3n de la violencia\u201d; Desir\u00e9 Olivero Ben\u00edtez, gerente de Integra-te \u201cGestiona tu futuro\u201d, que ofrecer\u00e1 su opini\u00f3n sobre \u201cEl modelo integrador en mediaci\u00f3n intergeneracional\u201d y Rosario Izquierdo Chaparro, soci\u00f3loga, quien hablar\u00e1 sobre el \u201cModelo de intervenci\u00f3n sist\u00e9mico y an\u00e1lisis de redes\u201d.<\/p>\n<p>Por la tarde, la jornada comenzar\u00e1 a las 16,00 horas, con un taller pr\u00e1ctico sobre \u201cObservaci\u00f3n participante\u201d que dirigir\u00e1 Antonio Reina Chamorro, educador social y socio fundador de Mentoris y una hora despu\u00e9s, a las 17.00 horas, Cosette Franco Chamorro, pedagoga y socia fundadora tambi\u00e9n de Mentoris, ofrecer\u00e1 la ponencia \u201cHistoria de vida\u201d.<\/p>\n<p>Otro de los seminarios que empieza hoy lunes es <strong>\u201cAlimentaci\u00f3n emocional: nutrici\u00f3n, genes y emociones\u201d<\/strong>, coordinado por Griselda Herrero Mart\u00edn, profesora del departamento de Biolog\u00eda Molecular e Ingenier\u00eda Bioqu\u00edmica de la Universidad Pablo de Olavide, que se celebrar\u00e1 en el Hotel Alc\u00e1zar de la Reina y que abordar\u00e1 la importancia de una visi\u00f3n multidisciplinar en el comportamiento alimentario. Este seminario comenzar\u00e1 a las 11,00 horas con la conferencia \u201c\u00bfQu\u00e9 pasa en nuestro cerebro cuando sentimos?\u201d, impartida por Mercedes Atienza Ruiz, profesora del \u00e1rea de Fisiolog\u00eda de la Universidad Pablo de Olavide e investigadora del Laboratorio de Neurociencia Funcional de la UPO y a las 12,30 horas se realizar\u00e1 un descanso para un desayuno saludable ofrecido por Arte-Sano Moving Fruits. Seguidamente, a las 13,00 horas, la profesora Roc\u00edo Ruiz Laza, del departamento de Biolog\u00eda Molecular de la Facultad de Farmacia de la Universidad de Sevilla responder\u00e1 a la pregunta \u201c\u00bfQu\u00e9 pasa en nuestro cerebro cuando comemos?\u201d y a partir de las 16,00 horas, ella misma, dirigir\u00e1 el taller \u201cGusto, colores y olores\u201d. Esta primera jornada finalizar\u00e1 con la intervenci\u00f3n de la coordinadora del curso, Griselda Herrero Mart\u00edn, quien hablar\u00e1 a las 17,30 horas sobre \u201cAlimentaci\u00f3n saludable, cerebro saludable\u201d y una hora m\u00e1s tarde, presentar\u00e1 el taller \u201cDespensa emocional\u201d.<\/p>\n<p>Por otro lado, tambi\u00e9n hoy lunes dar\u00e1 inici\u00f3 el curso<strong> \u201cLas pol\u00edticas de recorte: una evaluaci\u00f3n de da\u00f1os\u201d<\/strong>, dirigido por Teresa Garc\u00eda Garc\u00eda, responsable de Empleo y Mujer de CC.OO. de Sevila y vicepresidenta del Consejo Econ\u00f3mico y Social de Sevilla (CESS). La conferencia inaugural, titulada \u201cLas pol\u00edticas de recortes: evaluaci\u00f3n de da\u00f1os\u201d ser\u00e1 impartida por Francisco Carbonero, secretario general de CC.OO. Andaluc\u00eda, a las 10,30 horas en el aula 5 de la Casa Palacio de Los Briones. Este seminario continuar\u00e1 a las 12,00 horas con la ponencia \u201cPol\u00edticas de austeridad versus pol\u00edticas de crecimiento \u00bfDilema o cambio de rumbo?\u201d a cargo de Bruno Estrada L\u00f3pez, economista adjunto a la Secretaria General Confederal de CC.OO. A partir de las 16,30 horas se completar\u00e1 el programa con dos nuevas conferencias: la primera ofrecida por Inmaculada Cebri\u00e1n L\u00f3pez, profesora del departamento de Fundamentos de Econom\u00eda e Historia Econ\u00f3mica de la Universidad de Alcal\u00e1 de Henares, y titulada \u201cLa crisis econ\u00f3mica y sus efectos sobre el empleo\u201d y la segunda, a las 18,00 horas, en la que Rosario Asi\u00e1n Chaves, profesora del departamento de Econom\u00eda Aplicada II de la Universidad de Sevilla, analizar\u00e1 \u201cLos recortes y su impacto de g\u00e9nero\u201d. Todas las actividades se celebrar\u00e1n en el aula 5 de la Casa Palacio de Los Briones.<\/p>\n<p>Asimismo, hoy es el turno tambi\u00e9n para el <strong>seminario \u201cIntroducci\u00f3n al m\u00e9todo pilates\u201d<\/strong>, dirigido por \u00c1frica Hidalgo Garc\u00eda, entrenadora personal especialista en el m\u00e9todo Pilates, jefa de estudios y docente de la Escuela de Formaci\u00f3n Energ\u00eda Pilates. Este curso, que se prolongar\u00e1 durante toda la semana en el Hotel Alc\u00e1zar de la Reina, se iniciar\u00e1 a las 10,30 horas con la ponencia \u201cBiograf\u00eda de J. H. Pilates. Historia del m\u00e9todo Pilates y su introducci\u00f3n en Espa\u00f1a. Los principios del m\u00e9todo Pilates\u201d en la que la coordinadora del curso estar\u00e1 acompa\u00f1ada por Ainara Mart\u00ednez Madrid, diplomada en Magisterio de Educaci\u00f3n F\u00edsica, entrenadora personal especialista en el m\u00e9todo Pilates y directora y docente de la Escuela de Formaci\u00f3n Energ\u00eda Pilates. A continuaci\u00f3n, a las 13,00 horas, estas mismas ponentes ser\u00e1n las responsables de impartir la conferencia \u201cPrincipios biomecc\u00e1nicos aplicados al movimiento (I)\u201d.<\/p>\n<p>Del mismo modo, hoy lunes tambi\u00e9n ser\u00e1 el primer d\u00eda para el \u201cTaller sobre casos pr\u00e1cticos y habilidades en mediaci\u00f3n\u201d dirigido por Javier Al\u00e9s Sioli, profesor del departamento de Derecho P\u00fablico de la Universidad Pablo de Olavide. Este seminario, que se celebrar\u00e1 en el aula 4 de la Casa Palacio de Los Briones, comenzar\u00e1 con la ponencia del director del curso, a las 11,00 horas, \u201cMediar creando: un modelo de trabajo\u201d y por la tarde, a las 16,00 horas, tendr\u00e1 lugar el taller \u201cLa mediaci\u00f3n en la escuela: casos pr\u00e1cticos\u201d dirigido por Luis Cartes Penelas, mediador profesional de la Asociaci\u00f3n Andaluza de Mediaci\u00f3n Familiar (AMEFA) y la Escuela Sevillana de Mediaci\u00f3n.<\/p>\n<p>Por \u00faltimo, el <strong>curso \u201cDe la p\u00e1gina al estante: traducci\u00f3n literaria y editorial ingl\u00e9s&gt;espa\u00f1ol. Teor\u00eda, pr\u00e1ctica, derechos y deberes (III edici\u00f3n)\u201d<\/strong> es otro de los que comenzar\u00e1 hoy lunes, 13 de julio. Este seminario, dirigido por Yolanda Morat\u00f3 Agrafojo, profesora del departamento de Filolog\u00eda Moderna de la Universidad de Le\u00f3n, se celebrar\u00e1 en el aula 3 de la Casa Palacio de Los Briones y afrontar\u00e1 durante tres d\u00edas, cuestiones de car\u00e1cter interdisciplinar en los mercados de la traducci\u00f3n literaria y editorial. En primer lugar, a las 11,00 horas, tendr\u00e1 lugar la ponencia sobre \u201cLa tarea de un editor literario\u201d que impartir\u00e1 Alberto Marina Castillo, profesor del departamento de Filolog\u00eda y Traducci\u00f3n de la Universidad Pablo de Olavide y editor de La Piedra Lunar y posteriormente, a las 12,30 horas , dar\u00e1 comienzo un debate sobre \u201cLas relaciones entre editores y traductores en la actualidad\u201d en el que participar\u00e1 Alberto Marina Castillo junto a Yolanda Morat\u00f3 Agrafojo. Finalmente, esta primera jornada concluir\u00e1 con el taller: \u201cEl sector audiovisual y la adaptaci\u00f3n literaria\u201d de Yolanda Morat\u00f3 Agrafojo a partir de las 16,30 horas.<\/p>\n","protected":false},"excerpt":{"rendered":"<p>Hoy lunes, a las 11 horas en el Sal\u00f3n de la Reina del Hotel Alc\u00e1zar de la Reina de Carmona, Jos\u00e9 Luis Rodr\u00edguez Zapatero impartir\u00e1 la conferencia inaugural del curso \u201cDemocracia y ciudadan\u00eda hoy: nuevas formas de participaci\u00f3n pol\u00edtica. In memoriam a Rosario Valpuesta\u201d. <\/p>\n","protected":false},"author":6,"featured_media":0,"comment_status":"closed","ping_status":"open","sticky":false,"template":"","format":"standard","meta":{"_monsterinsights_skip_tracking":false,"_monsterinsights_sitenote_active":false,"_monsterinsights_sitenote_note":"","_monsterinsights_sitenote_category":0,"footnotes":""},"categories":[6],"tags":[674,2010,144,22,744,475,2511,401,825,76,38,536,218,143],"class_list":["post-10035281","post","type-post","status-publish","format-standard","hentry","category-institucional","tag-alimentacion","tag-alimentos","tag-crisis","tag-cursos-de-verano","tag-democracia","tag-filologia-inglesa","tag-jose-luis-rodriguez-zapatero","tag-literatura","tag-pilates","tag-politica","tag-rector","tag-rosario-valpuesta","tag-salud","tag-violencia"],"_links":{"self":[{"href":"https:\/\/www.upo.es\/diario\/wp-json\/wp\/v2\/posts\/10035281","targetHints":{"allow":["GET"]}}],"collection":[{"href":"https:\/\/www.upo.es\/diario\/wp-json\/wp\/v2\/posts"}],"about":[{"href":"https:\/\/www.upo.es\/diario\/wp-json\/wp\/v2\/types\/post"}],"author":[{"embeddable":true,"href":"https:\/\/www.upo.es\/diario\/wp-json\/wp\/v2\/users\/6"}],"replies":[{"embeddable":true,"href":"https:\/\/www.upo.es\/diario\/wp-json\/wp\/v2\/comments?post=10035281"}],"version-history":[{"count":5,"href":"https:\/\/www.upo.es\/diario\/wp-json\/wp\/v2\/posts\/10035281\/revisions"}],"predecessor-version":[{"id":10058074,"href":"https:\/\/www.upo.es\/diario\/wp-json\/wp\/v2\/posts\/10035281\/revisions\/10058074"}],"wp:attachment":[{"href":"https:\/\/www.upo.es\/diario\/wp-json\/wp\/v2\/media?parent=10035281"}],"wp:term":[{"taxonomy":"category","embeddable":true,"href":"https:\/\/www.upo.es\/diario\/wp-json\/wp\/v2\/categories?post=10035281"},{"taxonomy":"post_tag","embeddable":true,"href":"https:\/\/www.upo.es\/diario\/wp-json\/wp\/v2\/tags?post=10035281"}],"curies":[{"name":"wp","href":"https:\/\/api.w.org\/{rel}","templated":true}]}}