{"id":10065300,"date":"2015-07-14T23:21:32","date_gmt":"2015-07-14T23:21:32","guid":{"rendered":"https:\/\/www.upo.es\/diario\/?p=10065300"},"modified":"2015-07-17T11:05:27","modified_gmt":"2015-07-17T11:05:27","slug":"la-nota-de-corte-en-biotecnologia-de-la-upo-alcanza-un-12504-sobre-14","status":"publish","type":"post","link":"https:\/\/www.upo.es\/diario\/institucional\/2015\/07\/la-nota-de-corte-en-biotecnologia-de-la-upo-alcanza-un-12504-sobre-14\/","title":{"rendered":"La nota de corte en Biotecnolog\u00eda de la UPO alcanza un 12,504 sobre 14"},"content":{"rendered":"<p><a href=\"https:\/\/www.upo.es\/diario\/wp-content\/uploads\/2015\/02\/campus.jpg\"><img loading=\"lazy\" decoding=\"async\" class=\"size-medium wp-image-8373488 alignright\" alt=\"campus de la UPO\" src=\"https:\/\/www.upo.es\/diario\/wp-content\/uploads\/2015\/02\/campus-320x212.jpg\" width=\"320\" height=\"212\" srcset=\"https:\/\/www.upo.es\/diario\/wp-content\/uploads\/2015\/02\/campus-320x212.jpg 320w, https:\/\/www.upo.es\/diario\/wp-content\/uploads\/2015\/02\/campus-600x399.jpg 600w, https:\/\/www.upo.es\/diario\/wp-content\/uploads\/2015\/02\/campus.jpg 900w\" sizes=\"auto, (max-width: 320px) 100vw, 320px\" \/><\/a><\/p>\n<p>Hoy martes 14 de julio<strong> se abre el plazo de matriculaci\u00f3n en los 38 t\u00edtulos de grado ofertados por la Universidad Pablo de Olavide, tras hacerse p\u00fablicos los resultados de la primera adjudicaci\u00f3n de plazas<\/strong> de la Primera Fase de Preinscripci\u00f3n en la Universidad Pablo de Olavide. Seg\u00fan estos resultados, el grado en Biotecnolog\u00eda de la UPO vuelve a situarse como la titulaci\u00f3n con la nota de corte m\u00e1s alta de esta universidad, con un 12,504 sobre 14.<\/p>\n<p>Las<strong> titulaciones con la nota de corte m\u00e1s alta en la UPO<\/strong> han sido, adem\u00e1s del 12,504 del grado en Biotecnolog\u00eda, el doble grado en Humanidades y Traducci\u00f3n e Interpretaci\u00f3n en Ingl\u00e9s, con un 12,027, mientras que el doble grado en Derecho y Administraci\u00f3n y Direcci\u00f3n de Empresas en Ingl\u00e9s alcanza un 11,627, y el grado en Traducci\u00f3n e Interpretaci\u00f3n en Ingl\u00e9s se sit\u00faa en un 11,314. El doble grado en Derecho y Criminolog\u00eda tiene una nota de corte de 11,164 y el grado en Administraci\u00f3n y Direcci\u00f3n de Empresas en Ingl\u00e9s alcanza un 11,077.<\/p>\n<p>En esta primera adjudicaci\u00f3n de plazas, la Universidad Pablo de Olavide mantiene un a\u00f1o m\u00e1s la demanda de nuevo ingreso, pues ha cubierto casi el 100 por cien de las 2.200 plazas ofertadas por esta universidad, concretamente el 98,63 por ciento, aunque al tratarse de la primera fase de la primera adjudicaci\u00f3n son porcentajes variables.<\/p>\n<p>Los<strong> resultados de la primera adjudicaci\u00f3n de plazas de la Primera Fase de Preinscripci\u00f3n en la Universidad Pablo de Olavide<\/strong> podr\u00e1n consultarse a partir de hoy martes 14 de julio en el <a href=\"https:\/\/upo.gob.es\/opencms\/AlfrescoFileTransferServlet?action=download&amp;ref=0b5114a5-8e0f-489c-abfd-90ba57fc1f41\">tabl\u00f3n electr\u00f3nico de la Universidad Pablo de Olavide<\/a>.<\/p>\n<table width=\"100%\" border=\"0\" cellspacing=\"0\" cellpadding=\"0\">\n<tbody>\n<tr>\n<th valign=\"bottom\" nowrap=\"nowrap\" width=\"78%\"><b>UNIVERSIDAD PABLO DE OLAVIDE, DE SEVILLA <\/b><b>Titulaci\u00f3n<\/b><\/th>\n<th valign=\"top\" nowrap=\"nowrap\" width=\"22%\">\n<p align=\"center\"><b>Nota de Corte<\/b><\/p>\n<\/th>\n<\/tr>\n<tr>\n<td valign=\"bottom\" nowrap=\"nowrap\" width=\"78%\">Grado en Biotecnolog\u00eda<\/td>\n<td valign=\"bottom\" nowrap=\"nowrap\" width=\"22%\">\n<p align=\"center\">12,504<\/p>\n<\/td>\n<\/tr>\n<tr>\n<td valign=\"bottom\" nowrap=\"nowrap\" width=\"78%\">Doble grado en Humanidades y Traducci\u00f3n (Ingl\u00e9s)<\/td>\n<td valign=\"bottom\" nowrap=\"nowrap\" width=\"22%\">\n<p align=\"center\">12,027<\/p>\n<\/td>\n<\/tr>\n<tr>\n<td valign=\"bottom\" nowrap=\"nowrap\" width=\"78%\">Doble grado en Derecho y ADE (ADE en ingl\u00e9s)<\/td>\n<td valign=\"bottom\" nowrap=\"nowrap\" width=\"22%\">\n<p align=\"center\">11,627<\/p>\n<\/td>\n<\/tr>\n<tr>\n<td valign=\"bottom\" nowrap=\"nowrap\" width=\"78%\">Grado en Traducci\u00f3n e Interpretaci\u00f3n (Ingl\u00e9s)<\/td>\n<td valign=\"bottom\" nowrap=\"nowrap\" width=\"78%\">\n<p align=\"center\">11,314<\/p>\n<\/td>\n<\/tr>\n<tr>\n<td valign=\"bottom\" nowrap=\"nowrap\" width=\"78%\">Doble Grado en Derecho y Criminolog\u00eda<\/td>\n<td valign=\"bottom\" nowrap=\"nowrap\" width=\"78%\">\n<p align=\"center\">11,164<\/p>\n<\/td>\n<\/tr>\n<tr>\n<td valign=\"bottom\" nowrap=\"nowrap\" width=\"78%\">Grado en Administraci\u00f3n y Direcci\u00f3n de Empresas (Ingl\u00e9s)<\/td>\n<td valign=\"bottom\" nowrap=\"nowrap\" width=\"78%\">\n<p align=\"center\">11,077<\/p>\n<\/td>\n<\/tr>\n<tr>\n<td valign=\"bottom\" nowrap=\"nowrap\" width=\"78%\">Grado en Nutrici\u00f3n Humana y Diet\u00e9tica<\/td>\n<td valign=\"bottom\" nowrap=\"nowrap\" width=\"78%\">\n<p align=\"center\">10,859<\/p>\n<\/td>\n<\/tr>\n<tr>\n<td valign=\"bottom\" nowrap=\"nowrap\" width=\"78%\">Grado en Ciencias de la Actividad F\u00edsica y del Deporte<\/td>\n<td valign=\"bottom\" nowrap=\"nowrap\" width=\"78%\">\n<p align=\"center\">10,335<\/p>\n<\/td>\n<\/tr>\n<tr>\n<td valign=\"bottom\" nowrap=\"nowrap\" width=\"78%\">Grado en Traducci\u00f3n e Interpretaci\u00f3n (Alem\u00e1n)<\/td>\n<td valign=\"bottom\" nowrap=\"nowrap\" width=\"78%\">\n<p align=\"center\">10,143<\/p>\n<\/td>\n<\/tr>\n<tr>\n<td valign=\"bottom\" nowrap=\"nowrap\" width=\"78%\">Grado en Criminolog\u00eda<\/td>\n<td valign=\"bottom\" nowrap=\"nowrap\" width=\"78%\">\n<p align=\"center\">10,073<\/p>\n<\/td>\n<\/tr>\n<tr>\n<td valign=\"bottom\" nowrap=\"nowrap\" width=\"78%\">Doble Grado en Derecho y ADE<\/td>\n<td valign=\"bottom\" nowrap=\"nowrap\" width=\"78%\">\n<p align=\"center\">9,993<\/p>\n<\/td>\n<\/tr>\n<tr>\n<td valign=\"bottom\" nowrap=\"nowrap\" width=\"78%\">Grado en Traducci\u00f3n e Interpretaci\u00f3n (Franc\u00e9s)<\/td>\n<td valign=\"bottom\" nowrap=\"nowrap\" width=\"78%\">\n<p align=\"center\">9,963<\/p>\n<\/td>\n<\/tr>\n<tr>\n<td valign=\"bottom\" nowrap=\"nowrap\" width=\"78%\">Doble grado en Derecho y Ciencias Pol\u00edticas y de la Administraci\u00f3n<\/td>\n<td valign=\"bottom\" nowrap=\"nowrap\" width=\"78%\">\n<p align=\"center\">9,571<\/p>\n<\/td>\n<\/tr>\n<tr>\n<td valign=\"bottom\" nowrap=\"nowrap\" width=\"78%\">Doble Grado en Derecho y Relaciones Laborales y Recursos Humanos<\/td>\n<td valign=\"bottom\" nowrap=\"nowrap\" width=\"78%\">\n<p align=\"center\">9,466<\/p>\n<\/td>\n<\/tr>\n<tr>\n<td valign=\"bottom\" nowrap=\"nowrap\" width=\"78%\">Doble grado en Educaci\u00f3n Social y Trabajo Social<\/td>\n<td valign=\"bottom\" nowrap=\"nowrap\" width=\"78%\">\n<p align=\"center\">9,053<\/p>\n<\/td>\n<\/tr>\n<tr>\n<td valign=\"bottom\" nowrap=\"nowrap\" width=\"78%\">Doble Grado en Sociolog\u00eda y Ciencias Pol\u00edticas y de la Administraci\u00f3n<\/td>\n<td valign=\"bottom\" nowrap=\"nowrap\" width=\"78%\">\n<p align=\"center\">8,258<\/p>\n<\/td>\n<\/tr>\n<tr>\n<td valign=\"bottom\" nowrap=\"nowrap\" width=\"78%\">Grado en Educaci\u00f3n Social<\/td>\n<td valign=\"bottom\" nowrap=\"nowrap\" width=\"78%\">\n<p align=\"center\">8,191<\/p>\n<\/td>\n<\/tr>\n<tr>\n<td valign=\"bottom\" nowrap=\"nowrap\" width=\"78%\">Grado en Administraci\u00f3n y Direcci\u00f3n de Empresas<\/td>\n<td valign=\"bottom\" nowrap=\"nowrap\" width=\"78%\">\n<p align=\"center\">8,170<\/p>\n<\/td>\n<\/tr>\n<tr>\n<td valign=\"bottom\" nowrap=\"nowrap\" width=\"78%\">Grado en Derecho<\/td>\n<td valign=\"bottom\" nowrap=\"nowrap\" width=\"78%\">\n<p align=\"center\">8,138<\/p>\n<\/td>\n<\/tr>\n<tr>\n<td valign=\"bottom\" nowrap=\"nowrap\" width=\"78%\">Grado en Ciencias Pol\u00edticas y de la Administraci\u00f3n<\/td>\n<td valign=\"bottom\" nowrap=\"nowrap\" width=\"78%\">\n<p align=\"center\">7,790<\/p>\n<\/td>\n<\/tr>\n<tr>\n<td valign=\"bottom\" nowrap=\"nowrap\" width=\"78%\">Doble Grado en Derecho y Finanzas y Contabilidad<\/td>\n<td valign=\"bottom\" nowrap=\"nowrap\" width=\"78%\">\n<p align=\"center\">7,596<\/p>\n<\/td>\n<\/tr>\n<tr>\n<td valign=\"bottom\" nowrap=\"nowrap\" width=\"78%\">Grado en Trabajo Social<\/td>\n<td valign=\"bottom\" nowrap=\"nowrap\" width=\"78%\">\n<p align=\"center\">7,540<\/p>\n<\/td>\n<\/tr>\n<tr>\n<td valign=\"bottom\" nowrap=\"nowrap\" width=\"78%\">Grado en Sociolog\u00eda<\/td>\n<td valign=\"bottom\" nowrap=\"nowrap\" width=\"78%\">\n<p align=\"center\">7,292<\/p>\n<\/td>\n<\/tr>\n<tr>\n<td valign=\"bottom\" nowrap=\"nowrap\" width=\"78%\">Doble Grado en Trabajo Social y Sociolog\u00eda<\/td>\n<td valign=\"bottom\" nowrap=\"nowrap\" width=\"78%\">\n<p align=\"center\">7,222<\/p>\n<\/td>\n<\/tr>\n<tr>\n<td valign=\"bottom\" nowrap=\"nowrap\" width=\"78%\">Grado en Ciencias Ambientales<\/td>\n<td valign=\"bottom\" nowrap=\"nowrap\" width=\"78%\">\n<p align=\"center\">7,173<\/p>\n<\/td>\n<\/tr>\n<tr>\n<td valign=\"bottom\" nowrap=\"nowrap\" width=\"78%\">Doble Grado en Derecho Hispano-Alem\u00e1n con la Universidad de Bayreuth<\/td>\n<td valign=\"bottom\" nowrap=\"nowrap\" width=\"78%\">\n<p align=\"center\">6,889<\/p>\n<\/td>\n<\/tr>\n<tr>\n<td valign=\"bottom\" nowrap=\"nowrap\" width=\"78%\">Grado en Ingenier\u00eda Inform\u00e1tica en Sistemas de Informaci\u00f3n<\/td>\n<td valign=\"bottom\" nowrap=\"nowrap\" width=\"78%\">\n<p align=\"center\">5,750<\/p>\n<\/td>\n<\/tr>\n<tr>\n<td valign=\"bottom\" nowrap=\"nowrap\" width=\"78%\">Grado en An\u00e1lisis Econ\u00f3mico<\/td>\n<td valign=\"bottom\" nowrap=\"nowrap\" width=\"78%\">\n<p align=\"center\">5,745<\/p>\n<\/td>\n<\/tr>\n<tr>\n<td valign=\"bottom\" nowrap=\"nowrap\" width=\"78%\">Grado en Relaciones Laborales y Recursos Humanos<\/td>\n<td valign=\"bottom\" nowrap=\"nowrap\" width=\"78%\">\n<p align=\"center\">5,954<\/p>\n<\/td>\n<\/tr>\n<tr>\n<td valign=\"bottom\" nowrap=\"nowrap\" width=\"78%\">Grado en Finanzas y Contabilidad<\/td>\n<td valign=\"bottom\" nowrap=\"nowrap\" width=\"78%\">\n<p align=\"center\">5,170<\/p>\n<\/td>\n<\/tr>\n<tr>\n<td valign=\"bottom\" nowrap=\"nowrap\" width=\"78%\">Grado en Humanidades<\/td>\n<td valign=\"bottom\" nowrap=\"nowrap\" width=\"78%\">\n<p align=\"center\">5,108<\/p>\n<\/td>\n<\/tr>\n<tr>\n<td valign=\"bottom\" nowrap=\"nowrap\" width=\"78%\">Grado en Geograf\u00eda e Historia<\/td>\n<td valign=\"bottom\" nowrap=\"nowrap\" width=\"78%\">\n<p align=\"center\">5,007<\/p>\n<\/td>\n<\/tr>\n<\/tbody>\n<\/table>\n<p>&nbsp;<\/p>\n<p>En cuanto a las nuevas <strong>titulaciones ofertadas este curso por el Centro San Isidoro de CEADE<\/strong>, adscrito a la Universidad Pablo de Olavide, los resultados de la primera fase de la primera adjudicaci\u00f3n han sido los siguientes:<\/p>\n<table width=\"100%\" border=\"0\" cellspacing=\"0\" cellpadding=\"0\">\n<tbody>\n<tr>\n<th valign=\"top\" nowrap=\"nowrap\" width=\"78%\"><b>CENTRO SAN ISIDORO, DE CEADE, ADSCRITO A LA UPO<\/b><b>Titulaci\u00f3n<\/b><\/th>\n<th valign=\"top\" nowrap=\"nowrap\" width=\"22%\">\n<p align=\"center\"><b>Nota de Corte<\/b><\/p>\n<\/th>\n<\/tr>\n<tr>\n<td valign=\"bottom\" nowrap=\"nowrap\">Grado en Ciencias de la Actividad F\u00edsica y del Deporte<\/td>\n<td valign=\"bottom\" nowrap=\"nowrap\">\n<p align=\"center\">7,000<\/p>\n<\/td>\n<\/tr>\n<tr>\n<td valign=\"bottom\" nowrap=\"nowrap\">Doble grado en Comunicaci\u00f3n y Comunicaci\u00f3n Digital<\/td>\n<td valign=\"bottom\" nowrap=\"nowrap\">\n<p align=\"center\">5,611<\/p>\n<\/td>\n<\/tr>\n<tr>\n<td valign=\"bottom\" nowrap=\"nowrap\">Grado en Comunicaci\u00f3n Digital<\/td>\n<td valign=\"bottom\" nowrap=\"nowrap\">\n<p align=\"center\">5,500<\/p>\n<\/td>\n<\/tr>\n<tr>\n<td valign=\"bottom\" nowrap=\"nowrap\">Grado en Administraci\u00f3n y Direcci\u00f3n de Empresas<\/td>\n<td valign=\"bottom\" nowrap=\"nowrap\">\n<p align=\"center\">5,323<\/p>\n<\/td>\n<\/tr>\n<tr>\n<td valign=\"bottom\" nowrap=\"nowrap\">Grado en Derecho<\/td>\n<td valign=\"bottom\" nowrap=\"nowrap\">\n<p align=\"center\">5,170<\/p>\n<\/td>\n<\/tr>\n<tr>\n<td valign=\"bottom\" nowrap=\"nowrap\">Grado en Comunicaci\u00f3n<\/td>\n<td valign=\"bottom\" nowrap=\"nowrap\">\n<p align=\"center\">5,000<\/p>\n<\/td>\n<\/tr>\n<\/tbody>\n<\/table>\n<p><b>MATRICULACI\u00d3N POR INTERNET<\/b><\/p>\n<p>Aquellos estudiantes que hayan obtenido plaza en alguna de las titulaciones de la UPO podr\u00e1n realizar su matr\u00edcula desde hoy martes 14 julio hasta el 17 de julio, ambos inclusive, en la Primera Adjudicaci\u00f3n de la Primera Fase de Preinscripci\u00f3n. Todos los alumnos de nuevo ingreso realizar\u00e1n la matriculaci\u00f3n por internet, dentro del plazo establecido. El plazo de alegaciones o reclamaciones comprende desde hoy 14 de julio al 16 de julio.<\/p>\n<p>El servicio de matr\u00edcula por Internet permite a los estudiantes de la Universidad Pablo de Olavide la matriculaci\u00f3n electr\u00f3nica no presencial, desde su ordenador personal, o utilizando las aulas de inform\u00e1tica de la propia universidad ubicadas en el edificio 6 -asistidos por personal del \u00c1rea de Gesti\u00f3n de Matr\u00edcula y Expediente Acad\u00e9mico de Grado para cualquier consulta y necesidad de ayuda- habilitadas al efecto.<\/p>\n<p>Adem\u00e1s, desde hoy y hasta el 31 de julio, y desde el 2 al 15 de septiembre, se pondr\u00e1 en funcionamiento en la planta baja del edificio Celestino Mutis un \u201cPunto de Informaci\u00f3n\u201d integrado por personal del \u00c1rea de Gesti\u00f3n de Matr\u00edcula y Expediente Acad\u00e9mico de Grado, apoyados por el personal del \u00c1rea de Gesti\u00f3n Administrativa de Asistencia al Estudiante de Grado y por el \u00c1rea de Planificaci\u00f3n, como apoyo informativo a diversas gestiones derivadas del procedimiento de matr\u00edcula. El horario de atenci\u00f3n a los estudiantes ser\u00e1 de 9:00 a 14:00 horas.<\/p>\n<p>Para cualquier informaci\u00f3n sobre la matr\u00edcula, se puede visitar la p\u00e1gina web <a href=\"https:\/\/www1.upo.es\/matricula\">www1.upo.es\/matricula<\/a>, donde est\u00e1 disponible un simulador de matr\u00edcula que proporciona informaci\u00f3n muy importante tanto para los estudiantes de nuevo ingreso como para los estudiantes que contin\u00faan estudios.<\/p>\n<p>El servicio de automatr\u00edcula es obligatorio y est\u00e1 dirigido a todos los estudiantes de la Universidad Pablo de Olavide, exceptuando a estudiantes de colectivos espec\u00edficos, excepciones que pueden consultarse en la <a href=\"https:\/\/www.upo.es\/portal\/impe\/web\/portada\">web de la UPO<\/a>.<\/p>\n<p>Los estudiantes que hayan accedido con las mejores calificaciones a la Universidad Pablo de Olavide ser\u00e1n reconocidos por esta instituci\u00f3n con un premio en reconocimiento a su rendimiento acad\u00e9mico.<\/p>\n<p>&nbsp;<\/p>\n","protected":false},"excerpt":{"rendered":"<p>Las titulaciones con la nota de corte m\u00e1s alta en la UPO han sido, adem\u00e1s del 12,504 del grado en Biotecnolog\u00eda, el doble grado en Humanidades y Traducci\u00f3n e Interpretaci\u00f3n en Ingl\u00e9s, con un 12,027, mientras que el doble grado en Derecho y Administraci\u00f3n y Direcci\u00f3n de Empresas en Ingl\u00e9s alcanza un 11,627, y el grado en Traducci\u00f3n e Interpretaci\u00f3n en Ingl\u00e9s se sit\u00faa en un 11,314. El doble grado en Derecho y Criminolog\u00eda tiene una nota de corte de 11,164 y el grado en Administraci\u00f3n y Direcci\u00f3n de Empresas en Ingl\u00e9s alcanza un 11,077. <\/p>\n","protected":false},"author":6,"featured_media":0,"comment_status":"closed","ping_status":"open","sticky":false,"template":"","format":"standard","meta":{"_monsterinsights_skip_tracking":false,"_monsterinsights_sitenote_active":false,"_monsterinsights_sitenote_note":"","_monsterinsights_sitenote_category":0,"footnotes":""},"categories":[6],"tags":[501,121,2104,1363,21,266,193,668,665,39],"class_list":["post-10065300","post","type-post","status-publish","format-standard","hentry","category-institucional","tag-acceso","tag-biotecnologia","tag-curso-2015-2016","tag-dobles-grados","tag-estudiantes","tag-grados","tag-matricula","tag-pau","tag-selectividad","tag-universidades"],"_links":{"self":[{"href":"https:\/\/www.upo.es\/diario\/wp-json\/wp\/v2\/posts\/10065300","targetHints":{"allow":["GET"]}}],"collection":[{"href":"https:\/\/www.upo.es\/diario\/wp-json\/wp\/v2\/posts"}],"about":[{"href":"https:\/\/www.upo.es\/diario\/wp-json\/wp\/v2\/types\/post"}],"author":[{"embeddable":true,"href":"https:\/\/www.upo.es\/diario\/wp-json\/wp\/v2\/users\/6"}],"replies":[{"embeddable":true,"href":"https:\/\/www.upo.es\/diario\/wp-json\/wp\/v2\/comments?post=10065300"}],"version-history":[{"count":14,"href":"https:\/\/www.upo.es\/diario\/wp-json\/wp\/v2\/posts\/10065300\/revisions"}],"predecessor-version":[{"id":10087970,"href":"https:\/\/www.upo.es\/diario\/wp-json\/wp\/v2\/posts\/10065300\/revisions\/10087970"}],"wp:attachment":[{"href":"https:\/\/www.upo.es\/diario\/wp-json\/wp\/v2\/media?parent=10065300"}],"wp:term":[{"taxonomy":"category","embeddable":true,"href":"https:\/\/www.upo.es\/diario\/wp-json\/wp\/v2\/categories?post=10065300"},{"taxonomy":"post_tag","embeddable":true,"href":"https:\/\/www.upo.es\/diario\/wp-json\/wp\/v2\/tags?post=10065300"}],"curies":[{"name":"wp","href":"https:\/\/api.w.org\/{rel}","templated":true}]}}