{"id":10072859,"date":"2015-07-15T11:55:29","date_gmt":"2015-07-15T11:55:29","guid":{"rendered":"https:\/\/www.upo.es\/diario\/?p=10072859"},"modified":"2015-07-15T11:55:29","modified_gmt":"2015-07-15T11:55:29","slug":"fernandez-toxo-con-mas-de-un-23-de-desempleo-no-se-puede-decir-que-hayamos-salido-de-la-crisis","status":"publish","type":"post","link":"https:\/\/www.upo.es\/diario\/cursos-verano\/2015\/07\/fernandez-toxo-con-mas-de-un-23-de-desempleo-no-se-puede-decir-que-hayamos-salido-de-la-crisis\/","title":{"rendered":"Fern\u00e1ndez Toxo: \u201cCon m\u00e1s de un 23% de desempleo no se puede decir que hayamos salido de la crisis\u201d"},"content":{"rendered":"<figure id=\"attachment_10072862\" aria-describedby=\"caption-attachment-10072862\" style=\"width: 600px\" class=\"wp-caption aligncenter\"><a href=\"https:\/\/www.upo.es\/diario\/wp-content\/uploads\/2015\/07\/Ignacio-Fernandez-Toxo.jpg\"><img loading=\"lazy\" decoding=\"async\" class=\"size-large wp-image-10072862\" alt=\"Ignacio Fern\u00e1ndez Toxo  en Carmona\" src=\"https:\/\/www.upo.es\/diario\/wp-content\/uploads\/2015\/07\/Ignacio-Fernandez-Toxo-600x340.jpg\" width=\"600\" height=\"340\" srcset=\"https:\/\/www.upo.es\/diario\/wp-content\/uploads\/2015\/07\/Ignacio-Fernandez-Toxo-600x340.jpg 600w, https:\/\/www.upo.es\/diario\/wp-content\/uploads\/2015\/07\/Ignacio-Fernandez-Toxo-320x181.jpg 320w, https:\/\/www.upo.es\/diario\/wp-content\/uploads\/2015\/07\/Ignacio-Fernandez-Toxo.jpg 1056w\" sizes=\"auto, (max-width: 600px) 100vw, 600px\" \/><\/a><figcaption id=\"caption-attachment-10072862\" class=\"wp-caption-text\">Ignacio Fern\u00e1ndez Toxo ha intervenido en el curso \u201cLas pol\u00edticas de recorte: una evaluaci\u00f3n de da\u00f1os\u201d<\/figcaption><\/figure>\n<p>El secretario general de CCOO, Ignacio Fern\u00e1ndez Toxo, reconoce que, si bien Espa\u00f1a ha salido de la recesi\u00f3n, nuestro pa\u00eds a\u00fan est\u00e1 lejos de dejar atr\u00e1s la crisis econ\u00f3mica. \u201cCon m\u00e1s de un 23% de desempleo no se puede decir que hayamos salido de la crisis\u201d, asevera, para a\u00f1adir a continuaci\u00f3n que \u201csaldremos cuando se repongan los est\u00e1ndares de calidad de vida previos a la misma y, para ello, es necesario primero recuperar los niveles de empleo preexistentes, as\u00ed como su calidad\u201d.<\/p>\n<p><strong>Fern\u00e1ndez Toxo ha realizado estas declaraciones con motivo de la clausura del curso \u201cLas pol\u00edticas de recorte: una evaluaci\u00f3n de da\u00f1os\u201d<\/strong>, que se ha celebrado dentro de la programaci\u00f3n de los cursos de verano que la Universidad Pablo de Olavide celebra cada a\u00f1o en su sede de Carmona bajo la direcci\u00f3n de Teresa Garc\u00eda, responsable de Empleo y Mujer de CCOO de Sevilla y vicepresidenta del Consejo Econ\u00f3mico y Social de Sevilla.<\/p>\n<p>El dirigente sindical considera que la pol\u00edtica de recortes ha causado un \u201cprofundo deterioro\u201d del Estado del Bienestar, generando un \u201cempobrecimiento generalizado de la sociedad espa\u00f1ola\u201d. En opini\u00f3n de Toxo, las pol\u00edticas de austeridad expansiva \u201cson una contradicci\u00f3n en s\u00ed mismas\u201d que han venido a agudizar la crisis y han retrasado la recuperaci\u00f3n econ\u00f3mica \u201cal menos tres o cuatro a\u00f1os\u201d, de manera que \u201clas tasas de crecimiento positivo del PIB s\u00f3lo se han producido cuando se han relajado los plazos de cumplimiento de los objetivos de reducci\u00f3n del d\u00e9ficit p\u00fablico, es decir, cuando las pol\u00edticas de recortes se han frenado\u201d. En este sentido, cita el ejemplo norteamericano en contraposici\u00f3n con el adoptado por la zona euro que \u2013insiste- \u201cpone en evidencia los verdaderos resultados de las pol\u00edticas de austeridad\u201d.<\/p>\n<p>A juicio de Toxo, los recortes han significado un \u201cprofundo deterioro del Estado del Bienestar\u201d y generado un \u201cempobrecimiento generalizado\u201d de la sociedad espa\u00f1ola que han agudizado la brecha social con respecto a los pa\u00edses \u201cm\u00e1s avanzados\u201d de la Uni\u00f3n Europea. As\u00ed, enumera \u201cun menor gasto en pensiones\u201d, las \u201creducidas prestaciones por desempleo e insuficientes sistemas de garant\u00eda de rentas m\u00ednimas de subsistencia\u201d, un sistema de ayuda a la dependencia que prima el \u201ccomponente asistencial\u201d, cuando deber\u00eda de ser una \u201cprestaci\u00f3n de la Seguridad Social\u201d o el no considerar el acceso a la vivienda \u201ccomo un elemento b\u00e1sico de las pol\u00edticas sociales\u201d.<\/p>\n<p>En materia de educaci\u00f3n y sanidad, los recortes han supuesto una \u201cgeneralizaci\u00f3n del deterioro de los servicios p\u00fablicos\u201d y una \u201ccreciente exclusi\u00f3n de dichos servicios de una parte importante de la sociedad\u201d. El secretario general de CCOO alude a un estudio de la Fundaci\u00f3n Adsis que concluye que \u201cel 18,4% de los alumnos de la ESO sufre privaci\u00f3n material severa, lo que condiciona su futuro educativo y profesional\u201d, al tiempo que denuncia que el recorte de las becas universitarias \u201cpone en dificultades la continuidad de los estudios de miles de j\u00f3venes\u201d.<\/p>\n<p>Por otro lado, la reducci\u00f3n del gasto p\u00fablico sanitario ha hecho que el sector de poblaci\u00f3n m\u00e1s vulnerable \u201crenuncie a los cuidados que necesitan, ya sea a la medicaci\u00f3n o a los controles de las enfermedades cr\u00f3nicas que padecen\u201d, al tiempo que alerta de que la exclusi\u00f3n sanitaria de los inmigrantes en situaci\u00f3n irregular \u201caumenta el riesgo sanitario al incrementarse el peligro de extensi\u00f3n de enfermedades infecto-contagiosas\u201d.<\/p>\n<p>En el \u00e1mbito del trabajo, la reforma laboral ha ocasionado una \u201caceleraci\u00f3n de la destrucci\u00f3n de empleo\u201d y un mayor descenso de los salarios \u201cdesde 2012\u201d, por lo que \u201cpara millones de trabajadores ha habido una p\u00e9rdida de poder adquisitivo, como ha reconocido el propio Banco de Espa\u00f1a\u201d, afirma.<\/p>\n<p>Por \u00faltimo, Ignacio Fern\u00e1ndez Toxo expone que, tras las elecciones municipales y auton\u00f3micas del 25 de mayo, el Partido Popular \u201cha pasado de representar al 44,6% de los espa\u00f1oles en 2011 al 27% en 2015\u201d, un hecho que justifica en que la ciudadan\u00eda \u201clo ve no como int\u00e9rprete de la voluntad ciudadana democr\u00e1ticamente expresada en las urnas, sino como int\u00e9rpretes de los intereses de los mercados financieros\u201d, concluye.<\/p>\n","protected":false},"excerpt":{"rendered":"<p>El secretario general de CCOO acusa al Gobierno de ser \u201cint\u00e9rprete de los intereses de los mercados financieros\u201d, generando un \u201cempobrecimiento generalizado\u201d de la sociedad<\/p>\n","protected":false},"author":6,"featured_media":10072863,"comment_status":"closed","ping_status":"open","sticky":false,"template":"","format":"standard","meta":{"_monsterinsights_skip_tracking":false,"_monsterinsights_sitenote_active":false,"_monsterinsights_sitenote_note":"","_monsterinsights_sitenote_category":0,"footnotes":""},"categories":[729],"tags":[23,144,22,191,63,519,76,1046,1213],"class_list":["post-10072859","post","type-post","status-publish","format-standard","has-post-thumbnail","hentry","category-cursos-verano","tag-carmona","tag-crisis","tag-cursos-de-verano","tag-desempleo","tag-economia","tag-olavide-en-carmona","tag-politica","tag-servicios-sociales","tag-sindicatos"],"_links":{"self":[{"href":"https:\/\/www.upo.es\/diario\/wp-json\/wp\/v2\/posts\/10072859","targetHints":{"allow":["GET"]}}],"collection":[{"href":"https:\/\/www.upo.es\/diario\/wp-json\/wp\/v2\/posts"}],"about":[{"href":"https:\/\/www.upo.es\/diario\/wp-json\/wp\/v2\/types\/post"}],"author":[{"embeddable":true,"href":"https:\/\/www.upo.es\/diario\/wp-json\/wp\/v2\/users\/6"}],"replies":[{"embeddable":true,"href":"https:\/\/www.upo.es\/diario\/wp-json\/wp\/v2\/comments?post=10072859"}],"version-history":[{"count":3,"href":"https:\/\/www.upo.es\/diario\/wp-json\/wp\/v2\/posts\/10072859\/revisions"}],"predecessor-version":[{"id":10072864,"href":"https:\/\/www.upo.es\/diario\/wp-json\/wp\/v2\/posts\/10072859\/revisions\/10072864"}],"wp:featuredmedia":[{"embeddable":true,"href":"https:\/\/www.upo.es\/diario\/wp-json\/wp\/v2\/media\/10072863"}],"wp:attachment":[{"href":"https:\/\/www.upo.es\/diario\/wp-json\/wp\/v2\/media?parent=10072859"}],"wp:term":[{"taxonomy":"category","embeddable":true,"href":"https:\/\/www.upo.es\/diario\/wp-json\/wp\/v2\/categories?post=10072859"},{"taxonomy":"post_tag","embeddable":true,"href":"https:\/\/www.upo.es\/diario\/wp-json\/wp\/v2\/tags?post=10072859"}],"curies":[{"name":"wp","href":"https:\/\/api.w.org\/{rel}","templated":true}]}}