{"id":10078837,"date":"2015-07-16T07:31:17","date_gmt":"2015-07-16T07:31:17","guid":{"rendered":"https:\/\/www.upo.es\/diario\/?p=10078837"},"modified":"2015-07-16T07:31:17","modified_gmt":"2015-07-16T07:31:17","slug":"la-escuela-sevillana-de-mediacion-interviene-en-mas-de-500-conflictos-en-la-ciudad-en-el-ultimo-ano","status":"publish","type":"post","link":"https:\/\/www.upo.es\/diario\/cursos-verano\/2015\/07\/la-escuela-sevillana-de-mediacion-interviene-en-mas-de-500-conflictos-en-la-ciudad-en-el-ultimo-ano\/","title":{"rendered":"La Escuela Sevillana de Mediaci\u00f3n interviene en m\u00e1s de 500 conflictos en la ciudad en el \u00faltimo a\u00f1o"},"content":{"rendered":"<figure id=\"attachment_10078840\" aria-describedby=\"caption-attachment-10078840\" style=\"width: 600px\" class=\"wp-caption aligncenter\"><a href=\"https:\/\/www.upo.es\/diario\/wp-content\/uploads\/2015\/07\/Javier-Al\u00e9s.jpg\"><img loading=\"lazy\" decoding=\"async\" class=\"size-large wp-image-10078840\" alt=\"Javier Al\u00e9s, presidente de la Asociaci\u00f3n Andaluza de Mediaci\u00f3n Familiar. \" src=\"https:\/\/www.upo.es\/diario\/wp-content\/uploads\/2015\/07\/Javier-Al\u00e9s-600x401.jpg\" width=\"600\" height=\"401\" srcset=\"https:\/\/www.upo.es\/diario\/wp-content\/uploads\/2015\/07\/Javier-Al\u00e9s-600x401.jpg 600w, https:\/\/www.upo.es\/diario\/wp-content\/uploads\/2015\/07\/Javier-Al\u00e9s-320x214.jpg 320w, https:\/\/www.upo.es\/diario\/wp-content\/uploads\/2015\/07\/Javier-Al\u00e9s.jpg 1936w\" sizes=\"auto, (max-width: 600px) 100vw, 600px\" \/><\/a><figcaption id=\"caption-attachment-10078840\" class=\"wp-caption-text\">Javier Al\u00e9s, presidente de la Asociaci\u00f3n Andaluza de Mediaci\u00f3n Familiar.<\/figcaption><\/figure>\n<p>La Asociaci\u00f3n Andaluza de Mediaci\u00f3n Familiar (AMEFA) y la Escuela Sevillana de Mediaci\u00f3n han atendido m\u00e1s de 500 intervenciones durante el \u00faltimo a\u00f1o en Sevilla, gracias al convenio de colaboraci\u00f3n que estas instituciones mantienen con el Ayuntamiento hispalense. Son datos ofrecidos por el doctor Javier Al\u00e9s, profesor del Departamento de Derecho P\u00fablico de la Universidad Pablo de Olavide y presidente de AMEFA.<\/p>\n<p>Javier Al\u00e9s ha realizado estas declaraciones con motivo del curso \u201cTaller sobre casos pr\u00e1cticos y habilidades en mediaci\u00f3n\u201d, que se ha impartido en el marco de los cursos de verano que la Universidad Pablo de Olavide celebra cada a\u00f1o en su sede de Carmona y que dirige el propio Al\u00e9s.<\/p>\n<p>El profesor de la UPO se\u00f1ala que la principal ventaja de la mediaci\u00f3n con respecto a otros sistemas de resoluci\u00f3n de conflictos radica en que los mediadores \u201centrenamos a nuestros mediados para que sean ellos mismos los que busquen y encuentren la soluci\u00f3n m\u00e1s adecuada\u201d, ya que, a su juicio, \u201cnadie mejor que quien vive el problema para, dedic\u00e1ndole tiempo, buscar v\u00edas de soluci\u00f3n\u201d.<\/p>\n<p>En relaci\u00f3n a los casos m\u00e1s frecuentes atendidos por AMEFA y la Escuela Sevillana de Mediaci\u00f3n, el doctor Al\u00e9s explica que hay que distinguir por \u00e1mbitos. As\u00ed, en el \u00e1mbito p\u00fablico los conflictos m\u00e1s usuales vienen originados por \u201cproblemas vecinales de ruidos, instalaciones o mercados\u201d, mientras que a nivel educativo destaca el acoso laboral entre el profesorado y, en las familias, \u201chemos tenido un importante aumento de convenios para cuidar a las personas mayores dentro del \u00e1mbito familiar\u201d, se\u00f1ala.<\/p>\n<p>No obstante, y a pesar de la alta tasa de resoluci\u00f3n de conflictos que se consigue a trav\u00e9s de la mediaci\u00f3n, Al\u00e9s considera que \u00e9sta no est\u00e1 lo suficientemente reconocida a nivel institucional, menos a\u00fan en esta \u00e9poca de crisis, cuando las administraciones \u201cest\u00e1n siendo muy remisas a apostar definitivamente por la mediaci\u00f3n\u201d, por lo que no se consignan los presupuestos para establecer estos servicios p\u00fablicos. Parad\u00f3jicamente, a favor de la mediaci\u00f3n juega que el sistema judicial es m\u00e1s lento y costoso, \u201cy muchas personas se acercan porque piensan que un proceso de mediaci\u00f3n puede ser m\u00e1s \u00fatil y barato en tiempo y dinero\u201d.<\/p>\n<p>Por \u00faltimo, el presidente de los mediadores andaluces considera que la mediaci\u00f3n se implantar\u00e1 definitivamente \u201cde forma irremisible\u201d, pues \u201cla cultura del acuerdo se implantar\u00e1 en las futuras generaciones m\u00e1s tarde o m\u00e1s temprano\u201d. La clave del \u00e9xito est\u00e1 en querer dedicarle tiempo y voluntad a la resoluci\u00f3n de los conflictos, porque \u201cun minuto hablando puede resolver toda una vida\u201d. \u201cLo m\u00e1s importantes es reconocer y respetar la parte de raz\u00f3n que tiene tu \u2018enemigo\u2019, aunque no la compartas en absoluto\u201d, concluye.<\/p>\n<p align=\"center\"><b>\u00a0<\/b><\/p>\n","protected":false},"excerpt":{"rendered":"<p>Javier Al\u00e9s, presidente de los mediadores andaluces, asegura que las administraciones son remisas a apostar definitivamente por este tipo de resoluci\u00f3n de conflictos en esta \u00e9poca de crisis<\/p>\n","protected":false},"author":2,"featured_media":10078839,"comment_status":"closed","ping_status":"open","sticky":false,"template":"","format":"standard","meta":{"_monsterinsights_skip_tracking":false,"_monsterinsights_sitenote_active":false,"_monsterinsights_sitenote_note":"","_monsterinsights_sitenote_category":0,"footnotes":""},"categories":[729],"tags":[23,633,22,777,157,519],"class_list":["post-10078837","post","type-post","status-publish","format-standard","has-post-thumbnail","hentry","category-cursos-verano","tag-carmona","tag-conflictos","tag-cursos-de-verano","tag-javier-ales","tag-mediacion","tag-olavide-en-carmona"],"_links":{"self":[{"href":"https:\/\/www.upo.es\/diario\/wp-json\/wp\/v2\/posts\/10078837","targetHints":{"allow":["GET"]}}],"collection":[{"href":"https:\/\/www.upo.es\/diario\/wp-json\/wp\/v2\/posts"}],"about":[{"href":"https:\/\/www.upo.es\/diario\/wp-json\/wp\/v2\/types\/post"}],"author":[{"embeddable":true,"href":"https:\/\/www.upo.es\/diario\/wp-json\/wp\/v2\/users\/2"}],"replies":[{"embeddable":true,"href":"https:\/\/www.upo.es\/diario\/wp-json\/wp\/v2\/comments?post=10078837"}],"version-history":[{"count":1,"href":"https:\/\/www.upo.es\/diario\/wp-json\/wp\/v2\/posts\/10078837\/revisions"}],"predecessor-version":[{"id":10078841,"href":"https:\/\/www.upo.es\/diario\/wp-json\/wp\/v2\/posts\/10078837\/revisions\/10078841"}],"wp:featuredmedia":[{"embeddable":true,"href":"https:\/\/www.upo.es\/diario\/wp-json\/wp\/v2\/media\/10078839"}],"wp:attachment":[{"href":"https:\/\/www.upo.es\/diario\/wp-json\/wp\/v2\/media?parent=10078837"}],"wp:term":[{"taxonomy":"category","embeddable":true,"href":"https:\/\/www.upo.es\/diario\/wp-json\/wp\/v2\/categories?post=10078837"},{"taxonomy":"post_tag","embeddable":true,"href":"https:\/\/www.upo.es\/diario\/wp-json\/wp\/v2\/tags?post=10078837"}],"curies":[{"name":"wp","href":"https:\/\/api.w.org\/{rel}","templated":true}]}}