{"id":10080722,"date":"2015-07-16T12:25:02","date_gmt":"2015-07-16T12:25:02","guid":{"rendered":"https:\/\/www.upo.es\/diario\/?p=10080722"},"modified":"2015-07-24T09:09:08","modified_gmt":"2015-07-24T09:09:08","slug":"el-consejo-de-gobierno-de-la-upo-aprueba-conceder-la-medalla-al-merito-de-la-universidad-a-seis-catedraticos","status":"publish","type":"post","link":"https:\/\/www.upo.es\/diario\/institucional\/2015\/07\/el-consejo-de-gobierno-de-la-upo-aprueba-conceder-la-medalla-al-merito-de-la-universidad-a-seis-catedraticos\/","title":{"rendered":"El Consejo de Gobierno de la UPO aprueba conceder la Medalla al M\u00e9rito de la Universidad a seis catedr\u00e1ticos"},"content":{"rendered":"<figure id=\"attachment_10080726\" aria-describedby=\"caption-attachment-10080726\" style=\"width: 600px\" class=\"wp-caption aligncenter\"><a href=\"https:\/\/www.upo.es\/diario\/wp-content\/uploads\/2015\/07\/catedraticosUPO.jpg\"><img loading=\"lazy\" decoding=\"async\" class=\"size-large wp-image-10080726\" alt=\"En la fila superior, de izquierda a derecha, Francisco Mu\u00f1oz Conde, Jos\u00e9 Mar\u00eda Garc\u00eda Mar\u00edn, y Jos\u00e9 Mar\u00eda Delgado Garc\u00eda. En la fila inferior, de izquierda a derecha, Juan Jos\u00e9 Gonz\u00e1lez Badillo, Gonzalo Musitu Ochoa y Juan Manuel Su\u00e1rez Jap\u00f3n\" src=\"https:\/\/www.upo.es\/diario\/wp-content\/uploads\/2015\/07\/catedraticosUPO-600x427.jpg\" width=\"600\" height=\"427\" srcset=\"https:\/\/www.upo.es\/diario\/wp-content\/uploads\/2015\/07\/catedraticosUPO-600x427.jpg 600w, https:\/\/www.upo.es\/diario\/wp-content\/uploads\/2015\/07\/catedraticosUPO-320x227.jpg 320w, https:\/\/www.upo.es\/diario\/wp-content\/uploads\/2015\/07\/catedraticosUPO.jpg 1779w\" sizes=\"auto, (max-width: 600px) 100vw, 600px\" \/><\/a><figcaption id=\"caption-attachment-10080726\" class=\"wp-caption-text\">En la fila superior, de izquierda a derecha, Francisco Mu\u00f1oz Conde, Jos\u00e9 Mar\u00eda Garc\u00eda Mar\u00edn, y Jos\u00e9 Mar\u00eda Delgado Garc\u00eda. En la fila inferior, de izquierda a derecha, Juan Jos\u00e9 Gonz\u00e1lez Badillo, Gonzalo Musitu Ochoa y Juan Manuel Su\u00e1rez Jap\u00f3n.<\/figcaption><\/figure>\n<p>El Consejo de Gobierno de la Universidad Pablo de Olavide ha aprobado en su reuni\u00f3n de hoy, a propuesta del rector Vicente Guzm\u00e1n, <strong>la concesi\u00f3n de la Medalla al M\u00e9rito de esta universidad a los profesores doctores Francisco Mu\u00f1oz Conde, Jos\u00e9 Mar\u00eda Garc\u00eda Mar\u00edn, Jos\u00e9 Mar\u00eda Delgado Garc\u00eda, Juan Jos\u00e9 Gonz\u00e1lez Badillo, Gonzalo Musitu Ochoa y Juan Manuel Su\u00e1rez Jap\u00f3n<\/strong>.<\/p>\n<figure id=\"attachment_10117540\" aria-describedby=\"caption-attachment-10117540\" style=\"width: 320px\" class=\"wp-caption alignright\"><a href=\"https:\/\/www.upo.es\/diario\/wp-content\/uploads\/2015\/07\/anarecio_rafaelmontoro.jpg\"><img loading=\"lazy\" decoding=\"async\" class=\"size-medium wp-image-10117540\" alt=\"Ana Recio y Rafael Montoro\" src=\"https:\/\/www.upo.es\/diario\/wp-content\/uploads\/2015\/07\/anarecio_rafaelmontoro-320x190.jpg\" width=\"320\" height=\"190\" srcset=\"https:\/\/www.upo.es\/diario\/wp-content\/uploads\/2015\/07\/anarecio_rafaelmontoro-320x190.jpg 320w, https:\/\/www.upo.es\/diario\/wp-content\/uploads\/2015\/07\/anarecio_rafaelmontoro-600x357.jpg 600w, https:\/\/www.upo.es\/diario\/wp-content\/uploads\/2015\/07\/anarecio_rafaelmontoro.jpg 1219w\" sizes=\"auto, (max-width: 320px) 100vw, 320px\" \/><\/a><figcaption id=\"caption-attachment-10117540\" class=\"wp-caption-text\">Ana Recio, jefa de Protocolo desde 1997 y Rafael Montoro, jefe del Servicio de Infraestructuras desde 1999 hasta 2012.<\/figcaption><\/figure>\n<p>Asimismo, ha aprobado conceder, tambi\u00e9n a propuesta del rector, la Medalla al M\u00e9rito de la UPO a la hasta ahora jefa de Protocolo de la universidad <strong>Ana Recio G\u00f3mez y a Rafael Montoro Cabezudo<\/strong>, antiguo director del Servicio de Infraestructuras de la UPO.<\/p>\n<p>&nbsp;<\/p>\n<p><b>Francisco Mu\u00f1oz Conde<\/b> es catedr\u00e1tico de Derecho Penal en la Universidad Pablo de Olavide, de Sevilla. Formado en Alemania con el profesor Claus Roxin en la Universidad de Munich, fruto de su actividad docente e investigadora ha sido su reconocimiento en el \u00e1mbito internacional como uno de los penalistas m\u00e1s importantes de nuestro tiempo. Ello se ha plasmado en la concesi\u00f3n del Premio Mutis-Humboldt a la investigaci\u00f3n por la Fundaci\u00f3n Alexander von Humboldt (Alemania), el m\u00e1s prestigioso en esta materia. Francisco Mu\u00f1oz Conde es Doctor Honoris Causa de la Universidad\u00a0 Aut\u00f3noma de Asunci\u00f3n-Paraguay, Cat\u00f3lica de Porto Alegre (Brasil), Lusiadas de Lisboa, Castilla La Mancha, Toledo, y Salamanca (Espa\u00f1a).<\/p>\n<p><b>Jos\u00e9 Mar\u00eda Garc\u00eda Mar\u00edn<\/b>\u00a0es catedr\u00e1tico de Historia del Derecho y las Instituciones en la Universidad Pablo de Olavide, de Sevilla. Forma parte del Consejo Asesor del AHDE, dirige el grupo de investigaci\u00f3n \u201cDel Derecho Com\u00fan europeo al Derecho civil\u201d de la UPO y es miembro del \u201cComitato Tennico Cientifico dell\u2019European Master\u2019s Degree\u201d in Storia e Comparazione delle Istituzioi Politiche e Giuridiche dei Paesi dell\u2019Europa Mediterranea (Italia), de la \u201cSociet\u00e9 d\u2019Histoire du Droit\u201d (Francia) y del \u201cComit\u00e9 Scientifique\u201d del \u201cCentre d\u2019Etudes Internationals sur la Romanit\u00e9\u201d (Francia). Tambi\u00e9n es acad\u00e9mico correspondiente de la \u201cAcademia Peloritana dei Pericolanti\u201d de Messina (Italia). Miembro de n\u00famero de la Real Academia Sevillana de Legislaci\u00f3n y Jurisprudencia, y del \u201cInstituto Internacional de Historia del Derecho Indiano\u00bb, es Doctor Honoris Causa por la Universidad de C\u00f3rdoba (Espa\u00f1a).<\/p>\n<p><b>Jos\u00e9 Mar\u00eda Delgado Garc\u00eda<\/b> es catedr\u00e1tico de Neurociencia en la Universidad Pablo de Olavide. Autor de m\u00e1s de 250 art\u00edculos cient\u00edficos de su especialidad, as\u00ed como varios libros de divulgaci\u00f3n sobre distintos aspectos de las neurociencias, la revista Science seleccion\u00f3 un trabajo liderado por este investigador como uno de los 10 hallazgos cient\u00edficos m\u00e1s relevantes del a\u00f1o 2006. Es miembro de la Sociedad Espa\u00f1ola de Ciencias Fisiol\u00f3gicas as\u00ed como de prestigiosas sociedades cient\u00edficas como la European Neurosciences Association, la European Brain and Behavior Society, New York Academy of Sciences, la International Brain Research Organization o la Sociedad Espa\u00f1ola de Neurociencia.<\/p>\n<p><b>Juan Jos\u00e9 Gonz\u00e1lez Badillo<\/b> es catedr\u00e1tico de Teor\u00eda y Pr\u00e1ctica del Entrenamiento Deportivo en la Universidad Pablo de Olavide. Delegado del Centro de Investigaci\u00f3n en Rendimiento F\u00edsico y Deportivo en esta universidad, fue miembro del comit\u00e9 t\u00e9cnico de la Federaci\u00f3n Internacional de Halterofilia durante ocho a\u00f1os y de la Europea durante cuatro a\u00f1os, y miembro del Comit\u00e9 Cient\u00edfico y de Investigaci\u00f3n de la Federaci\u00f3n Internacional de Halterofilia durante cuatro a\u00f1os y miembro de la Comisi\u00f3n de Alta Competici\u00f3n del Comit\u00e9 Ol\u00edmpico Espa\u00f1ol durante 7 a\u00f1os. Director t\u00e9cnico, entrenador del equipo nacional y seleccionador de la Federaci\u00f3n Espa\u00f1ola de Halterofilia durante 19 a\u00f1os, particip\u00f3 en cuatro Juegos Ol\u00edmpicos como responsable de la preparaci\u00f3n de los deportistas.<\/p>\n<p><b>Gonzalo Musitu Ochoa<\/b> es catedr\u00e1tico de Psicolog\u00eda Social de la Familia en la Universidad Pablo de Olavide. Autor de numerosos art\u00edculos cient\u00edficos y libros publicados tanto en el \u00e1mbito nacional como internacional, destaca por sus trabajos en la relaci\u00f3n entre j\u00f3venes y violencia. Ha dirigido numerosas tesis doctorales en diferentes pa\u00edses y ha recibido numerosos premios a la investigaci\u00f3n, entre los que destaca el premio Alfonso el Magn\u00e1nimo en Ciencias Sociales, el Garc\u00eda Villegas y el premio de investigaci\u00f3n Acci\u00f3n Familiar y el premio de Investigaci\u00f3n de la Universidad de Nuevo Le\u00f3n (M\u00e9xico) 2010. Es doctor Honoris Causa por la Universidad Aut\u00f3noma del Estado de Morelos (M\u00e9xico).<\/p>\n<p><b>Juan Manuel Su\u00e1rez Jap\u00f3n<\/b> es catedr\u00e1tico de Geograf\u00eda Humana en la Universidad Pablo de Olavide. Rector de la Universidad Internacional de Andaluc\u00eda entre 2005 y 2013, fue consejero de Cultura y Medio Ambiente del Gobierno andaluz entre 1990 y 1994. Fue designado presidente del Comit\u00e9 Andaluz de Reservas de la Biosfera del Programa Hombre y Biosfera de la Unesco y comisario para la celebraci\u00f3n del X Aniversario de la Exposici\u00f3n Universal de Sevilla de 1992. Ha sido decano de la Facultad de Humanidades de la UPO con experiencia docente en las universidades de C\u00f3rdoba y de C\u00e1diz. Autor de una importante obra geogr\u00e1fica, orientada en torno a temas gaditanos y del Bajo Guadalquivir, es adem\u00e1s un reconocido estudioso de la cultura flamenca. Actualmente sus investigaciones se centran en el apellido Jap\u00f3n de Coria del R\u00edo (Sevilla) y sus v\u00ednculos con la historia y la cultura japonesa.<\/p>\n<p><b>Ana Recio G\u00f3mez<\/b> es administrativo de carrera y experta en Protocolo por la Universidad de Granada. Ha sido la jefa de Protocolo de la Universidad Pablo de Olavide desde su creaci\u00f3n en 1997. Fue secretaria de Direcci\u00f3n en el Rectorado de la Universidad Complutense de Madrid y adscrita a la Presidencia del Consejo Social en la Universidad de Sevilla.<\/p>\n<p><b>Rafael Montoro Cabezudo<\/b> es administrativo de carrera y ha sido director del Servicio de Infraestructuras de la UPO desde 1999 hasta 2012. Obtuvo el t\u00edtulo de Arquitecto en 1974 y anteriormente perteneci\u00f3 al cuerpo superior de facultativos de la Junta de Andaluc\u00eda.<\/p>\n<p>&nbsp;<\/p>\n","protected":false},"excerpt":{"rendered":"<p>El Consejo de Gobierno de la Universidad Pablo de Olavide ha aprobado, a propuesta del rector Vicente Guzm\u00e1n, la concesi\u00f3n de la Medalla al M\u00e9rito de esta universidad a los profesores doctores Francisco Mu\u00f1oz Conde, Jos\u00e9 Mar\u00eda Garc\u00eda Mar\u00edn, Jos\u00e9 Mar\u00eda Delgado Garc\u00eda, Juan Jos\u00e9 Gonz\u00e1lez Badillo, Gonzalo Musitu Ochoa y Juan Manuel Su\u00e1rez Jap\u00f3n. <\/p>\n","protected":false},"author":6,"featured_media":10117540,"comment_status":"closed","ping_status":"open","sticky":false,"template":"","format":"standard","meta":{"_monsterinsights_skip_tracking":false,"_monsterinsights_sitenote_active":false,"_monsterinsights_sitenote_note":"","_monsterinsights_sitenote_category":0,"footnotes":""},"categories":[6],"tags":[654,102,26,682,199,684],"class_list":["post-10080722","post","type-post","status-publish","format-standard","has-post-thumbnail","hentry","category-institucional","tag-catedratico","tag-consejo-de-gobierno","tag-medalla","tag-pas","tag-profesorado","tag-reconocimiento"],"_links":{"self":[{"href":"https:\/\/www.upo.es\/diario\/wp-json\/wp\/v2\/posts\/10080722","targetHints":{"allow":["GET"]}}],"collection":[{"href":"https:\/\/www.upo.es\/diario\/wp-json\/wp\/v2\/posts"}],"about":[{"href":"https:\/\/www.upo.es\/diario\/wp-json\/wp\/v2\/types\/post"}],"author":[{"embeddable":true,"href":"https:\/\/www.upo.es\/diario\/wp-json\/wp\/v2\/users\/6"}],"replies":[{"embeddable":true,"href":"https:\/\/www.upo.es\/diario\/wp-json\/wp\/v2\/comments?post=10080722"}],"version-history":[{"count":22,"href":"https:\/\/www.upo.es\/diario\/wp-json\/wp\/v2\/posts\/10080722\/revisions"}],"predecessor-version":[{"id":10140634,"href":"https:\/\/www.upo.es\/diario\/wp-json\/wp\/v2\/posts\/10080722\/revisions\/10140634"}],"wp:featuredmedia":[{"embeddable":true,"href":"https:\/\/www.upo.es\/diario\/wp-json\/wp\/v2\/media\/10117540"}],"wp:attachment":[{"href":"https:\/\/www.upo.es\/diario\/wp-json\/wp\/v2\/media?parent=10080722"}],"wp:term":[{"taxonomy":"category","embeddable":true,"href":"https:\/\/www.upo.es\/diario\/wp-json\/wp\/v2\/categories?post=10080722"},{"taxonomy":"post_tag","embeddable":true,"href":"https:\/\/www.upo.es\/diario\/wp-json\/wp\/v2\/tags?post=10080722"}],"curies":[{"name":"wp","href":"https:\/\/api.w.org\/{rel}","templated":true}]}}