{"id":1011187,"date":"2013-06-13T05:55:33","date_gmt":"2013-06-13T05:55:33","guid":{"rendered":"https:\/\/www.upo.es\/diario\/?p=1011187"},"modified":"2013-06-13T14:37:32","modified_gmt":"2013-06-13T14:37:32","slug":"reconocimiento-a-la-flora-tristan-por-su-participacion-en-la-elaboracion-de-la-ley-andaluza-de-participacion-ciudadana","status":"publish","type":"post","link":"https:\/\/www.upo.es\/diario\/institucional\/2013\/06\/reconocimiento-a-la-flora-tristan-por-su-participacion-en-la-elaboracion-de-la-ley-andaluza-de-participacion-ciudadana\/","title":{"rendered":"Reconocimiento a la Flora Trist\u00e1n por su participaci\u00f3n en la elaboraci\u00f3n de la Ley Andaluza de Participaci\u00f3n Ciudadana"},"content":{"rendered":"<figure id=\"attachment_1021997\" aria-describedby=\"caption-attachment-1021997\" style=\"width: 320px\" class=\"wp-caption alignright\"><a href=\"https:\/\/www.upo.es\/diario\/wp-content\/uploads\/2013\/06\/reconocimiento_FT.jpg\"><img loading=\"lazy\" decoding=\"async\" class=\"size-medium wp-image-1021997\" alt=\"Adem\u00e1s del equipo directivo y t\u00e9cnico de la Flora Trist\u00e1n, ocho residentes de la Flora se han implicado en esta iniciativa\" src=\"https:\/\/www.upo.es\/diario\/wp-content\/uploads\/2013\/06\/reconocimiento_FT-320x223.jpg\" width=\"320\" height=\"223\" srcset=\"https:\/\/www.upo.es\/diario\/wp-content\/uploads\/2013\/06\/reconocimiento_FT-320x223.jpg 320w, https:\/\/www.upo.es\/diario\/wp-content\/uploads\/2013\/06\/reconocimiento_FT-1024x714.jpg 1024w, https:\/\/www.upo.es\/diario\/wp-content\/uploads\/2013\/06\/reconocimiento_FT-600x418.jpg 600w, https:\/\/www.upo.es\/diario\/wp-content\/uploads\/2013\/06\/reconocimiento_FT.jpg 1642w\" sizes=\"auto, (max-width: 320px) 100vw, 320px\" \/><\/a><figcaption id=\"caption-attachment-1021997\" class=\"wp-caption-text\">Adem\u00e1s del equipo directivo y t\u00e9cnico de la Flora Trist\u00e1n, ocho residentes de la Flora se han implicado en esta iniciativa<\/figcaption><\/figure>\n<p>La Delegaci\u00f3n del Gobierno de la Junta de Andaluc\u00eda en Sevilla ha reconocido a la Residencia Universitaria Flora Trist\u00e1n su participaci\u00f3n y compromiso con el proceso de elaboraci\u00f3n de la <strong>Ley Andaluza de Participaci\u00f3n Ciudadana<\/strong> en la provincia de Sevilla.<\/p>\n<p>El acto estuvo presidido por el delegado del Gobierno \u00a0de la Junta de Andaluc\u00eda en Sevilla, Francisco Javier Fern\u00e1ndez Hern\u00e1ndez, junto al coordinador provincial de la Direcci\u00f3n General Derechos de la Ciudadan\u00eda, Participaci\u00f3n y Voluntariado, Carlos V\u00e1zquez Gal\u00e1n, y el director de la Flora Trist\u00e1n, Juan Blanco L\u00f3pez.<\/p>\n<p>Al acto han asistido, adem\u00e1s del equipo directivo y t\u00e9cnico de la Flora Trist\u00e1n, las ocho residentes que se implicaron desde el pasado diciembre en la dinamizaci\u00f3n y puesta en marcha de los encuentros comarcales, provinciales y de la ciudad de Sevilla que se han llevado a cabo para discutir y elaborar la ley de manera colectiva.<\/p>\n","protected":false},"excerpt":{"rendered":"<p>La Delegaci\u00f3n del Gobierno de la Junta de Andaluc\u00eda en Sevilla ha reconocido a la Residencia Universitaria Flora Trist\u00e1n su participaci\u00f3n y compromiso con el proceso de elaboraci\u00f3n de la Ley Andaluza de Participaci\u00f3n Ciudadana en la provincia de Sevilla.<\/p>\n","protected":false},"author":2,"featured_media":0,"comment_status":"closed","ping_status":"open","sticky":false,"template":"","format":"standard","meta":{"_monsterinsights_skip_tracking":false,"_monsterinsights_sitenote_active":false,"_monsterinsights_sitenote_note":"","_monsterinsights_sitenote_category":0,"footnotes":""},"categories":[6],"tags":[190,203,98,684,55],"class_list":["post-1011187","post","type-post","status-publish","format-standard","hentry","category-institucional","tag-andalucia","tag-junta-de-andalucia","tag-ley-andaluza-de-participacion-ciudadana","tag-reconocimiento","tag-ru-flora-tristan"],"_links":{"self":[{"href":"https:\/\/www.upo.es\/diario\/wp-json\/wp\/v2\/posts\/1011187","targetHints":{"allow":["GET"]}}],"collection":[{"href":"https:\/\/www.upo.es\/diario\/wp-json\/wp\/v2\/posts"}],"about":[{"href":"https:\/\/www.upo.es\/diario\/wp-json\/wp\/v2\/types\/post"}],"author":[{"embeddable":true,"href":"https:\/\/www.upo.es\/diario\/wp-json\/wp\/v2\/users\/2"}],"replies":[{"embeddable":true,"href":"https:\/\/www.upo.es\/diario\/wp-json\/wp\/v2\/comments?post=1011187"}],"version-history":[{"count":4,"href":"https:\/\/www.upo.es\/diario\/wp-json\/wp\/v2\/posts\/1011187\/revisions"}],"predecessor-version":[{"id":1021996,"href":"https:\/\/www.upo.es\/diario\/wp-json\/wp\/v2\/posts\/1011187\/revisions\/1021996"}],"wp:attachment":[{"href":"https:\/\/www.upo.es\/diario\/wp-json\/wp\/v2\/media?parent=1011187"}],"wp:term":[{"taxonomy":"category","embeddable":true,"href":"https:\/\/www.upo.es\/diario\/wp-json\/wp\/v2\/categories?post=1011187"},{"taxonomy":"post_tag","embeddable":true,"href":"https:\/\/www.upo.es\/diario\/wp-json\/wp\/v2\/tags?post=1011187"}],"curies":[{"name":"wp","href":"https:\/\/api.w.org\/{rel}","templated":true}]}}