{"id":1011405,"date":"2013-06-12T05:50:29","date_gmt":"2013-06-12T05:50:29","guid":{"rendered":"https:\/\/www.upo.es\/diario\/?p=1011405"},"modified":"2013-06-12T06:11:35","modified_gmt":"2013-06-12T06:11:35","slug":"toma-de-posesion-de-nuevos-directores-de-departamento-de-la-universidad-pablo-de-olavide","status":"publish","type":"post","link":"https:\/\/www.upo.es\/diario\/institucional\/2013\/06\/toma-de-posesion-de-nuevos-directores-de-departamento-de-la-universidad-pablo-de-olavide\/","title":{"rendered":"Toma de posesi\u00f3n de nuevos directores de departamento de la Universidad Pablo de Olavide"},"content":{"rendered":"<figure id=\"attachment_1011406\" aria-describedby=\"caption-attachment-1011406\" style=\"width: 320px\" class=\"wp-caption alignright\"><a href=\"https:\/\/www.upo.es\/diario\/wp-content\/uploads\/2013\/06\/TP_UPO_110613.jpg\"><img loading=\"lazy\" decoding=\"async\" class=\"size-medium wp-image-1011406\" alt=\"Nuevos cargos de la UPO que han tomado hoy posesi\u00f3n en un acto presidido por el rector\" src=\"https:\/\/www.upo.es\/diario\/wp-content\/uploads\/2013\/06\/TP_UPO_110613-320x213.jpg\" width=\"320\" height=\"213\" srcset=\"https:\/\/www.upo.es\/diario\/wp-content\/uploads\/2013\/06\/TP_UPO_110613-320x213.jpg 320w, https:\/\/www.upo.es\/diario\/wp-content\/uploads\/2013\/06\/TP_UPO_110613-1024x682.jpg 1024w, https:\/\/www.upo.es\/diario\/wp-content\/uploads\/2013\/06\/TP_UPO_110613-600x400.jpg 600w\" sizes=\"auto, (max-width: 320px) 100vw, 320px\" \/><\/a><figcaption id=\"caption-attachment-1011406\" class=\"wp-caption-text\">Nuevos cargos de la UPO han tomado \u00a0posesi\u00f3n en un acto presidido por el rector<\/figcaption><\/figure>\n<p>Ayer martes se celebr\u00f3 la toma de posesi\u00f3n de nuevos cargos de la UPO, en un acto que estuvo presidida por el rector Vicente Guzm\u00e1n. Han tomado posesi\u00f3n como nuevos directores de departamento Stefan Ruhstaller Kuhne, de Filolog\u00eda y Traducci\u00f3n; Jos\u00e9 Mar\u00eda Miura Andrades, de Geograf\u00eda, Historia y Filosof\u00eda; Flor Mar\u00eda Guerrero Casas, de Econom\u00eda, M\u00e9todos Cuantitativos e Historia Econ\u00f3mica; Bernardo Peri\u00f1\u00e1n G\u00f3mez, de Derecho Privado, y como nuevos directores provisionales de departamento Juan Agust\u00edn Mor\u00f3n Marchena, de Educaci\u00f3n y Psicolog\u00eda Social; Clemente Jes\u00fas Navarro Y\u00e1\u00f1ez, de Sociolog\u00eda, y Nuria Cordero Ramos, de Trabajo Social y Servicios Sociales.<\/p>\n<p>Tambi\u00e9n han tomado posesi\u00f3n David Cobos Sanchiz y Mar\u00eda Rosa Herrera, como vicedecano tercero de Ordenaci\u00f3n Acad\u00e9mica e Innovaci\u00f3n y como vicedecana cuarta de Calidad de la Facultad de Ciencias Sociales, y Luc\u00eda Fern\u00e1ndez Amaya, como vicedecana de Relaciones Externas y Comunicaci\u00f3n de la Facultad de Humanidades.<\/p>\n<p>De otro lado, Mar\u00eda de los \u00c1ngeles Hinojosa Lizana ha tomado posesi\u00f3n como vicegerente de Organizaci\u00f3n Administrativa y Recursos Humanos de esta universidad.<\/p>\n<hr \/>\n<p><b>Stefan Ruhstaller<\/b> es catedr\u00e1tico de Lengua Espa\u00f1ola en la Universidad Pablo de Olavide, de Sevilla, y doctor en Filolog\u00eda Hisp\u00e1nica por la Universidad de Z\u00farich (Suiza). Autor de numerosos libros, art\u00edculos, cap\u00edtulos de libros y ponencias presentadas en congresos. Su \u00e1mbito de especializaci\u00f3n investigadora es el l\u00e9xico del espa\u00f1ol y la ense\u00f1anza del espa\u00f1ol como lengua extranjera. Es director del m\u00e1ster oficial en Ense\u00f1anza del espa\u00f1ol como lengua extranjera.<\/p>\n<p><b>Jos\u00e9 Mar\u00eda Miura<\/b> es licenciado en Geograf\u00eda e Historia y doctor en Historia por la Universidad de Sevilla y Premio Extraordinario de Doctorado. Profesor Titular de la Universidad Pablo de Olavide, ha ocupado, entre otras, las responsabilidades de director de Profesorado (Universidad de Huelva), director del Departamento de Humanidades, decano de la Facultad de Humanidades y director de Actividades Extracurriculares y Extensi\u00f3n Cultural en la UPO. Ha publicado diversos libros y es autor de m\u00e1s de una treintena de art\u00edculos y aportaciones cient\u00edficas relacionadas con la religiosidad popular andaluza.<\/p>\n<p><b>Flor M\u00aa Guerrero Casas <\/b>es catedr\u00e1tica de M\u00e9todos Cuantitativos para la Econom\u00eda y la Empresa en la Universidad Pablo de Olavide desde su creaci\u00f3n. Doctora en Ciencias Matem\u00e1ticas por la Universidad de Sevilla, con estancia predoctoral en la Universidad de Lille. Ha sido directora del primer plan estrat\u00e9gico de la Universidad Pablo de Olavide, en el periodo 2001-2003 y vicerrectora de Servicios y Planificaci\u00f3n en el per\u00edodo 2003-2007. Forma parte del Consejo Rector del Centro Andaluz de Prospectiva, del Comit\u00e9 de Expertos del Plan Andaluz de Estad\u00edstica. Tiene en su haber m\u00e1s de un centenar de publicaciones nacionales e internacionales, libros, y es investigadora principal de una docena de proyectos de investigaci\u00f3n y de contratos de transferencia de conocimiento. Desde la creaci\u00f3n de la UPO ha sido responsable del \u00c1rea de M\u00e9todos Cuantitativos.<\/p>\n<p><b>Bernardo Peri\u00f1\u00e1n <\/b>es profesor titular de Derecho Romano\u00a0desde 2002 en la Universidad Pablo de Olavide, de Sevilla. En la actualidad es investigador principal del Proyecto I+D del Ministerio de Econom\u00eda y Competitividad \u201cDerecho y poder pol\u00edtico: Un an\u00e1lisis hist\u00f3rico y comparado desde el punto de vista de la persona\u201d (2011-2014). Sus publicaciones se centran en el Derecho patrimonial, procesal y de personas romano, as\u00ed como en el Derecho comparado. Es miembro de los comit\u00e9s de redacci\u00f3n de la <i>Revista Roman Legal Tradition<\/i> (Glasgow), Revista General de Derecho romano (Madrid) y <i>Quaderni Lupiensi di Storia e Diritto<\/i> (Lecce), as\u00ed como director de la Colecci\u00f3n \u201cPersona\u201d de la editorial Comares. Entre otros cargos acad\u00e9micos, ha sido vicesecretario general de la Universidad Pablo de Olavide y coordinador del M\u00e1ster \u201cDerecho de las Nuevas Tecnolog\u00edas\u201d.<\/p>\n<p><b>Juan Agust\u00edn Mor\u00f3n Marchena<\/b> es doctor en Ciencias de la Educaci\u00f3n, y profesor titular de la Universidad Pablo de Olavide. Imparte docencia en la Universidad Pablo de Olavide desde 2005, habiendo sido profesor anteriormente de las universidades de Sevilla (1997-2005) y Huelva (1993-1996). Ha desempe\u00f1ado diversos cargos acad\u00e9micos con anterioridad en dichas universidades (jefe de \u00e1rea, secretario de departamento, director de departamento). Su l\u00ednea de investigaci\u00f3n se encuadra dentro de la Pedagog\u00eda Social-Educaci\u00f3n Social, y es especialista en Promoci\u00f3n y Educaci\u00f3n para la Salud, Drogodependencias, SIDA, Tem\u00e1ticas Transversales o Cooperaci\u00f3n Internacional y Educaci\u00f3n para el Desarrollo.<\/p>\n<p><b>Clemente J. Navarro Y\u00e1\u00f1ez<\/b> es catedr\u00e1tico de Sociolog\u00eda en la Universidad Pablo de Olavide, de Sevilla. Publicaciones recientes en revistas como International Journal of Urban and Regional Studies, Social Forces; en libros como Local Leadership in Europe, European Mayors, The Politics of Cultural Policy, es autor de Participaci\u00f3n y comunidades locales en Espa\u00f1a (CIS, 2011), Las dimensiones culturales de la ciudad (Catarata, 2012) y coautor de \u00bfDemocracia sigilosa en Espa\u00f1a? (CIS, 2012). Dirige la colecci\u00f3n editorial \u2018Sociolog\u00eda Pol\u00edtica Urbana y Comparada\u2019 y co-editor de la Urban Policy Analysis Serie. Coordinador de la International Network on Cultural Scenes and Urban Development, miembro del International Metropolitan Observatory y delegado en Research Commitee de la International Sociological Association.<\/p>\n<p><b>Nuria Cordero Ramos\u00a0<\/b>es doctora \u00a0por la Universidad\u00a0Pablo \u00a0de Olavide \u00a0y profesora titular de Escuela Universitaria en la Universidad Pablo de Olavide. Licenciada en Antropolog\u00eda Social y Cultural, \u00a0diplomada en Trabajo Social e \u00a0investigadora del Grupo de Investigaci\u00f3n GISAP. Es miembro fundadora del Seminario de \u00c9tica del a Intervenci\u00f3n Social en la UPO y responsable del Proyecto de la AECID \u00abTrata de Personas, dignidad y derechos humanos: Zona Andina, Centro Am\u00e9rica y Espa\u00f1a\u00bb.<\/p>\n<p><b>M\u00aa \u00c1ngeles Hinojosa Lizana<\/b> es licenciada en Periodismo por la Universidad de Sevilla y funcionaria de la\u00a0 escala T\u00e9cnica de Gesti\u00f3n de esa universidad. A lo largo de su trayectoria profesional ha desempe\u00f1ado diversos puestos de responsabilidad en la gesti\u00f3n, como el de vicegerente de la Universidad de Almer\u00eda, subdirectora de Planificaci\u00f3n de Recursos Humanos, directora t\u00e9cnica de Calidad e\u00a0 Innovaci\u00f3n Docente y\u00a0 directora t\u00e9cnica de la Oficina de Gesti\u00f3n de la Calidad, estos \u00faltimos en la Universidad de Sevilla.<\/p>\n","protected":false},"excerpt":{"rendered":"<p>Ayer martes se celebr\u00f3 la toma de posesi\u00f3n de nuevos cargos de la UPO, en un acto que estuvo presidida por el rector Vicente Guzm\u00e1n. Han tomado posesi\u00f3n como nuevos directores de departamento Stefan Ruhstaller Kuhne, de Filolog\u00eda y Traducci\u00f3n; Jos\u00e9 Mar\u00eda Miura Andrades, de Geograf\u00eda, Historia y Filosof\u00eda; Flor Mar\u00eda Guerrero Casas, de Econom\u00eda, M\u00e9todos Cuantitativos e Historia Econ\u00f3mica; Bernardo Peri\u00f1\u00e1n G\u00f3mez, de Derecho Privado, y como nuevos directores provisionales de departamento Juan Agust\u00edn Mor\u00f3n Marchena, de Educaci\u00f3n y Psicolog\u00eda Social; Clemente Jes\u00fas Navarro Y\u00e1\u00f1ez, de Sociolog\u00eda, y Nuria Cordero Ramos, de Trabajo Social y Servicios Sociales.<\/p>\n","protected":false},"author":6,"featured_media":0,"comment_status":"closed","ping_status":"open","sticky":false,"template":"","format":"standard","meta":{"_monsterinsights_skip_tracking":false,"_monsterinsights_sitenote_active":false,"_monsterinsights_sitenote_note":"","_monsterinsights_sitenote_category":0,"footnotes":""},"categories":[6],"tags":[686,488,159,38,685,106],"class_list":["post-1011405","post","type-post","status-publish","format-standard","hentry","category-institucional","tag-cargos","tag-departamento","tag-nombramiento","tag-rector","tag-toma-de-posesion","tag-vicente-c-guzman"],"_links":{"self":[{"href":"https:\/\/www.upo.es\/diario\/wp-json\/wp\/v2\/posts\/1011405","targetHints":{"allow":["GET"]}}],"collection":[{"href":"https:\/\/www.upo.es\/diario\/wp-json\/wp\/v2\/posts"}],"about":[{"href":"https:\/\/www.upo.es\/diario\/wp-json\/wp\/v2\/types\/post"}],"author":[{"embeddable":true,"href":"https:\/\/www.upo.es\/diario\/wp-json\/wp\/v2\/users\/6"}],"replies":[{"embeddable":true,"href":"https:\/\/www.upo.es\/diario\/wp-json\/wp\/v2\/comments?post=1011405"}],"version-history":[{"count":4,"href":"https:\/\/www.upo.es\/diario\/wp-json\/wp\/v2\/posts\/1011405\/revisions"}],"predecessor-version":[{"id":1015031,"href":"https:\/\/www.upo.es\/diario\/wp-json\/wp\/v2\/posts\/1011405\/revisions\/1015031"}],"wp:attachment":[{"href":"https:\/\/www.upo.es\/diario\/wp-json\/wp\/v2\/media?parent=1011405"}],"wp:term":[{"taxonomy":"category","embeddable":true,"href":"https:\/\/www.upo.es\/diario\/wp-json\/wp\/v2\/categories?post=1011405"},{"taxonomy":"post_tag","embeddable":true,"href":"https:\/\/www.upo.es\/diario\/wp-json\/wp\/v2\/tags?post=1011405"}],"curies":[{"name":"wp","href":"https:\/\/api.w.org\/{rel}","templated":true}]}}