{"id":1011625,"date":"2013-06-11T00:06:41","date_gmt":"2013-06-11T00:06:41","guid":{"rendered":"https:\/\/www.upo.es\/diario\/?p=1011625"},"modified":"2013-06-11T14:08:59","modified_gmt":"2013-06-11T14:08:59","slug":"el-rector-de-la-upo-y-el-presidente-de-la-asociacion-de-la-prensa-de-sevilla-firman-manana-un-convenio","status":"publish","type":"post","link":"https:\/\/www.upo.es\/diario\/institucional\/2013\/06\/el-rector-de-la-upo-y-el-presidente-de-la-asociacion-de-la-prensa-de-sevilla-firman-manana-un-convenio\/","title":{"rendered":"El rector de la UPO y el presidente de la Asociaci\u00f3n de la Prensa de Sevilla firman ma\u00f1ana un convenio"},"content":{"rendered":"<p>El rector de la Universidad Pablo de Olavide, Vicente Guzm\u00e1n Fluja y el presidente de la Asociaci\u00f3n de la Prensa de Sevilla, Rafael Rodr\u00edguez Guerrero, firmar\u00e1n ma\u00f1ana, a las 12.00 horas, en la sala de prensa del Rectorado, un convenio para la celebraci\u00f3n del curso de verano de Olavide en Carmona \u2018Periodismo, nuevas alternativas\u2019.<\/p>\n","protected":false},"excerpt":{"rendered":"<p>El rector de la Universidad Pablo de Olavide, Vicente Guzm\u00e1n Fluja y el presidente de la Asociaci\u00f3n de la Prensa de Sevilla, Rafael Rodr\u00edguez Guerrero, firmar\u00e1n ma\u00f1ana, a las 12.00 horas, en la sala de prensa del Rectorado, un convenio para la celebraci\u00f3n del curso de verano de Olavide en Carmona \u2018Periodismo, nuevas alternativas\u2019.<\/p>\n","protected":false},"author":6,"featured_media":0,"comment_status":"closed","ping_status":"open","sticky":false,"template":"","format":"standard","meta":{"_monsterinsights_skip_tracking":false,"_monsterinsights_sitenote_active":false,"_monsterinsights_sitenote_note":"","_monsterinsights_sitenote_category":0,"footnotes":""},"categories":[6],"tags":[326,141,22,519,687,38,106],"class_list":["post-1011625","post","type-post","status-publish","format-standard","hentry","category-institucional","tag-convenio","tag-curso","tag-cursos-de-verano","tag-olavide-en-carmona","tag-periodismo","tag-rector","tag-vicente-c-guzman"],"_links":{"self":[{"href":"https:\/\/www.upo.es\/diario\/wp-json\/wp\/v2\/posts\/1011625","targetHints":{"allow":["GET"]}}],"collection":[{"href":"https:\/\/www.upo.es\/diario\/wp-json\/wp\/v2\/posts"}],"about":[{"href":"https:\/\/www.upo.es\/diario\/wp-json\/wp\/v2\/types\/post"}],"author":[{"embeddable":true,"href":"https:\/\/www.upo.es\/diario\/wp-json\/wp\/v2\/users\/6"}],"replies":[{"embeddable":true,"href":"https:\/\/www.upo.es\/diario\/wp-json\/wp\/v2\/comments?post=1011625"}],"version-history":[{"count":2,"href":"https:\/\/www.upo.es\/diario\/wp-json\/wp\/v2\/posts\/1011625\/revisions"}],"predecessor-version":[{"id":1011627,"href":"https:\/\/www.upo.es\/diario\/wp-json\/wp\/v2\/posts\/1011625\/revisions\/1011627"}],"wp:attachment":[{"href":"https:\/\/www.upo.es\/diario\/wp-json\/wp\/v2\/media?parent=1011625"}],"wp:term":[{"taxonomy":"category","embeddable":true,"href":"https:\/\/www.upo.es\/diario\/wp-json\/wp\/v2\/categories?post=1011625"},{"taxonomy":"post_tag","embeddable":true,"href":"https:\/\/www.upo.es\/diario\/wp-json\/wp\/v2\/tags?post=1011625"}],"curies":[{"name":"wp","href":"https:\/\/api.w.org\/{rel}","templated":true}]}}