{"id":10118515,"date":"2015-07-21T11:27:54","date_gmt":"2015-07-21T11:27:54","guid":{"rendered":"https:\/\/www.upo.es\/diario\/?p=10118515"},"modified":"2015-07-21T11:27:54","modified_gmt":"2015-07-21T11:27:54","slug":"las-terapias-ecuestres-mejoran-la-autonomia-de-las-personas-con-deficiencia-visual","status":"publish","type":"post","link":"https:\/\/www.upo.es\/diario\/cursos-verano\/2015\/07\/las-terapias-ecuestres-mejoran-la-autonomia-de-las-personas-con-deficiencia-visual\/","title":{"rendered":"Las terapias ecuestres mejoran la autonom\u00eda de las personas con deficiencia visual"},"content":{"rendered":"<figure id=\"attachment_10118517\" aria-describedby=\"caption-attachment-10118517\" style=\"width: 600px\" class=\"wp-caption aligncenter\"><a href=\"https:\/\/www.upo.es\/diario\/wp-content\/uploads\/2015\/07\/Maria-Luisa-Lopez.jpg\"><img loading=\"lazy\" decoding=\"async\" class=\"size-large wp-image-10118517\" alt=\"Mar\u00eda Luisa L\u00f3pez,\" src=\"https:\/\/www.upo.es\/diario\/wp-content\/uploads\/2015\/07\/Maria-Luisa-Lopez-600x340.jpg\" width=\"600\" height=\"340\" srcset=\"https:\/\/www.upo.es\/diario\/wp-content\/uploads\/2015\/07\/Maria-Luisa-Lopez-600x340.jpg 600w, https:\/\/www.upo.es\/diario\/wp-content\/uploads\/2015\/07\/Maria-Luisa-Lopez-320x181.jpg 320w, https:\/\/www.upo.es\/diario\/wp-content\/uploads\/2015\/07\/Maria-Luisa-Lopez.jpg 1056w\" sizes=\"auto, (max-width: 600px) 100vw, 600px\" \/><\/a><figcaption id=\"caption-attachment-10118517\" class=\"wp-caption-text\">Mar\u00eda Luisa L\u00f3pez, psicopedagoga y experta en terapias ecuestres<\/figcaption><\/figure>\n<p>Mar\u00eda Luisa L\u00f3pez, psicopedagoga y experta en terapias ecuestres en La Solana, afirma que las terapias ecuestres consiguen efectos muy beneficiosos en personas que sufren deficiencia visual, tales como \u201cmejora de su autonom\u00eda y superaci\u00f3n en la realizaci\u00f3n de tareas que aplican luego en su vida cotidiana\u201d. <strong>L\u00f3pez explica que para una persona sin visi\u00f3n \u201ces muy importante el tacto y aprender a utilizar sus manos\u201d, lo que se fomenta en la preparaci\u00f3n del animal, as\u00ed como la orientaci\u00f3n y la coordinaci\u00f3n \u201cen las actividades de pista\u201d<\/strong>.<\/p>\n<p><strong>La psicopedagoga ha realizado estas declaraciones con motivo de la celebraci\u00f3n del curso \u201cTerapias ecuestres e intervenciones asistidas con caballos: avanzando\u201d<\/strong>, que se imparte hasta ma\u00f1ana en el marco de los cursos de verano que la Universidad Pablo de Olavide celebra cada a\u00f1o en su sede de Carmona y que coordina Sandra de Soto Galv\u00e1n, directora de la Fundaci\u00f3n para el Desarrollo de las Terapias Ecuestres (Fundete).<\/p>\n<p>Mar\u00eda Luisa L\u00f3pez, que ha participado en el curso impartiendo la conferencia \u201cIntervenci\u00f3n asistida con caballos para una deficiencia visual y neuropsicomotora\u201d, ha manifestado que existen sendos estudios cient\u00edficos neuropsicol\u00f3gicos aplicados a las terapias ecuestres, \u201cdos campos de trabajo esperanzadores para mejorar la calidad de vida de personas con necesidades educativas especiales\u201d, se\u00f1ala.<\/p>\n<p>Las terapias ecuestres, que consisten en realizar actividades asistidas con caballos y que utilizan el contacto, cuido y monta del caballo para favorecer el desarrollo f\u00edsico, ps\u00edquico, emocional y social de cualquier persona, en especial de las que tienen alg\u00fan tipo de necesidad especial o discapacidad, son impartidas por un equipo terap\u00e9utico multidisciplinar. Y, a juicio de esta experta, \u201cson pocas las enfermedades en las que no se puede aplicar este tipo de terapia\u201d. Todo depende de cada persona y su actitud hacia estos animales, pero \u201cexceptuando casos de alergias, exceso de peso y alguna contraindicaci\u00f3n m\u00e9dica, todo se puede intentar\u201d, argumenta.<\/p>\n<p>Entre los beneficios que experimentan las personas que participan en terapias con caballos, enumera mejoras psicol\u00f3gicas (autoestima, autocontrol conductual), del \u00e1rea psicomotora (equilibrio y coordinaci\u00f3n), de socializaci\u00f3n (mejora y nuevas relaciones, amistad, comunicaci\u00f3n) y m\u00e9dicas, como la regulaci\u00f3n de los sistemas circulatorio, respiratorio y digestivo. Adem\u00e1s, el contexto natural donde se desarrollan las actividades \u201cfavorece la motivaci\u00f3n y la disposici\u00f3n de las persona a disfrutar, sin tener conciencia de estar siendo sometido a una terapia como si estuviera en una consulta o en una camilla de fisioterapia\u201d, a\u00f1ade.<\/p>\n<p>Para finalizar, Mar\u00eda Luisa L\u00f3pez recuerda que la utilizaci\u00f3n del caballo para la mejora f\u00edsica y ps\u00edquica no es ninguna novedad, y que ya Hip\u00f3crates defend\u00eda \u201cel saludable terap\u00e9utico ritmo del caballo\u201d, pasando por la \u201crehabilitaci\u00f3n de soldados en la guerra y numerosos escritos antiguos que hablan de actividades con caballos para la mejora de la persona\u201d.<\/p>\n<p>No obstante, aboga por difundir este tipo de terapia, ya que \u201caunque parezca que es muy conocida, no lo es en su fundamento y queda mucho camino por recorrer para que sea verdaderamente reconocida y admitida como algo determinante en la mejora de las personas con necesidades\u201d, concluye.<\/p>\n","protected":false},"excerpt":{"rendered":"<p>La psicopedagoga Mar\u00eda Luisa L\u00f3pez asegura que estudios cient\u00edficos neuropsicol\u00f3gicos avalan que la intervenci\u00f3n con caballos elevan la calidad de vida de personas con necesidades educativas especiales<\/p>\n","protected":false},"author":6,"featured_media":10118518,"comment_status":"closed","ping_status":"open","sticky":false,"template":"","format":"standard","meta":{"_monsterinsights_skip_tracking":false,"_monsterinsights_sitenote_active":false,"_monsterinsights_sitenote_note":"","_monsterinsights_sitenote_category":0,"footnotes":""},"categories":[729],"tags":[1675,23,22,519,218,771],"class_list":["post-10118515","post","type-post","status-publish","format-standard","has-post-thumbnail","hentry","category-cursos-verano","tag-animales","tag-carmona","tag-cursos-de-verano","tag-olavide-en-carmona","tag-salud","tag-terapia"],"_links":{"self":[{"href":"https:\/\/www.upo.es\/diario\/wp-json\/wp\/v2\/posts\/10118515","targetHints":{"allow":["GET"]}}],"collection":[{"href":"https:\/\/www.upo.es\/diario\/wp-json\/wp\/v2\/posts"}],"about":[{"href":"https:\/\/www.upo.es\/diario\/wp-json\/wp\/v2\/types\/post"}],"author":[{"embeddable":true,"href":"https:\/\/www.upo.es\/diario\/wp-json\/wp\/v2\/users\/6"}],"replies":[{"embeddable":true,"href":"https:\/\/www.upo.es\/diario\/wp-json\/wp\/v2\/comments?post=10118515"}],"version-history":[{"count":2,"href":"https:\/\/www.upo.es\/diario\/wp-json\/wp\/v2\/posts\/10118515\/revisions"}],"predecessor-version":[{"id":10118519,"href":"https:\/\/www.upo.es\/diario\/wp-json\/wp\/v2\/posts\/10118515\/revisions\/10118519"}],"wp:featuredmedia":[{"embeddable":true,"href":"https:\/\/www.upo.es\/diario\/wp-json\/wp\/v2\/media\/10118518"}],"wp:attachment":[{"href":"https:\/\/www.upo.es\/diario\/wp-json\/wp\/v2\/media?parent=10118515"}],"wp:term":[{"taxonomy":"category","embeddable":true,"href":"https:\/\/www.upo.es\/diario\/wp-json\/wp\/v2\/categories?post=10118515"},{"taxonomy":"post_tag","embeddable":true,"href":"https:\/\/www.upo.es\/diario\/wp-json\/wp\/v2\/tags?post=10118515"}],"curies":[{"name":"wp","href":"https:\/\/api.w.org\/{rel}","templated":true}]}}