{"id":10118836,"date":"2015-07-22T05:10:50","date_gmt":"2015-07-22T05:10:50","guid":{"rendered":"https:\/\/www.upo.es\/diario\/?p=10118836"},"modified":"2015-07-22T05:10:51","modified_gmt":"2015-07-22T05:10:51","slug":"el-taller-puesta-en-escena-clausura-hoy-en-carmona-el-curso-el-actor-y-la-actriz-completos","status":"publish","type":"post","link":"https:\/\/www.upo.es\/diario\/institucional\/2015\/07\/el-taller-puesta-en-escena-clausura-hoy-en-carmona-el-curso-el-actor-y-la-actriz-completos\/","title":{"rendered":"El taller \u201cPuesta en escena\u201d clausura hoy en Carmona el curso \u201cEl actor y la actriz completos\u201d"},"content":{"rendered":"<figure id=\"attachment_10118512\" aria-describedby=\"caption-attachment-10118512\" style=\"width: 600px\" class=\"wp-caption aligncenter\"><a href=\"https:\/\/www.upo.es\/diario\/wp-content\/uploads\/2015\/07\/Ana-Ropa.jpg\"><img loading=\"lazy\" decoding=\"async\" class=\"size-large wp-image-10118512\" alt=\"Ana Ropa\" src=\"https:\/\/www.upo.es\/diario\/wp-content\/uploads\/2015\/07\/Ana-Ropa-600x340.jpg\" width=\"600\" height=\"340\" srcset=\"https:\/\/www.upo.es\/diario\/wp-content\/uploads\/2015\/07\/Ana-Ropa-600x340.jpg 600w, https:\/\/www.upo.es\/diario\/wp-content\/uploads\/2015\/07\/Ana-Ropa-320x181.jpg 320w, https:\/\/www.upo.es\/diario\/wp-content\/uploads\/2015\/07\/Ana-Ropa.jpg 1056w\" sizes=\"auto, (max-width: 600px) 100vw, 600px\" \/><\/a><figcaption id=\"caption-attachment-10118512\" class=\"wp-caption-text\">Ana Ropa es profesora de la Escuela Municipal de Teatro de Carmona<\/figcaption><\/figure>\n<p>Hoy finalizan tres nuevos cursos de verano en la sede de la Universidad Pablo de Olavide en Carmona: el de interpretaci\u00f3n, el de coaching educativo y el de terapias ecuestres. En concreto, el primero de ellos, se clausurar\u00e1 a partir de las 16,00 horas en el Hotel Alc\u00e1zar de la Reina con el<b> taller \u201cPuesta en escena\u201d <\/b>que estar\u00e1 dirigido por <b>Ana Ropa<\/b>, profesora de la Escuela Municipal de Teatro de Carmona y directora de este seminario. Por la ma\u00f1ana, el programa del \u00faltimo d\u00eda se completar\u00e1 con la segunda parte del taller de danza \u201cIntroducci\u00f3n a la pr\u00e1ctica de movimiento\u201d impartido por Guillermo Weickert, profesor de danza.<\/p>\n<p>Del mismo modo, tres talleres cierran tambi\u00e9n hoy el programa del curso <b>\u201cCoaching: una nueva herramienta para la mejora educativa\u201d<\/b> que se est\u00e1 celebrando desde el pasado lunes en Carmona. En primer lugar, a las 9,00 horas, \u201cAprendiendo a trav\u00e9s del juego\u201d, posteriormente, a las 11,00 horas, el taller \u201cCoaching en grupo: estimulando el pensamiento\u201d y por \u00faltimo, a las 12,30 horas, se abordar\u00e1 \u201cEl papel del profesorado en el cambio educativo\u201d. Estas tres actividades ser\u00e1n impartidas en aula 6 de la Casa Palacio de Los Briones por Gema Sancho Zamora, coach certificado por la International Coach Federation (ICF) y directora de este curso.<\/p>\n<p>Por \u00faltimo, tambi\u00e9n finaliza hoy, en el aula 1 de la Casa Palacio de Los Briones, el seminario <b>\u201cTerapias ecuestres e intervenciones asistidas con caballos: avanzando\u201d<\/b>. La \u00faltima jornada comenzar\u00e1 a las 09,00 horas con la conferencia \u201cInicio de la bipedestaci\u00f3n y marcha en un caso de da\u00f1o cerebral a trav\u00e9s de las TEIAC\u201d que estar\u00e1 a cargo de Rub\u00e9n David Maldonado Ferrete fisioterapeuta de Fundete (Fundaci\u00f3n para el Desarrollo de las Terapias Ecuestres). Posteriormente, a las 11,00 horas ser\u00e1 Ana Vargas Moreno de Cala, psic\u00f3loga de Equma, quien ofrecer\u00e1 la ponencia \u201cAprendiendo a escucharme, IAC en s\u00edndrome disejecutivo\u201d y a las 12,30 horas, Roc\u00edo Figueruela Fern\u00e1ndez, psic\u00f3loga del Centro Nazareno de Terapias Ecuestres La Herradura, abordar\u00e1 \u201cLa equitaci\u00f3n adaptada como veh\u00edculo para la integraci\u00f3n social. Caso real en P.C.\u201d<\/p>\n<p>Por la tarde, este seminario concluir\u00e1 con dos mesas redondas en las que intervendr\u00e1n Ana Vargas Moreno de Cala y Roc\u00edo Figueruela Fern\u00e1ndez, ponentes de conferencias previas, junto a Sandra de Soto Galv\u00e1n, psic\u00f3loga, directora de Fundete y coordinadora de este seminario. En concreto, la primera mesa ser\u00e1 a las 16,00 horas y se titular\u00e1 \u201cDe las terapias ecuestres a las intervenciones asistidas con caballos. Nuevas formas y modalidades de intervenci\u00f3n\u201d, mientras que la segunda, denominada \u201cEl caballo en las TEIAC\u201d, comenzar\u00e1 a las 17,15 horas<\/p>\n<p><b>Concierto del Coro de la UPO en el Verano cultural 2015<\/b><\/p>\n<p>Adem\u00e1s, en la noche de hoy, a las 21,30 horas, en la sede Olavide en Carmona \u2013 Rectora Rosario Valpuesta, se celebrar\u00e1 un concierto, a cargo del Coro de la Universidad Pablo de Olavide, de m\u00fasica en la \u00e9poca del Gran Capit\u00e1n, en conmemoraci\u00f3n del V centenario de la muerte de Gonzalo Fern\u00e1ndez de C\u00f3rdoba.<\/p>\n<p>Esta actividad, cuya entrada es libre y gratuita hasta completar aforo (m\u00e1ximo 100 personas), est\u00e1 incluida dentro de la agenda del verano cultural 2015, organizado por la sede de la Universidad Pablo de Olavide en Carmona y la Delegaci\u00f3n de Cultura y de Patrimonio Hist\u00f3rico y Turismo del Ayuntamiento de Carmona.<\/p>\n<p>&nbsp;<\/p>\n","protected":false},"excerpt":{"rendered":"<p>Hoy finalizan tres nuevos cursos de verano en la sede de la Universidad Pablo de Olavide en Carmona: el de interpretaci\u00f3n, el de coaching educativo y el de terapias ecuestres. En concreto, el primero de ellos, se clausurar\u00e1 a partir de las 16,00 horas en el Hotel Alc\u00e1zar de la Reina con el taller \u201cPuesta en escena\u201d que estar\u00e1 dirigido por Ana Ropa, profesora de la Escuela Municipal de Teatro de Carmona y directora de este seminario.<\/p>\n","protected":false},"author":6,"featured_media":0,"comment_status":"closed","ping_status":"open","sticky":false,"template":"","format":"standard","meta":{"_monsterinsights_skip_tracking":false,"_monsterinsights_sitenote_active":false,"_monsterinsights_sitenote_note":"","_monsterinsights_sitenote_category":0,"footnotes":""},"categories":[6],"tags":[1675,2523,23,757,22,465,519,218,95,771,1709],"class_list":["post-10118836","post","type-post","status-publish","format-standard","hentry","category-institucional","tag-animales","tag-artes-escenicas","tag-carmona","tag-coaching","tag-cursos-de-verano","tag-educacion","tag-olavide-en-carmona","tag-salud","tag-teatro","tag-terapia","tag-verano-cultural"],"_links":{"self":[{"href":"https:\/\/www.upo.es\/diario\/wp-json\/wp\/v2\/posts\/10118836","targetHints":{"allow":["GET"]}}],"collection":[{"href":"https:\/\/www.upo.es\/diario\/wp-json\/wp\/v2\/posts"}],"about":[{"href":"https:\/\/www.upo.es\/diario\/wp-json\/wp\/v2\/types\/post"}],"author":[{"embeddable":true,"href":"https:\/\/www.upo.es\/diario\/wp-json\/wp\/v2\/users\/6"}],"replies":[{"embeddable":true,"href":"https:\/\/www.upo.es\/diario\/wp-json\/wp\/v2\/comments?post=10118836"}],"version-history":[{"count":2,"href":"https:\/\/www.upo.es\/diario\/wp-json\/wp\/v2\/posts\/10118836\/revisions"}],"predecessor-version":[{"id":10124178,"href":"https:\/\/www.upo.es\/diario\/wp-json\/wp\/v2\/posts\/10118836\/revisions\/10124178"}],"wp:attachment":[{"href":"https:\/\/www.upo.es\/diario\/wp-json\/wp\/v2\/media?parent=10118836"}],"wp:term":[{"taxonomy":"category","embeddable":true,"href":"https:\/\/www.upo.es\/diario\/wp-json\/wp\/v2\/categories?post=10118836"},{"taxonomy":"post_tag","embeddable":true,"href":"https:\/\/www.upo.es\/diario\/wp-json\/wp\/v2\/tags?post=10118836"}],"curies":[{"name":"wp","href":"https:\/\/api.w.org\/{rel}","templated":true}]}}