{"id":10126427,"date":"2015-07-22T12:22:32","date_gmt":"2015-07-22T12:22:32","guid":{"rendered":"https:\/\/www.upo.es\/diario\/?p=10126427"},"modified":"2015-07-22T12:23:23","modified_gmt":"2015-07-22T12:23:23","slug":"las-intervenciones-asistidas-con-caballos-se-aplican-ya-a-casos-de-depresion-y-violencia-de-genero","status":"publish","type":"post","link":"https:\/\/www.upo.es\/diario\/cursos-verano\/2015\/07\/las-intervenciones-asistidas-con-caballos-se-aplican-ya-a-casos-de-depresion-y-violencia-de-genero\/","title":{"rendered":"Las intervenciones asistidas con caballos se aplican ya a casos de depresi\u00f3n y violencia de g\u00e9nero"},"content":{"rendered":"<figure id=\"attachment_10126431\" aria-describedby=\"caption-attachment-10126431\" style=\"width: 600px\" class=\"wp-caption aligncenter\"><a href=\"https:\/\/www.upo.es\/diario\/wp-content\/uploads\/2015\/07\/Rosa-Maria-Diaz.jpg\"><img loading=\"lazy\" decoding=\"async\" class=\"size-large wp-image-10126431 \" alt=\"Rosa Mar\u00eda D\u00edaz\" src=\"https:\/\/www.upo.es\/diario\/wp-content\/uploads\/2015\/07\/Rosa-Maria-Diaz-600x378.jpg\" width=\"600\" height=\"378\" srcset=\"https:\/\/www.upo.es\/diario\/wp-content\/uploads\/2015\/07\/Rosa-Maria-Diaz-600x378.jpg 600w, https:\/\/www.upo.es\/diario\/wp-content\/uploads\/2015\/07\/Rosa-Maria-Diaz-320x201.jpg 320w, https:\/\/www.upo.es\/diario\/wp-content\/uploads\/2015\/07\/Rosa-Maria-Diaz.jpg 1379w\" sizes=\"auto, (max-width: 600px) 100vw, 600px\" \/><\/a><figcaption id=\"caption-attachment-10126431\" class=\"wp-caption-text\">Rosa Mar\u00eda D\u00edaz<\/figcaption><\/figure>\n<p>Es frecuente ver reportajes sobre terapias ecuestres aplicadas a personas con s\u00edndrome de Down, autismo o par\u00e1lisis cerebral. Sin embargo, las intervenciones asistidas con caballos no se reducen a enfermedades o patolog\u00edas f\u00edsicas, sino que se aplican ya con \u00e9xito en el tratamiento de otros casos, tales como la depresi\u00f3n o la violencia de g\u00e9nero. As\u00ed lo pone de manifiesto Rosa Mar\u00eda D\u00edaz, profesora del Departamento de Trabajo Social y Servicios Sociales de la Universidad Pablo de Olavide y decana de la Facultad de Ciencias Sociales.<\/p>\n<p><strong>La profesora de la UPO ha realizado estas declaraciones en el \u00e1mbito del curso \u201cTerapias ecuestres e intervenciones asistidas con caballos: avanzando\u201d<\/strong>, que se imparte dentro de la programaci\u00f3n de la XIII edici\u00f3n de los cursos de verano que la Universidad Pablo de Olavide celebra cada a\u00f1o en su sede de Carmona y que coordina Sandra de Soto Galv\u00e1n, directora de la Fundaci\u00f3n para el Desarrollo de las Terapias Ecuestres (Fundete).<\/p>\n<p>D\u00edaz, que ha pronunciado la conferencia \u201cEl punto de partida: la formaci\u00f3n en terapias ecuestres e intervenciones asistidas con caballos\u201d, ha se\u00f1alado que al margen de los \u201cparadigmas terap\u00e9uticos tradicionales\u201d, en la actualidad se est\u00e1 abriendo el espectro de la utilizaci\u00f3n del caballo \u201cpara la mejora de la escoliosis o problemas de suelo p\u00e9lvico\u201d, destacando el auge de tratamientos \u201cpara situaciones de depresi\u00f3n y trastornos de conducta\u201d, aspectos que poco tienen que ver con las patolog\u00edas m\u00e9dicas tradicionales.<\/p>\n<p>En este sentido, la experta destaca la aplicaci\u00f3n de la hipoterapia con v\u00edctimas de la violencia filioparental, donde los programas de intervenci\u00f3n son \u201cintegrales\u201d y se trabaja con ambas partes del conflicto: hijos y padres. Asimismo, de un tiempo a esta parte se emplea tambi\u00e9n el caballo en los casos de violencia de g\u00e9nero \u201cpara la mejora de las condiciones personales de mujeres v\u00edctimas de violencia de g\u00e9nero con y sin discapacidad\u201d. Yendo un paso m\u00e1s all\u00e1, D\u00edaz se\u00f1ala que \u201cse est\u00e1n vinculando intervenci\u00f3n con caballos con procesos de mejora de la participaci\u00f3n de las mujeres en su entorno social, incluso econ\u00f3mico\u201d.<\/p>\n<p>Continuando con el aspecto m\u00e1s social de las terapias ecuestres e intervenciones asistidas con caballos, la profesora se\u00f1ala el trabajo que se realiza con menores en riesgo de exclusi\u00f3n social, con la implicaci\u00f3n incluso de \u201cmuchos centros de menores que lo est\u00e1n aplicando\u201d, y que est\u00e1 demostrando la capacidad de este animal \u201cpara orientar de alguna manera la vida de estas personas\u201d, ya que ni\u00f1os y j\u00f3venes encuentran una \u201cmotivaci\u00f3n en su desarrollo, aumento de la autoestima e instrumentos para superar los problemas emocionales\u201d. Adem\u00e1s, la hipoterapia se aplica tambi\u00e9n \u201ccon personas mayores en todo lo que tiene que ver con el manejo, no la monta\u201d.<\/p>\n<p>De esta manera, ilustra c\u00f3mo la orientaci\u00f3n de las terapias ecuestres ha pasado de una \u201cmisi\u00f3n terap\u00e9utica\u201d, es decir, a \u201crecuperar y restaurar funciones que las personas no pod\u00edan desempe\u00f1ar por alg\u00fan tipo de circunstancia patol\u00f3gica o de discapacidad\u201d a una concepci\u00f3n m\u00e1s amplia de la intervenci\u00f3n asistida con caballos, \u201corient\u00e1ndola no solamente a lo terap\u00e9utico sino tambi\u00e9n a \u00e1mbitos educativos y sociales\u201d. Se trata, en definitiva, de que \u201cinfluya en la calidad de vida de las personas y utilizar el caballo como herramienta de inclusi\u00f3n social, de dinamizaci\u00f3n comunitaria y de desarrollar habilidades sociales\u201d.<\/p>\n<p>Sobre las caracter\u00edsticas que deben reunir los caballos que se emplean en estas tareas, Rosa Mar\u00eda D\u00edaz explica que \u00e9stos reciben un programa de adiestramiento espec\u00edfico a cargo de profesionales en centros de Alemania o Inglaterra. Lo com\u00fan es utilizar animales ya mayores \u201cque han demostrado su docilidad y su pertinencia a lo largo de los a\u00f1os\u201d. Precisamente, este asunto ha sido objeto de estudio por parte de algunos alumnos del m\u00e1ster de Terapias Ecuestres de la Universidad Pablo de Olavide, que suma ya siete ediciones.<\/p>\n","protected":false},"excerpt":{"rendered":"<p>La profesora Rosa Mar\u00eda D\u00edaz defiende que la hipoterapia sirve para mejorar la calidad de vida en general y que el caballo puede ser una herramienta para la inclusi\u00f3n y la dinamizaci\u00f3n social<\/p>\n","protected":false},"author":6,"featured_media":10126432,"comment_status":"closed","ping_status":"open","sticky":false,"template":"","format":"standard","meta":{"_monsterinsights_skip_tracking":false,"_monsterinsights_sitenote_active":false,"_monsterinsights_sitenote_note":"","_monsterinsights_sitenote_category":0,"footnotes":""},"categories":[729],"tags":[1675,23,22,519,218,771,2441],"class_list":["post-10126427","post","type-post","status-publish","format-standard","has-post-thumbnail","hentry","category-cursos-verano","tag-animales","tag-carmona","tag-cursos-de-verano","tag-olavide-en-carmona","tag-salud","tag-terapia","tag-violencia-de-genero"],"_links":{"self":[{"href":"https:\/\/www.upo.es\/diario\/wp-json\/wp\/v2\/posts\/10126427","targetHints":{"allow":["GET"]}}],"collection":[{"href":"https:\/\/www.upo.es\/diario\/wp-json\/wp\/v2\/posts"}],"about":[{"href":"https:\/\/www.upo.es\/diario\/wp-json\/wp\/v2\/types\/post"}],"author":[{"embeddable":true,"href":"https:\/\/www.upo.es\/diario\/wp-json\/wp\/v2\/users\/6"}],"replies":[{"embeddable":true,"href":"https:\/\/www.upo.es\/diario\/wp-json\/wp\/v2\/comments?post=10126427"}],"version-history":[{"count":5,"href":"https:\/\/www.upo.es\/diario\/wp-json\/wp\/v2\/posts\/10126427\/revisions"}],"predecessor-version":[{"id":10126435,"href":"https:\/\/www.upo.es\/diario\/wp-json\/wp\/v2\/posts\/10126427\/revisions\/10126435"}],"wp:featuredmedia":[{"embeddable":true,"href":"https:\/\/www.upo.es\/diario\/wp-json\/wp\/v2\/media\/10126432"}],"wp:attachment":[{"href":"https:\/\/www.upo.es\/diario\/wp-json\/wp\/v2\/media?parent=10126427"}],"wp:term":[{"taxonomy":"category","embeddable":true,"href":"https:\/\/www.upo.es\/diario\/wp-json\/wp\/v2\/categories?post=10126427"},{"taxonomy":"post_tag","embeddable":true,"href":"https:\/\/www.upo.es\/diario\/wp-json\/wp\/v2\/tags?post=10126427"}],"curies":[{"name":"wp","href":"https:\/\/api.w.org\/{rel}","templated":true}]}}