{"id":10134005,"date":"2015-07-23T02:00:40","date_gmt":"2015-07-23T02:00:40","guid":{"rendered":"https:\/\/www.upo.es\/diario\/?p=10134005"},"modified":"2015-07-28T10:13:13","modified_gmt":"2015-07-28T10:13:13","slug":"se-consolida-la-creacion-de-empleo-pero-la-temporalidad-se-dispara","status":"publish","type":"post","link":"https:\/\/www.upo.es\/diario\/institucional\/2015\/07\/se-consolida-la-creacion-de-empleo-pero-la-temporalidad-se-dispara\/","title":{"rendered":"Se consolida la creaci\u00f3n de empleo pero la temporalidad se dispara"},"content":{"rendered":"<p style=\"text-align: justify;\">La<strong> C\u00e1tedra BBVA de An\u00e1lisis Econ\u00f3mico<\/strong> de la<strong> Universidad Pablo de Olavide<\/strong>, dirigida por el profesor Jos\u00e9 Ignacio Garc\u00eda P\u00e9rez, ha realizado el an\u00e1lisis del mercado de trabajo de<strong> Espa\u00f1a<\/strong> y <strong>Andaluc\u00eda<\/strong> de acuerdo a los datos ofrecidos por la <strong>Encuesta de Poblaci\u00f3n Activa (EPA)<\/strong> del segundo trimestre de 2015.<\/p>\n<p style=\"text-align: justify;\">La <strong>econom\u00eda espa\u00f1ola<\/strong>\u00a0consolida un ritmo de creaci\u00f3n de empleo cercano al 3% si bien parece detenerse algo este ritmo de crecimiento durante este trimestre, lo que puede estar se\u00f1alando una cierta moderaci\u00f3n en dicho ritmo para lo que resta de a\u00f1o. En Andaluc\u00eda, sin embargo, se ha disparado la tasa de creaci\u00f3n de empleo a m\u00e1s del 6.5%, casi el doble de lo observado en el conjunto de Espa\u00f1a. Cuando se descuenta el impacto negativo de la coyuntura t\u00edpica de este trimestre, los datos siguen siendo muy positivos: la creaci\u00f3n de empleo en este caso llega casi a los 100.000 puestos de trabajo, m\u00e1s de la mitad del total creado en el conjunto del pa\u00eds. Estos buenos registros laborales hacen que la tasa de paro en Espa\u00f1a sea ya inferior al 22.4% (31% en Andaluc\u00eda).<\/p>\n<p style=\"text-align: justify;\">La principal diferencia entre Andaluc\u00eda y el conjunto de Espa\u00f1a en cuanto a la creaci\u00f3n de empleo este trimestre radica en la mayor creaci\u00f3n entre mujeres y mayores de 45 a\u00f1os en Andaluc\u00eda. El sector p\u00fablico andaluz tambi\u00e9n ejerce cierto impacto en este diferencial. As\u00ed, casi 1 de cada 10 puestos de trabajo creados en Andaluc\u00eda en los \u00faltimos 3 meses es empleo p\u00fablico, mientras que en el conjunto del pa\u00eds este tipo de empleo sigue decreciendo levemente.<\/p>\n<p style=\"text-align: justify;\">Pero donde no parece observarse ning\u00fan signo de cambio es en el tipo de empleo que se crea. Tras varias reformas laborales encaminadas (en teor\u00eda) a luchar contra la excesiva precariedad en la contrataci\u00f3n, la econom\u00eda espa\u00f1ola, cuando crea empleo, sigue focalizando dicha creaci\u00f3n en el empleo temporal. As\u00ed, en el conjunto del pa\u00eds, casi 3 de cada 4 empleos creados en los \u00faltimos 3 meses corresponden con un empleo temporal. En Andaluc\u00eda, tambi\u00e9n de manera novedosa este trimestre, mejora notablemente este ratio: casi 1 de cada 2 empleos creados estos \u00faltimos 3 meses son empleos con contrato indefinido. Todav\u00eda, no obstante, la distancia entre ambos mercados es muy alta. Por eso, la tasa de temporalidad de la econom\u00eda andaluza sigue siendo m\u00e1s de 10 puntos porcentuales superior a la del conjunto del pa\u00eds (35.5% frente a 25.1%). Pero si no cambian los incentivos de las empresas que contratan y de las autoridades laborales que lo regulan, pronto llegaremos a las tasas de temporalidad de antes de la recesi\u00f3n: m\u00e1s del 40% en Andaluc\u00eda y\u00a0\u00a0 del 30% en el conjunto del pa\u00eds.<\/p>\n<p style=\"text-align: justify;\">Estos cambios hacen que el \u00edndice de precariedad construido por la C\u00e1tedra BBVA muestre una importante mejora en los \u00faltimos tres meses. As\u00ed, en efecto, gracias a la reducci\u00f3n sobre todo del paro de corta duraci\u00f3n, y a pesar del aumento en la temporalidad, dicho \u00edndice ha pasado de tomar un valor de 1.92 en el conjunto de Espa\u00f1a (frente a 1.96 hace tres meses) y 2.66 en Andaluc\u00eda (2.71 hace tres meses).<\/p>\n<p style=\"text-align: justify;\">El an\u00e1lisis de los flujos laborales entre empleo, desempleo e inactividad nos ayuda a entender estos buenos resultados. En efecto, la tasa de despido, esto es, el porcentaje de trabajadores que han ido al desempleo en los \u00faltimos tres meses ha ca\u00eddo en el conjunto de Espa\u00f1a del 3.9 al 3.2% mientras que la tasa a la que los desempleados encuentran empleo sube del 14.2 al 18.4%. Por tanto, como hay menos gente que es despedida y, a la vez, m\u00e1s gente encuentra empleo (sobre todo, eso s\u00ed, parados de corta duraci\u00f3n), el resultado es que la tasa de paro de la econom\u00eda cae. En Andaluc\u00eda, aun con registros algo peores, tambi\u00e9n se observa este fen\u00f3meno: la probabilidad de ser despedido es del 5.9% y la probabilidad de encontrar empleo sube hasta el 17.9%.<\/p>\n<p style=\"text-align: justify;\">A nivel provincial (ver tablas adjuntas), <span style=\"text-decoration: underline;\">el empleo sigue creciendo en M\u00e1laga a ritmos muy importantes. Tambi\u00e9n Sevilla, Granada y C\u00f3rdoba muestran tasas de creaci\u00f3n de empleo superiores al 7% en t\u00e9rminos interanuales.<\/span> Aunque en t\u00e9rminos absolutos es el sector servicios el que m\u00e1s empleo crea en el conjunto de Andaluc\u00eda y cada una de sus provincias, se observa este trimestre que la construcci\u00f3n vuelve de nuevo a tasas de creaci\u00f3n de empleo muy importantes (salvo en Ja\u00e9n y Huelva). Tambi\u00e9n es muy positivo el avance que se observa en el empleo industrial. Todas las provincias salvo Sevilla y Granada ven como este empleo, clave para el cambio de modelo productivo, avanza a ritmos importantes. No obstante, todav\u00eda queda mucho camino por recorrer ya que menos de 9 de cada 10 empleos andaluces est\u00e1n en el sector industrial frente a los casi 79 de cada 100 en el sector servicios. La principal conclusi\u00f3n de este informe, por tanto, sigue siendo la misma que en los \u00faltimos trimestres: <span style=\"text-decoration: underline;\">mientras no se constituya un sector industrial en Andaluc\u00eda con al menos el 15% de la poblaci\u00f3n ocupada ser\u00e1 dif\u00edcil que el cambio de modelo productivo sea una realidad<\/span> en esta tierra. Para ello, tambi\u00e9n es crucial que las pol\u00edticas de empleo se centren en el empleo estable y en la formaci\u00f3n dual (en el aula y en la empresa).<\/p>\n<p>\u00a0Informe completo disponible: <a href=\"http:\/\/riemann.upo.es\/econ\/wp-content\/uploads\/2015\/07\/informe_epa_2015T2.pdf\">http:\/\/riemann.upo.es\/econ\/wp-content\/uploads\/2015\/07\/informe_epa_2015T2.pdf<\/a><\/p>\n<pre><b>\u00a0<\/b><\/pre>\n","protected":false},"excerpt":{"rendered":"<p>La C\u00e1tedra BBVA de An\u00e1lisis Econ\u00f3mico de la Universidad Pablo de Olavide, dirigida por el profesor Jos\u00e9 Ignacio Garc\u00eda P\u00e9rez, ha realizado el an\u00e1lisis del mercado de trabajo de Espa\u00f1a y Andaluc\u00eda de acuerdo a los datos ofrecidos por la Encuesta de Poblaci\u00f3n Activa (EPA) del segundo trimestre de 2015.<\/p>\n","protected":false},"author":4,"featured_media":0,"comment_status":"closed","ping_status":"open","sticky":false,"template":"","format":"standard","meta":{"_monsterinsights_skip_tracking":false,"_monsterinsights_sitenote_active":false,"_monsterinsights_sitenote_note":"","_monsterinsights_sitenote_category":0,"footnotes":""},"categories":[6],"tags":[553,358,552,144,438,2328,187,1712,2543],"class_list":["post-10134005","post","type-post","status-publish","format-standard","hentry","category-institucional","tag-analisis-economico","tag-catedra","tag-catedra-bbva","tag-crisis","tag-empleo","tag-encuesta-de-poblacion-activa","tag-epa","tag-jose-ignacio-garcia","tag-mercado-de-trabajo"],"_links":{"self":[{"href":"https:\/\/www.upo.es\/diario\/wp-json\/wp\/v2\/posts\/10134005","targetHints":{"allow":["GET"]}}],"collection":[{"href":"https:\/\/www.upo.es\/diario\/wp-json\/wp\/v2\/posts"}],"about":[{"href":"https:\/\/www.upo.es\/diario\/wp-json\/wp\/v2\/types\/post"}],"author":[{"embeddable":true,"href":"https:\/\/www.upo.es\/diario\/wp-json\/wp\/v2\/users\/4"}],"replies":[{"embeddable":true,"href":"https:\/\/www.upo.es\/diario\/wp-json\/wp\/v2\/comments?post=10134005"}],"version-history":[{"count":7,"href":"https:\/\/www.upo.es\/diario\/wp-json\/wp\/v2\/posts\/10134005\/revisions"}],"predecessor-version":[{"id":10171848,"href":"https:\/\/www.upo.es\/diario\/wp-json\/wp\/v2\/posts\/10134005\/revisions\/10171848"}],"wp:attachment":[{"href":"https:\/\/www.upo.es\/diario\/wp-json\/wp\/v2\/media?parent=10134005"}],"wp:term":[{"taxonomy":"category","embeddable":true,"href":"https:\/\/www.upo.es\/diario\/wp-json\/wp\/v2\/categories?post=10134005"},{"taxonomy":"post_tag","embeddable":true,"href":"https:\/\/www.upo.es\/diario\/wp-json\/wp\/v2\/tags?post=10134005"}],"curies":[{"name":"wp","href":"https:\/\/api.w.org\/{rel}","templated":true}]}}