{"id":10134015,"date":"2015-07-23T10:17:47","date_gmt":"2015-07-23T10:17:47","guid":{"rendered":"https:\/\/www.upo.es\/diario\/?p=10134015"},"modified":"2015-07-23T12:25:07","modified_gmt":"2015-07-23T12:25:07","slug":"las-capacidades-personales-fundamentales-para-mejorar-la-calidad-de-vida-de-las-personas-excluidas","status":"publish","type":"post","link":"https:\/\/www.upo.es\/diario\/cursos-verano\/2015\/07\/las-capacidades-personales-fundamentales-para-mejorar-la-calidad-de-vida-de-las-personas-excluidas\/","title":{"rendered":"Las capacidades personales, fundamentales para mejorar la calidad de vida de las personas excluidas"},"content":{"rendered":"<figure id=\"attachment_10134017\" aria-describedby=\"caption-attachment-10134017\" style=\"width: 600px\" class=\"wp-caption aligncenter\"><a href=\"https:\/\/www.upo.es\/diario\/wp-content\/uploads\/2015\/07\/Alejandro-Martin-Pluma.jpg\"><img loading=\"lazy\" decoding=\"async\" class=\"size-large wp-image-10134017\" alt=\"Alejandro Mart\u00edn, asesor t\u00e9cnico de menores de la Delegaci\u00f3n de Igualdad y Pol\u00edticas Sociales\" src=\"https:\/\/www.upo.es\/diario\/wp-content\/uploads\/2015\/07\/Alejandro-Martin-Pluma-600x401.jpg\" width=\"600\" height=\"401\" srcset=\"https:\/\/www.upo.es\/diario\/wp-content\/uploads\/2015\/07\/Alejandro-Martin-Pluma-600x401.jpg 600w, https:\/\/www.upo.es\/diario\/wp-content\/uploads\/2015\/07\/Alejandro-Martin-Pluma-320x214.jpg 320w, https:\/\/www.upo.es\/diario\/wp-content\/uploads\/2015\/07\/Alejandro-Martin-Pluma.jpg 1936w\" sizes=\"auto, (max-width: 600px) 100vw, 600px\" \/><\/a><figcaption id=\"caption-attachment-10134017\" class=\"wp-caption-text\">Alejandro Mart\u00edn, asesor t\u00e9cnico de menores de la Delegaci\u00f3n de Igualdad y Pol\u00edticas Sociales<\/figcaption><\/figure>\n<p>La inclusi\u00f3n total de una persona que proviene a nivel familiar y personal de una situaci\u00f3n de exclusi\u00f3n social es una quimera. As\u00ed de rotundo se muestra Alejandro Mart\u00edn Pluma, asesor t\u00e9cnico de menores de la Delegaci\u00f3n de Igualdad y Pol\u00edticas Sociales de la Junta de Andaluc\u00eda, quien asegura adem\u00e1s que s\u00ed se puede hablar de que una persona en exclusi\u00f3n ha conseguido mejoras en su situaci\u00f3n, o que proviniendo de una exclusi\u00f3n severa han logrado salir de ella, evitando as\u00ed las condiciones de extrema privaci\u00f3n.<\/p>\n<p>En esta situaci\u00f3n, las capacidades personales son \u201cfundamentales\u201d \u2013en opini\u00f3n de este trabajador social- no tanto para dejar de ser una persona en exclusi\u00f3n, \u201cya que la salida de esta situaci\u00f3n depende m\u00e1s de factores que tienen que ver con la voluntad pol\u00edtica y la puesta a disposici\u00f3n de recursos\u201d, si no como un elemento que ayuda a mejorar la calidad de vida de estas personas\u00a0\u00a0dentro de la\u00a0situaci\u00f3n de deprivaci\u00f3n.\u00a0Observamos \u00a0que personas que tienen una autopercepci\u00f3n positiva y fuerte\u00a0\u00a0se enfrentan a los problemas diarios con otra determinaci\u00f3n y consiguen mejoras en su situaci\u00f3n sociofamiliar, a diferencia de los que mantienen una autopercepci\u00f3n negativa\u201d.<\/p>\n<p><strong>Alejandro Mart\u00edn ha realizado estas declaraciones en el \u00e1mbito del curso \u201cEl individuo como motor de cambio en los procesos de inclusi\u00f3n social\u201d<\/strong>, que se imparte dentro de la programaci\u00f3n de la XIII edici\u00f3n de los cursos de verano que la Universidad Pablo de Olavide celebra cada a\u00f1o en su sede de Carmona y que dirige.<\/p>\n<p>Seg\u00fan ha explicado este licenciado en Sociolog\u00eda, en el proceso de la exclusi\u00f3n de una persona influyen tres factores interrelacionados entre s\u00ed. En primer lugar, las oportunidades,\u00a0entendiendo \u00e9stas como los\u00a0elementos de compensaci\u00f3n\u00a0que la sociedad ofrece a los individuos en materias tan esenciales como el empleo, la formaci\u00f3n, la vivienda, la salud o la participaci\u00f3n pol\u00edtica. En segundo lugar, la socializaci\u00f3n, tanto familiar como \u00e9tnica, consider\u00e1ndola un elemento clave que influye en una menor o mayor inclusi\u00f3n social. Y finalmente, las caracter\u00edsticas personales de los individuos, en relaci\u00f3n a sus capacidades y a su empoderamiento.<\/p>\n<p>En relaci\u00f3n a los perfiles m\u00e1s frecuentes de las personas excluidas, Mart\u00edn Pluma ha explicado que \u00e9stos son muy heterog\u00e9neos; as\u00ed nos podemos encontrar con personas transe\u00fantes o sin hogar; con discapacidad y\/o problemas de salud mental; personas mayores solas y aisladas; familias deprimidas socialmente, residentes en asentamientos chabolistas o en zonas con necesidad de transformaci\u00f3n social; inmigrantes en situaci\u00f3n no regular, personas con problemas de adicci\u00f3n al alcohol y\/o drogas y personas pertenecientes a minor\u00edas \u00e9tnicas. \u201cEn este sentido, no hay que olvidar el proceso de exclusi\u00f3n hist\u00f3rica de la etnia gitana, mayoritaria en Andaluc\u00eda\u201d, seg\u00fan ha apuntado Alejandro Mart\u00edn.<\/p>\n<p>El incremento de n\u00famero de personas excluidas ha sido proporcional \u201cal paso de los meses de la crisis econ\u00f3mica, sin que se detectara mejora alguna\u201d, ha manifestado el director del curso. Para corroborar esta afirmaci\u00f3n ha expuesto los datos oficiales de las personas que han solicitado el ingreso m\u00ednimo de solidaridad, tambi\u00e9n llamado salario social \u201cy que supone la \u00faltima ayuda econ\u00f3mica que se puede solicitar ya dentro de un proceso de exclusi\u00f3n social ha aumentado un 120% desde el 2008 en toda Andaluc\u00eda\u201d.<\/p>\n<p>Adem\u00e1s, Alejandro Mart\u00edn ha expuesto otros datos como los del \u00faltimo informe Foessa, en el que se refleja que el 25,1% de la poblaci\u00f3n est\u00e1 en situaci\u00f3n de exclusi\u00f3n social en Espa\u00f1a. Adem\u00e1s, seg\u00fan las estad\u00edsticas del Eurostat y de los indicado\u00adres europeos Arope, Andaluc\u00eda es la comunidad m\u00e1s pobre de Espa\u00f1a superando en m\u00e1s de 12 puntos por\u00adcentuales la media nacional situada en el 27,3% (m\u00e1s de 13 millones).<\/p>\n<p>\u201cPero si hablamos de la poblaci\u00f3n infantil los porcentajes se disparan en Andaluc\u00eda. Recientemente Unicef ha publicado un dato demoledor: el 51,1% de los menores en Andaluc\u00eda est\u00e1 en riesgo de pobreza y exclusi\u00f3n social\u201d, seg\u00fan ha manifestado el trabajador social.<\/p>\n<p>Para concluir, Mart\u00edn Pluma ha opinado que las pol\u00edticas sociales est\u00e1n mal enfocadas en la actualidad a todos los niveles, \u201csiendo totalmente insuficientes para mejorar la situaci\u00f3n de las personas en exclusi\u00f3n social. Existe un factor determinante en\u00a0este fracaso\u00a0y es que estas pol\u00edticas no est\u00e1n dise\u00f1adas por profesionales de lo social. Se dise\u00f1an por pol\u00edticos que desconocen la multidimensionalidad del proceso de exclusi\u00f3n social y que normalmente se mueven en base al r\u00e9dito electoral\u201d.<\/p>\n","protected":false},"excerpt":{"rendered":"<p>Alejandro Mart\u00edn, asesor t\u00e9cnico de menores de la Delegaci\u00f3n de Igualdad y Pol\u00edticas Sociales, alerta de que las solicitudes de salario social han aumentado un 120% desde 2008 en toda Andaluc\u00eda.<\/p>\n","protected":false},"author":6,"featured_media":0,"comment_status":"closed","ping_status":"open","sticky":false,"template":"","format":"standard","meta":{"_monsterinsights_skip_tracking":false,"_monsterinsights_sitenote_active":false,"_monsterinsights_sitenote_note":"","_monsterinsights_sitenote_category":0,"footnotes":""},"categories":[729],"tags":[23,144,22,455,1109,519,2518,394,1046,146,2493],"class_list":["post-10134015","post","type-post","status-publish","format-standard","hentry","category-cursos-verano","tag-carmona","tag-crisis","tag-cursos-de-verano","tag-exclusion-social","tag-formacion-profesional","tag-olavide-en-carmona","tag-participacion-politica","tag-participacion-social","tag-servicios-sociales","tag-sociedad","tag-transformacion-social"],"_links":{"self":[{"href":"https:\/\/www.upo.es\/diario\/wp-json\/wp\/v2\/posts\/10134015","targetHints":{"allow":["GET"]}}],"collection":[{"href":"https:\/\/www.upo.es\/diario\/wp-json\/wp\/v2\/posts"}],"about":[{"href":"https:\/\/www.upo.es\/diario\/wp-json\/wp\/v2\/types\/post"}],"author":[{"embeddable":true,"href":"https:\/\/www.upo.es\/diario\/wp-json\/wp\/v2\/users\/6"}],"replies":[{"embeddable":true,"href":"https:\/\/www.upo.es\/diario\/wp-json\/wp\/v2\/comments?post=10134015"}],"version-history":[{"count":2,"href":"https:\/\/www.upo.es\/diario\/wp-json\/wp\/v2\/posts\/10134015\/revisions"}],"predecessor-version":[{"id":10134018,"href":"https:\/\/www.upo.es\/diario\/wp-json\/wp\/v2\/posts\/10134015\/revisions\/10134018"}],"wp:attachment":[{"href":"https:\/\/www.upo.es\/diario\/wp-json\/wp\/v2\/media?parent=10134015"}],"wp:term":[{"taxonomy":"category","embeddable":true,"href":"https:\/\/www.upo.es\/diario\/wp-json\/wp\/v2\/categories?post=10134015"},{"taxonomy":"post_tag","embeddable":true,"href":"https:\/\/www.upo.es\/diario\/wp-json\/wp\/v2\/tags?post=10134015"}],"curies":[{"name":"wp","href":"https:\/\/api.w.org\/{rel}","templated":true}]}}