{"id":10140631,"date":"2015-07-24T08:53:31","date_gmt":"2015-07-24T08:53:31","guid":{"rendered":"https:\/\/www.upo.es\/diario\/?p=10140631"},"modified":"2015-07-24T08:53:31","modified_gmt":"2015-07-24T08:53:31","slug":"los-docentes-universitarios-tendran-bonificaciones-en-la-jubilacion-a-partir-de-los-65-anos","status":"publish","type":"post","link":"https:\/\/www.upo.es\/diario\/infoupo\/2015\/07\/los-docentes-universitarios-tendran-bonificaciones-en-la-jubilacion-a-partir-de-los-65-anos\/","title":{"rendered":"Los docentes universitarios tendr\u00e1n bonificaciones en la jubilaci\u00f3n a partir de los 65 a\u00f1os"},"content":{"rendered":"<p>Los docentes universitarios que se jubilen tendr\u00e1n una serie de bonificaciones a partir de los 65 a\u00f1os en virtud de los servicios efectivos que hayan realizado al Estado y la edad de jubilaci\u00f3n, <b>tal y como se refleja en la <a href=\"http:\/\/www.boe.es\/boe\/dias\/2015\/07\/22\/pdfs\/BOE-A-2015-8167.pdf\">Ley Org\u00e1nica del Poder Judicial publicada este mi\u00e9rcoles por el Bolet\u00edn Oficial del Estado<\/a><\/b>.<\/p>\n<p>De esta manera, y tal y como se aparece en la disposici\u00f3n adicional quinta de esta Ley, <b>los docentes universitarios se unen a los los Jueces, Magistrados, Abogados Fiscales, Fiscales, Letrados de la Administracio\u0301n de Justicia, y Registradores de la Propiedad, Mercantiles y de Bienes Muebles incluidos en el Re\u0301gimen de Clases Pasivas del Estado<\/b>.<\/p>\n<p>Tal y como asegura el texto, aquellos que \u201ccausen o que hayan causado pensi\u00f3n de jubilaci\u00f3n a partir de 1 de enero de 2015 y que en el momento de dicho hecho causante cuenten, al menos, con sesenta y cinco a\u00f1os de edad cumplidos, les ser\u00e1 de aplicaci\u00f3n lo establecido en la disposici\u00f3n adicional Vig\u00e9sima quinta de la Ley 36\/2014, de 26 de diciembre, de Presupuestos Generales del Estado para el a\u00f1o 2015.<\/p>\n<p>En estos supuestos <b>se reconocer\u00e1 a los interesados un porcentaje adicional por cada a\u00f1o completo de servicios efectivos al Estado entre la fecha en que cumplieron sesenta y cinco a\u00f1os, y la del hecho causante de la pensi\u00f3n<\/b>, cuya cuant\u00eda estara\u0301 en funci\u00f3n de los a\u00f1os de servicio acreditados en la primera de las fechas indicadas, seg\u00fan la escala prevista en la disposici\u00f3n adicional mencionada en el p\u00e1rrafo anterior\u201d.<\/p>\n<p>Tal y como recoge la Ley Org\u00e1nica del Poder Judicial, <b>la medida tiene car\u00e1cter retroactivo al 1 de enero de 2015<\/b> y tiene efectos inmediatos, ya que si el beneficiario cumple los requisitos establecidos en la disposicio\u0301n adicional quinta de esta Ley, \u201c<b>se revisar\u00e1n de oficio<\/b> para adecuarlos a lo establecido en dicha disposici\u00f3n, con efectos econ\u00f3micos a partir del d\u00eda primero del mes siguiente al hecho causante\u201d.<\/p>\n<p>Fuente: Ministerio de Educaci\u00f3n, Cultura y Deporte<\/p>\n","protected":false},"excerpt":{"rendered":"<p>Los docentes universitarios que se jubilen tendr\u00e1n una serie de bonificaciones a partir de los 65 a\u00f1os en virtud de los servicios efectivos que hayan realizado al Estado y la edad de jubilaci\u00f3n. Se reconocer\u00e1 a los interesados un porcentaje adicional por cada a\u00f1o completo de servicios efectivos al Estado entre la fecha en que cumplieron sesenta y cinco a\u00f1os, y la del hecho causante de la pensi\u00f3n<\/p>\n","protected":false},"author":6,"featured_media":0,"comment_status":"closed","ping_status":"open","sticky":false,"template":"","format":"standard","meta":{"_monsterinsights_skip_tracking":false,"_monsterinsights_sitenote_active":false,"_monsterinsights_sitenote_note":"","_monsterinsights_sitenote_category":0,"footnotes":""},"categories":[5],"tags":[244,1218,199,1279,39],"class_list":["post-10140631","post","type-post","status-publish","format-standard","hentry","category-infoupo","tag-ministerio-de-educacion","tag-pdi","tag-profesorado","tag-recursos-humanos","tag-universidades"],"_links":{"self":[{"href":"https:\/\/www.upo.es\/diario\/wp-json\/wp\/v2\/posts\/10140631","targetHints":{"allow":["GET"]}}],"collection":[{"href":"https:\/\/www.upo.es\/diario\/wp-json\/wp\/v2\/posts"}],"about":[{"href":"https:\/\/www.upo.es\/diario\/wp-json\/wp\/v2\/types\/post"}],"author":[{"embeddable":true,"href":"https:\/\/www.upo.es\/diario\/wp-json\/wp\/v2\/users\/6"}],"replies":[{"embeddable":true,"href":"https:\/\/www.upo.es\/diario\/wp-json\/wp\/v2\/comments?post=10140631"}],"version-history":[{"count":1,"href":"https:\/\/www.upo.es\/diario\/wp-json\/wp\/v2\/posts\/10140631\/revisions"}],"predecessor-version":[{"id":10140632,"href":"https:\/\/www.upo.es\/diario\/wp-json\/wp\/v2\/posts\/10140631\/revisions\/10140632"}],"wp:attachment":[{"href":"https:\/\/www.upo.es\/diario\/wp-json\/wp\/v2\/media?parent=10140631"}],"wp:term":[{"taxonomy":"category","embeddable":true,"href":"https:\/\/www.upo.es\/diario\/wp-json\/wp\/v2\/categories?post=10140631"},{"taxonomy":"post_tag","embeddable":true,"href":"https:\/\/www.upo.es\/diario\/wp-json\/wp\/v2\/tags?post=10140631"}],"curies":[{"name":"wp","href":"https:\/\/api.w.org\/{rel}","templated":true}]}}