{"id":1016324,"date":"2013-06-13T06:00:13","date_gmt":"2013-06-13T06:00:13","guid":{"rendered":"https:\/\/www.upo.es\/diario\/?p=1016324"},"modified":"2013-06-14T06:21:17","modified_gmt":"2013-06-14T06:21:17","slug":"la-universidad-pablo-de-olavide-y-la-asociacion-de-la-prensa-de-sevilla-analizaran-el-futuro-del-periodismo","status":"publish","type":"post","link":"https:\/\/www.upo.es\/diario\/institucional\/2013\/06\/la-universidad-pablo-de-olavide-y-la-asociacion-de-la-prensa-de-sevilla-analizaran-el-futuro-del-periodismo\/","title":{"rendered":"La Universidad Pablo de Olavide y la Asociaci\u00f3n de la Prensa de Sevilla analizar\u00e1n el futuro del periodismo"},"content":{"rendered":"<figure id=\"attachment_1016325\" aria-describedby=\"caption-attachment-1016325\" style=\"width: 320px\" class=\"wp-caption alignright\"><a href=\"https:\/\/www.upo.es\/diario\/wp-content\/uploads\/2013\/06\/conv_UPO_APS.jpg\"><img loading=\"lazy\" decoding=\"async\" class=\"size-medium wp-image-1016325\" alt=\"Vicente Guzm\u00e1n Fluja, rector de la UPO, y el presidente de la Asociaci\u00f3n de la Prensa de Sevilla, Rafael Rodr\u00edguez Guerrero\" src=\"https:\/\/www.upo.es\/diario\/wp-content\/uploads\/2013\/06\/conv_UPO_APS-320x213.jpg\" width=\"320\" height=\"213\" srcset=\"https:\/\/www.upo.es\/diario\/wp-content\/uploads\/2013\/06\/conv_UPO_APS-320x213.jpg 320w, https:\/\/www.upo.es\/diario\/wp-content\/uploads\/2013\/06\/conv_UPO_APS-1024x682.jpg 1024w, https:\/\/www.upo.es\/diario\/wp-content\/uploads\/2013\/06\/conv_UPO_APS-600x400.jpg 600w\" sizes=\"auto, (max-width: 320px) 100vw, 320px\" \/><\/a><figcaption id=\"caption-attachment-1016325\" class=\"wp-caption-text\">Vicente Guzm\u00e1n Fluja, rector de la UPO, y el presidente de la Asociaci\u00f3n de la Prensa de Sevilla, Rafael Rodr\u00edguez Guerrero<\/figcaption><\/figure>\n<p>El rector de la Universidad Pablo de Olavide, Vicente Guzm\u00e1n Fluja y el presidente de la Asociaci\u00f3n de la Prensa de Sevilla, Rafael Rodr\u00edguez Guerrero, firmaron el mi\u00e9rcoles 12 de junio un convenio para la celebraci\u00f3n del curso de verano de Olavide en Carmona \u2018Periodismo, nuevas alternativas\u2019, en el que se analizar\u00e1 el presente y el futuro del Periodismo.<\/p>\n<p>Este curso, organizado para la semana del 8 al 12 de julio, pondr\u00e1 en valor el Periodismo, que a pesar de ser necesario en una sociedad democr\u00e1tica y libre, atraviesa por su particular crisis de modelo, de calidad y de \u00e9tica.<\/p>\n<p>Durante la firma del convenio, el rector ha agradecido la colaboraci\u00f3n de la Asociaci\u00f3n de la Prensa de Sevilla en la organizaci\u00f3n de un curso de tanta actualidad, \u201cpuesto que asistimos a una degradaci\u00f3n de la profesi\u00f3n period\u00edstica, que siempre ha generado estados de opini\u00f3n p\u00fablica. Ahora, parece que cualquiera puede hacer periodismo y esto es un problema real que afecta a un derecho fundamental reconocido en la Constituci\u00f3n, como es la libertad de expresi\u00f3n\u201d.<\/p>\n<p>Por otro lado, Vicente Guzm\u00e1n ha asegurado que aunque no entraba en los planes de la UPO tener facultades de comunicaci\u00f3n, actualmente existe la posibilidad de llevar este proyecto a cabo gracias a la alianza con CEADE. \u201cSi lo hacemos, es para modernizar la formaci\u00f3n de los futuros periodistas, dise\u00f1ando un t\u00edtulo acorde con las necesidades reales de la profesi\u00f3n\u201d.<\/p>\n<p>Por su parte, Rafael Rodr\u00edguez ha se\u00f1alado que para la Asociaci\u00f3n de la Prensa de Sevilla es muy importante la firma de este acuerdo para llevar el periodismo real al \u00e1mbito acad\u00e9mico, \u201cpuesto que las facultades de periodismo no ense\u00f1an a ser periodista desde el primer a\u00f1o\u201d. Asimismo, ha manifestado que el periodismo vive el \u201cpeor momento de su historia y alberga en estos momentos porcentualmente m\u00e1s parados que ning\u00fan otro sector\u201d.<\/p>\n<p>El presidente de los periodistas sevillanos ha subrayado que \u201ces necesario que el periodista sea honesto y busque la verdad. Sin embargo, el poder est\u00e1 empe\u00f1ado en que esto no suceda, por lo que la libertad de expresi\u00f3n se encuentra seriamente amenazada. En Espa\u00f1a estamos asistiendo al desmantelamiento de los medios p\u00fablicos mientras que en los privados la sangr\u00eda es muy importante\u201d.<\/p>\n<p>Estructurado en diferentes conferencias y mesas redondas, durante el curso se abordar\u00e1n temas de actualidad como la deontolog\u00eda del Periodismo; los nuevos caminos de emprendimiento en el sector de los medios de comunicaci\u00f3n, con iniciativas locales y regionales; los nuevos proyectos en Internet; el presente y futuro de los medios p\u00fablicos; el periodismo en el campo de la investigaci\u00f3n, en los programas de entretenimiento o en los gabinetes de comunicaci\u00f3n.<\/p>\n<p>A lo largo de la semana, el curso contar\u00e1 con la participaci\u00f3n de profesionales de la talla de Pepa Bueno, directora del programa \u2018Hoy por hoy\u2019 de la Cadena SER; Manuel N\u00fa\u00f1ez-Encabo, catedr\u00e1tico de Ciencias de la Informaci\u00f3n y presidente de la Comisi\u00f3n de Arbitraje, Quejas y Deontolog\u00eda del Periodismo de la FAPE; Ram\u00f3n Lobo, periodista de Infolibre y ex redactor de El Pa\u00eds; Esteban Urreiztieta, redactor jefe del equipo de investigaci\u00f3n de El Mundo; Mar\u00eda Teresa Campos, directora del Programa \u2018Qu\u00e9 tiempo tan feliz\u2019; Jes\u00fas Mara\u00f1a, director de InfoLibre y TintaLibre; Carlos Enrique Bayo, director de publico.es o Ignacio Escolar, director de eldiario.es.<\/p>\n<p>&gt;\u00a0<a href=\"https:\/\/www.upo.es\/diario\/wp-content\/uploads\/2013\/06\/periodismo-nuevas-alternativas-programa.pdf\">Curso de verano \u2018Periodismo, nuevas alternativas\u2019. Del 8 al 12 de julio -programa en PDF-<\/a><\/p>\n","protected":false},"excerpt":{"rendered":"<p>El rector de la Universidad Pablo de Olavide, Vicente Guzm\u00e1n Fluja y el presidente de la Asociaci\u00f3n de la Prensa de Sevilla, Rafael Rodr\u00edguez Guerrero, han firmado un convenio para la celebraci\u00f3n del curso de verano de Olavide en Carmona \u2018Periodismo, nuevas alternativas\u2019, en el que se analizar\u00e1 el presente y el futuro del Periodismo.<\/p>\n","protected":false},"author":6,"featured_media":0,"comment_status":"closed","ping_status":"open","sticky":false,"template":"","format":"standard","meta":{"_monsterinsights_skip_tracking":false,"_monsterinsights_sitenote_active":false,"_monsterinsights_sitenote_note":"","_monsterinsights_sitenote_category":0,"footnotes":""},"categories":[6],"tags":[326,141,22,519,687,38,106],"class_list":["post-1016324","post","type-post","status-publish","format-standard","hentry","category-institucional","tag-convenio","tag-curso","tag-cursos-de-verano","tag-olavide-en-carmona","tag-periodismo","tag-rector","tag-vicente-c-guzman"],"_links":{"self":[{"href":"https:\/\/www.upo.es\/diario\/wp-json\/wp\/v2\/posts\/1016324","targetHints":{"allow":["GET"]}}],"collection":[{"href":"https:\/\/www.upo.es\/diario\/wp-json\/wp\/v2\/posts"}],"about":[{"href":"https:\/\/www.upo.es\/diario\/wp-json\/wp\/v2\/types\/post"}],"author":[{"embeddable":true,"href":"https:\/\/www.upo.es\/diario\/wp-json\/wp\/v2\/users\/6"}],"replies":[{"embeddable":true,"href":"https:\/\/www.upo.es\/diario\/wp-json\/wp\/v2\/comments?post=1016324"}],"version-history":[{"count":7,"href":"https:\/\/www.upo.es\/diario\/wp-json\/wp\/v2\/posts\/1016324\/revisions"}],"predecessor-version":[{"id":1025687,"href":"https:\/\/www.upo.es\/diario\/wp-json\/wp\/v2\/posts\/1016324\/revisions\/1025687"}],"wp:attachment":[{"href":"https:\/\/www.upo.es\/diario\/wp-json\/wp\/v2\/media?parent=1016324"}],"wp:term":[{"taxonomy":"category","embeddable":true,"href":"https:\/\/www.upo.es\/diario\/wp-json\/wp\/v2\/categories?post=1016324"},{"taxonomy":"post_tag","embeddable":true,"href":"https:\/\/www.upo.es\/diario\/wp-json\/wp\/v2\/tags?post=1016324"}],"curies":[{"name":"wp","href":"https:\/\/api.w.org\/{rel}","templated":true}]}}