{"id":1016549,"date":"2013-06-13T05:45:06","date_gmt":"2013-06-13T05:45:06","guid":{"rendered":"https:\/\/www.upo.es\/diario\/?p=1016549"},"modified":"2013-06-13T06:49:12","modified_gmt":"2013-06-13T06:49:12","slug":"manana-ceremonia-de-egresados-de-la-primera-promocion-del-grado-en-trabajo-social-de-la-upo","status":"publish","type":"post","link":"https:\/\/www.upo.es\/diario\/institucional\/2013\/06\/manana-ceremonia-de-egresados-de-la-primera-promocion-del-grado-en-trabajo-social-de-la-upo\/","title":{"rendered":"Hoy, ceremonia de egresados de la primera promoci\u00f3n del grado en Trabajo Social de la UPO"},"content":{"rendered":"<p>La Universidad Pablo de Olavide celebrar\u00e1 hoy jueves 13 de junio, a las 20:30 horas en la Plaza de Am\u00e9rica, la Ceremonia Fin de Grado de la primera promoci\u00f3n (2009\/2013) del grado en Trabajo Social, que estar\u00e1 presidida por Guillermo Dom\u00ednguez Fern\u00e1ndez, decano de la Facultad de Ciencias Sociales.<\/p>\n<p>Los padrinos de la promoci\u00f3n ser\u00e1n los profesores del \u00c1rea de Trabajo Social y Servicios Sociales de la UPO, Rosa M\u00aa D\u00edaz Jim\u00e9nez y Pedro Chicharro Rodr\u00edguez. A la ceremonia asistir\u00e1n la vicedecana de Calidad, M\u00aa Rosa Herrera y la vicedecana de Relaciones Internacionales y Movildad, Esther Prieto Jim\u00e9nez, ambas de la Facultad de Ciencias Sociales.<\/p>\n<p>Un total de 169 egresados han confirmado su asistencia, junto a sus familiares, a este acto con el que la Universidad Pablo de Olavide recupera una antigua tradici\u00f3n de las universidades europeas.<\/p>\n<p>&nbsp;<\/p>\n<p style=\"text-align: center;\">\u00a0<b><span style=\"text-decoration: underline;\">Programa de la Ceremonia Fin de Grado<\/span><\/b><\/p>\n<p align=\"center\">20.30 horas.<\/p>\n<p align=\"center\">Plaza de Am\u00e9rica de la Universidad Pablo de Olavide<\/p>\n<p>&nbsp;<\/p>\n<p align=\"center\">&#8211; Apertura del acto.<\/p>\n<p align=\"center\">&#8211; Mensaje de los padrinos de las promociones: los profesores del \u00c1rea de Trabajo Social y Servicios Sociales de la UPO, Rosa M\u00aa D\u00edaz Jim\u00e9nez y Pedro Chicharro Rodr\u00edguez.<\/p>\n<p align=\"center\">&#8211; Imposici\u00f3n de becas a los estudiantes.<\/p>\n<p align=\"center\">\u00a0&#8211; Intervenci\u00f3n de las representantes de los estudiantes: Inmaculada Exp\u00f3sito C\u00edvico, Alba F\u00e1tima Franco N\u00fa\u00f1ez, Francisco Jos\u00e9 N\u00fa\u00f1ez Izquierdo, M\u00aa Gracia Paloma Ruiz y Ver\u00f3nica Reja Fern\u00e1ndez.<\/p>\n<p align=\"center\">\u00a0&#8211; Palabras \u00a0y clausura del acto: el decano de la Facultad de Ciencias Sociales, Guillermo Dom\u00ednguez Fern\u00e1ndez.<\/p>\n<p align=\"center\">\u00a0&#8211; Himno Universitario.<\/p>\n","protected":false},"excerpt":{"rendered":"<p>La Universidad Pablo de Olavide celebrar\u00e1 hoy jueves 13 de junio, a las 20:30 horas en la Plaza de Am\u00e9rica, la Ceremonia Fin de Grado de la primera promoci\u00f3n (2009\/2013) del grado en Trabajo Social, que estar\u00e1 presidida por Guillermo Dom\u00ednguez Fern\u00e1ndez, decano de la Facultad de Ciencias Sociales.<\/p>\n","protected":false},"author":4,"featured_media":0,"comment_status":"closed","ping_status":"open","sticky":false,"template":"","format":"standard","meta":{"_monsterinsights_skip_tracking":false,"_monsterinsights_sitenote_active":false,"_monsterinsights_sitenote_note":"","_monsterinsights_sitenote_category":0,"footnotes":""},"categories":[6],"tags":[581,680,103],"class_list":["post-1016549","post","type-post","status-publish","format-standard","hentry","category-institucional","tag-ceremonia-de-egresados","tag-grado","tag-trabajo-social"],"_links":{"self":[{"href":"https:\/\/www.upo.es\/diario\/wp-json\/wp\/v2\/posts\/1016549","targetHints":{"allow":["GET"]}}],"collection":[{"href":"https:\/\/www.upo.es\/diario\/wp-json\/wp\/v2\/posts"}],"about":[{"href":"https:\/\/www.upo.es\/diario\/wp-json\/wp\/v2\/types\/post"}],"author":[{"embeddable":true,"href":"https:\/\/www.upo.es\/diario\/wp-json\/wp\/v2\/users\/4"}],"replies":[{"embeddable":true,"href":"https:\/\/www.upo.es\/diario\/wp-json\/wp\/v2\/comments?post=1016549"}],"version-history":[{"count":3,"href":"https:\/\/www.upo.es\/diario\/wp-json\/wp\/v2\/posts\/1016549\/revisions"}],"predecessor-version":[{"id":1020442,"href":"https:\/\/www.upo.es\/diario\/wp-json\/wp\/v2\/posts\/1016549\/revisions\/1020442"}],"wp:attachment":[{"href":"https:\/\/www.upo.es\/diario\/wp-json\/wp\/v2\/media?parent=1016549"}],"wp:term":[{"taxonomy":"category","embeddable":true,"href":"https:\/\/www.upo.es\/diario\/wp-json\/wp\/v2\/categories?post=1016549"},{"taxonomy":"post_tag","embeddable":true,"href":"https:\/\/www.upo.es\/diario\/wp-json\/wp\/v2\/tags?post=1016549"}],"curies":[{"name":"wp","href":"https:\/\/api.w.org\/{rel}","templated":true}]}}