{"id":10172494,"date":"2015-07-29T05:06:01","date_gmt":"2015-07-29T05:06:01","guid":{"rendered":"https:\/\/www.upo.es\/diario\/?p=10172494"},"modified":"2015-07-29T07:23:24","modified_gmt":"2015-07-29T07:23:24","slug":"hoy-comienza-el-curso-de-verano-sobre-patrimonio-historico-el-mosaico-romano-en-carmona","status":"publish","type":"post","link":"https:\/\/www.upo.es\/diario\/institucional\/2015\/07\/hoy-comienza-el-curso-de-verano-sobre-patrimonio-historico-el-mosaico-romano-en-carmona\/","title":{"rendered":"Hoy comienza el curso de verano sobre \u201cPatrimonio hist\u00f3rico: el mosaico romano en Carmona\u201d"},"content":{"rendered":"<figure id=\"attachment_10178470\" aria-describedby=\"caption-attachment-10178470\" style=\"width: 272px\" class=\"wp-caption alignright\"><a href=\"https:\/\/www.upo.es\/diario\/wp-content\/uploads\/2015\/07\/mosaico.jpg\"><img loading=\"lazy\" decoding=\"async\" class=\"size-full wp-image-10178470\" alt=\"Mosaico romano de la Medusa en el patio del Ayuntamiento de Carmona\" src=\"https:\/\/www.upo.es\/diario\/wp-content\/uploads\/2015\/07\/mosaico.jpg\" width=\"272\" height=\"185\" \/><\/a><figcaption id=\"caption-attachment-10178470\" class=\"wp-caption-text\">Mosaico romano de la Medusa en el patio del Ayuntamiento de Carmona.<\/figcaption><\/figure>\n<p>Hoy comienza en Carmona un nuevo curso de verano de la Universidad Pablo de Olavide, <b>\u201cPatrimonio hist\u00f3rico: el mosaico romano en Carmona. Taller pr\u00e1ctico de elaboraci\u00f3n\u201d<\/b>, un seminario cuyo objetivo es que los alumnos, a trav\u00e9s de clases pr\u00e1cticas, conozcan y profundicen en la t\u00e9cnica musivaria romana en Carmona y su importancia en el patrimonio hist\u00f3rico. Este curso se inaugura a las 10,30 horas en el aula 3 de la Casa Palacio de Los Briones con la conferencia \u201cEl mosaico romano en Carmona\u201d impartida por Mar\u00eda Trinidad G\u00f3mez Saucedo, del Servicio de Arqueolog\u00eda del Ayuntamiento de Carmona y posteriormente, a las 13,00 horas, Santiago Recio Blanco, director de este seminario, dirigir\u00e1 el taller \u201cEl mosaico romano: el boceto\u201d.<\/p>\n<p>Po otro lado, hoy <b>finaliza la novena edici\u00f3n de los \u201cEncuentros sostenibles: agricultura, alimentaci\u00f3n y medio ambiente\u201d<\/b> con dos nuevas conferencias que se celebrar\u00e1n en el aula 5 de la Casa Palacio de Los Briones. En primer lugar, a las 09,30 horas, Ezequiel Mart\u00ednez, periodista y director del curso, hablar\u00e1 sobre \u201cAgricultura, alimentaci\u00f3n y cambio clim\u00e1tico: la importancia de la comunicaci\u00f3n\u201d y a continuaci\u00f3n, a las 11,00 horas, Jos\u00e9 Telesforo Esquinas, ex secretario de la Comisi\u00f3n Intergubernamental de Recursos Gen\u00e9ticos para la Alimentaci\u00f3n y la Agricultura de la FAO (ONU), clausurar\u00e1 esta edici\u00f3n con la ponencia \u201cRecursos gen\u00e9ticos para la agricultura y la alimentaci\u00f3n del ser humano\u201d.<\/p>\n<p>Del mismo modo, <b>tambi\u00e9n concluye hoy en Carmona el curso \u201cMuseolog\u00eda, museograf\u00eda y nuevas tecnolog\u00edas. Museo virtual con Unity 3D\u201d<\/b>, que dirige e imparte Javier Belloso D\u00edaz-Berrio, gerente de la empresa MiraMultimedia. El programa de la \u00faltima jornada estar\u00e1 compuesto por tres nuevas clases pr\u00e1cticas en las que se ver\u00e1n los \u201cElementos principales en Unity\u201d, se explicar\u00e1 la \u201cCreaci\u00f3n de museo virtual para web\u201d y se hablar\u00e1 sobre \u201cAn\u00e1lisis de desarrollo y perspectivas\u201d y que tendr\u00e1n lugar a las 08,30, las 11,00 y las 13,00 horas, respectivamente, en el aula de inform\u00e1tica de la Casa Palacio de Los Briones<\/p>\n<p>Otro de los cursos que se clausura hoy mi\u00e9rcoles, en el aula 6 de la sede de Olavide en Carmona, es el de <b>\u201cLas matem\u00e1ticas y la lectoescritura en la pedagog\u00eda Waldorf: aprender a trav\u00e9s del ritmo, el movimiento, las formas y el arte\u201d<\/b>. Como en los d\u00edas previos, la jornada matutina estar\u00e1 a cargo de Pedro \u00c1lvarez-Monteser\u00edn Hermosa, mientras que las actividades de la tarde, ser\u00e1n impartidas por Mar\u00eda Jes\u00fas Manzano Mart\u00edn, ambos maestros tutores de 1\u00ba de Primaria a 2\u00ba de ESO en Escuelas Waldorf de Espa\u00f1a y Francia. En concreto, por la ma\u00f1ana se celebrar\u00e1n tres clases a las 09,00, las 09,30 y 11,30 horas, dedicadas a la \u201cParte r\u00edtmica\u201d, el \u201cDesarrollo del c\u00e1lculo\u201d y la \u201cParte art\u00edstico-pr\u00e1ctica\u201d y otras tres por la tarde, a las 16,00, las 16,30 y las 18,30 horas sobre \u201cParte r\u00edtmica\u201d, \u201cDesarrollo de la lectoescritura\u201d y \u201cParte art\u00edstico-pr\u00e1ctica\u201d.<\/p>\n<p>Asimismo, tambi\u00e9n finaliza hoy el <b>seminario \u201cLa gesti\u00f3n de residuos s\u00f3lidos urbanos. Tecnolog\u00eda del compostaje a escala industrial y domiciliaria\u201d <\/b>con tres ponencias y una mesa redonda en el aula 4 de la Casa Palacio de Los Briones. La \u00faltima jornada comenzar\u00e1 con la intervenci\u00f3n de Gassan Hodaifa Meri, profesor del departamento de Biolog\u00eda Molecular e Ingenier\u00eda Bioqu\u00edmica de la Universidad Pablo de Olavide, que ofrecer\u00e1 la conferencia \u201cTratamiento y aprovechamiento de residuos agroindustriales en Andaluc\u00eda\u201d que se dividir\u00e1 en dos partes: la primera a las 10,00 horas y la segunda, a partir de las 12,00 horas. Por la tarde, la jornada se retomar\u00e1 con la ponencia \u201cConsorestepa de Andaluc\u00eda. Calidad: aspectos medioambientales y econ\u00f3micos\u201d a cargo de Manuel Ib\u00e1\u00f1ez Gallardo, jefe de planta del Complejo Medioambiental Estepa-Sierra Sur-El Pe\u00f1\u00f3n y se cerrar\u00e1 a partir de las 18,30 horas, con la mesa redonda \u201cFuturo del compostaje\u201d, en la que participar\u00e1 Manuel Ib\u00e1\u00f1ez junto a Antonio Rosal, profesor del departamento de Biolog\u00eda Molecular e Ingenier\u00eda Bioqu\u00edmica de la UPO y director de este seminario.<\/p>\n<p>En \u00faltimo lugar, hoy contin\u00faa celebr\u00e1ndose en Carmona el curso <b>\u201cFormador de gu\u00edas de turismo ornitol\u00f3gico\u201d<\/b>. En concreto, el tercer d\u00eda de este seminario contar\u00e1 con dos nuevas conferencias y un taller multimedia que tendr\u00e1n lugar en el aula 2 de la Casa Palacio de Los Briones. En primer lugar, a las 10,00 horas, abrir\u00e1 la jornada Carlos Molina Angulo, coordinador de actividades formativas del Centro Ornitol\u00f3gico \u201cFrancisco Bernis\u201d quien hablar\u00e1 sobre \u201cEl turista ornitol\u00f3gico\u201d y posteriormente, a las 11,45 horas, Jes\u00fas Pinilla Infiesta, de la delegaci\u00f3n territorial de Andaluc\u00eda de SEO\/BirdLife, explicar\u00e1 el \u201cEquipamiento para el turismo ornitol\u00f3gico\u201d. Por la tarde, a las 16,00 horas, ambos ponentes ser\u00e1n los encargados de dirigir el taller multimedia sobre \u201cIdentificaci\u00f3n de cantos de aves\u201d.<\/p>\n","protected":false},"excerpt":{"rendered":"<p>Hoy comienza en Carmona un nuevo curso de verano de la Universidad Pablo de Olavide, \u201cPatrimonio hist\u00f3rico: el mosaico romano en Carmona. Taller pr\u00e1ctico de elaboraci\u00f3n\u201d, un seminario cuyo objetivo es que los alumnos, a trav\u00e9s de clases pr\u00e1cticas, conozcan y profundicen en la t\u00e9cnica musivaria romana en Carmona y su importancia en el patrimonio hist\u00f3rico. <\/p>\n","protected":false},"author":6,"featured_media":0,"comment_status":"closed","ping_status":"open","sticky":false,"template":"","format":"standard","meta":{"_monsterinsights_skip_tracking":false,"_monsterinsights_sitenote_active":false,"_monsterinsights_sitenote_note":"","_monsterinsights_sitenote_category":0,"footnotes":""},"categories":[6],"tags":[22,150,980,429,1162,129,2367,832,811],"class_list":["post-10172494","post","type-post","status-publish","format-standard","hentry","category-institucional","tag-cursos-de-verano","tag-historia","tag-matematicas","tag-medio-ambiente","tag-museos","tag-patrimonio","tag-pedagogia","tag-sostenibilidad","tag-turismo"],"_links":{"self":[{"href":"https:\/\/www.upo.es\/diario\/wp-json\/wp\/v2\/posts\/10172494","targetHints":{"allow":["GET"]}}],"collection":[{"href":"https:\/\/www.upo.es\/diario\/wp-json\/wp\/v2\/posts"}],"about":[{"href":"https:\/\/www.upo.es\/diario\/wp-json\/wp\/v2\/types\/post"}],"author":[{"embeddable":true,"href":"https:\/\/www.upo.es\/diario\/wp-json\/wp\/v2\/users\/6"}],"replies":[{"embeddable":true,"href":"https:\/\/www.upo.es\/diario\/wp-json\/wp\/v2\/comments?post=10172494"}],"version-history":[{"count":5,"href":"https:\/\/www.upo.es\/diario\/wp-json\/wp\/v2\/posts\/10172494\/revisions"}],"predecessor-version":[{"id":10172498,"href":"https:\/\/www.upo.es\/diario\/wp-json\/wp\/v2\/posts\/10172494\/revisions\/10172498"}],"wp:attachment":[{"href":"https:\/\/www.upo.es\/diario\/wp-json\/wp\/v2\/media?parent=10172494"}],"wp:term":[{"taxonomy":"category","embeddable":true,"href":"https:\/\/www.upo.es\/diario\/wp-json\/wp\/v2\/categories?post=10172494"},{"taxonomy":"post_tag","embeddable":true,"href":"https:\/\/www.upo.es\/diario\/wp-json\/wp\/v2\/tags?post=10172494"}],"curies":[{"name":"wp","href":"https:\/\/api.w.org\/{rel}","templated":true}]}}