{"id":10180062,"date":"2015-07-29T10:54:36","date_gmt":"2015-07-29T10:54:36","guid":{"rendered":"https:\/\/www.upo.es\/diario\/?p=10180062"},"modified":"2015-09-02T11:46:22","modified_gmt":"2015-09-02T11:46:22","slug":"casa-provincia-acoge-exposicion-a-salto-organizada-area-historia-arte-upo","status":"publish","type":"post","link":"https:\/\/www.upo.es\/diario\/cultura\/2015\/07\/casa-provincia-acoge-exposicion-a-salto-organizada-area-historia-arte-upo\/","title":{"rendered":"La Casa de la Provincia acoge la exposici\u00f3n \u00abA-salto\u00bb organizada por el \u00c1rea de Historia del Arte de la UPO"},"content":{"rendered":"<p><a href=\"https:\/\/www.upo.es\/diario\/wp-content\/uploads\/2015\/07\/banderola.jpg\"><img loading=\"lazy\" decoding=\"async\" class=\"alignright size-medium wp-image-10180063\" alt=\"banderola\" src=\"https:\/\/www.upo.es\/diario\/wp-content\/uploads\/2015\/07\/banderola-221x320.jpg\" width=\"221\" height=\"320\" srcset=\"https:\/\/www.upo.es\/diario\/wp-content\/uploads\/2015\/07\/banderola-221x320.jpg 221w, https:\/\/www.upo.es\/diario\/wp-content\/uploads\/2015\/07\/banderola-414x600.jpg 414w, https:\/\/www.upo.es\/diario\/wp-content\/uploads\/2015\/07\/banderola-600x868.jpg 600w, https:\/\/www.upo.es\/diario\/wp-content\/uploads\/2015\/07\/banderola.jpg 1184w\" sizes=\"auto, (max-width: 221px) 100vw, 221px\" \/><\/a>La <a href=\"http:\/\/www.casadelaprovincia.es\/index.asp\">Casa de la Provincia<\/a> acoge hasta el 6 de septiembre la muestra <b>\u201cA-salto\u201d<\/b>, una exposici\u00f3n promovida por la <a href=\"https:\/\/www.upo.es\/portal\/impe\/web\/portada\">Universidad Pablo de Olavide<\/a>, a trav\u00e9s del Aula Latinoamericana de Pensamiento Creaci\u00f3n Contempor\u00e1neos del \u00c1rea de Historia del Arte, que exhibe una selecci\u00f3n de obras de arte contempor\u00e1neo de siete artistas j\u00f3venes latinoamericanos.<\/p>\n<p>De esta manera, los visitantes podr\u00e1n disfrutar de las obras de Narda Alvarado (Bolivia), Alberto Borea (Per\u00fa), Fran\u00e7ois Bucher (Colombia), Ivana de Vivanco (Chile), Enmanuel Lafont (Argentina), Alejandra Laviada (M\u00e9xico) y\u00a0 Hugo Lugo (M\u00e9xico),<\/p>\n<p>El nexo de uni\u00f3n que articula este proyecto atiende al estudio de la presencia de estos artistas en el mercado de las artes pl\u00e1sticas en Andaluc\u00eda y Espa\u00f1a, de ah\u00ed la pluralidad de pa\u00edses, lenguajes pl\u00e1sticos, edades y contextos.<\/p>\n<p>La UPO, a trav\u00e9s del Aula Latinoamericana de Pensamiento Creaci\u00f3n Contempor\u00e1neos del \u00c1rea de Historia del Arte, quiere, con esta exposici\u00f3n, dar un punto de partida p\u00fablico a un estudio en el que se investiga sobre el mercado del arte emergente latinoamericano en Espa\u00f1a, como plataforma hacia Europa. Seg\u00fan los organizadores, \u201cse trata de una exposici\u00f3n ambiciosa tanto por la implicaci\u00f3n de los agentes que participan (galer\u00edas de arte e instituciones) como por la importante calidad de los artistas seleccionados\u201d.<\/p>\n","protected":false},"excerpt":{"rendered":"<p>\tLa Casa de la Provincia acoge hasta el 6 de septiembre la muestra \u201cA-salto\u201d, una exposici\u00f3n promovida por la Universidad Pablo de Olavide, a trav\u00e9s del Aula Latinoamericana de Pensamiento Creaci\u00f3n Contempor\u00e1neos del \u00c1rea de Historia del Arte, que exhibe una selecci\u00f3n de obras de arte contempor\u00e1neo de siete artistas j\u00f3venes latinoamericanos. <\/p>\n","protected":false},"author":2,"featured_media":0,"comment_status":"closed","ping_status":"open","sticky":false,"template":"","format":"standard","meta":{"_monsterinsights_skip_tracking":false,"_monsterinsights_sitenote_active":false,"_monsterinsights_sitenote_note":"","_monsterinsights_sitenote_category":0,"footnotes":""},"categories":[7],"tags":[2157,1254,2554,2556,74,259,2555],"class_list":["post-10180062","post","type-post","status-publish","format-standard","hentry","category-cultura","tag-arte-contemporaneo","tag-artes-plasticas","tag-artistas","tag-casa-de-la-provincia","tag-exposiciones","tag-area-de-historia-del-arte","tag-latinoamerica"],"_links":{"self":[{"href":"https:\/\/www.upo.es\/diario\/wp-json\/wp\/v2\/posts\/10180062","targetHints":{"allow":["GET"]}}],"collection":[{"href":"https:\/\/www.upo.es\/diario\/wp-json\/wp\/v2\/posts"}],"about":[{"href":"https:\/\/www.upo.es\/diario\/wp-json\/wp\/v2\/types\/post"}],"author":[{"embeddable":true,"href":"https:\/\/www.upo.es\/diario\/wp-json\/wp\/v2\/users\/2"}],"replies":[{"embeddable":true,"href":"https:\/\/www.upo.es\/diario\/wp-json\/wp\/v2\/comments?post=10180062"}],"version-history":[{"count":4,"href":"https:\/\/www.upo.es\/diario\/wp-json\/wp\/v2\/posts\/10180062\/revisions"}],"predecessor-version":[{"id":10449571,"href":"https:\/\/www.upo.es\/diario\/wp-json\/wp\/v2\/posts\/10180062\/revisions\/10449571"}],"wp:attachment":[{"href":"https:\/\/www.upo.es\/diario\/wp-json\/wp\/v2\/media?parent=10180062"}],"wp:term":[{"taxonomy":"category","embeddable":true,"href":"https:\/\/www.upo.es\/diario\/wp-json\/wp\/v2\/categories?post=10180062"},{"taxonomy":"post_tag","embeddable":true,"href":"https:\/\/www.upo.es\/diario\/wp-json\/wp\/v2\/tags?post=10180062"}],"curies":[{"name":"wp","href":"https:\/\/api.w.org\/{rel}","templated":true}]}}