{"id":10180071,"date":"2015-07-29T11:36:11","date_gmt":"2015-07-29T11:36:11","guid":{"rendered":"https:\/\/www.upo.es\/diario\/?p=10180071"},"modified":"2015-07-29T11:36:11","modified_gmt":"2015-07-29T11:36:11","slug":"la-amenaza-del-cambio-climatico-es-el-principal-reto-al-que-se-enfrenta-la-humanidad-segun-ezequiel-martinez-2","status":"publish","type":"post","link":"https:\/\/www.upo.es\/diario\/cursos-verano\/2015\/07\/la-amenaza-del-cambio-climatico-es-el-principal-reto-al-que-se-enfrenta-la-humanidad-segun-ezequiel-martinez-2\/","title":{"rendered":"\u00abLa amenaza del cambio clim\u00e1tico es el principal reto al que se enfrenta la humanidad\u00bb, seg\u00fan Ezequiel Mart\u00ednez"},"content":{"rendered":"<figure id=\"attachment_10180073\" aria-describedby=\"caption-attachment-10180073\" style=\"width: 600px\" class=\"wp-caption aligncenter\"><a href=\"https:\/\/www.upo.es\/diario\/wp-content\/uploads\/2015\/07\/Ezequiel-Mart\u00ednez.jpg\"><img loading=\"lazy\" decoding=\"async\" class=\"size-large wp-image-10180073\" alt=\"El periodista Ezequiel Mart\u00ednez\" src=\"https:\/\/www.upo.es\/diario\/wp-content\/uploads\/2015\/07\/Ezequiel-Mart\u00ednez-600x401.jpg\" width=\"600\" height=\"401\" srcset=\"https:\/\/www.upo.es\/diario\/wp-content\/uploads\/2015\/07\/Ezequiel-Mart\u00ednez-600x401.jpg 600w, https:\/\/www.upo.es\/diario\/wp-content\/uploads\/2015\/07\/Ezequiel-Mart\u00ednez-320x214.jpg 320w, https:\/\/www.upo.es\/diario\/wp-content\/uploads\/2015\/07\/Ezequiel-Mart\u00ednez.jpg 1936w\" sizes=\"auto, (max-width: 600px) 100vw, 600px\" \/><\/a><figcaption id=\"caption-attachment-10180073\" class=\"wp-caption-text\">El periodista Ezequiel Mart\u00ednez<\/figcaption><\/figure>\n<p>La amenaza del cambio clim\u00e1tico es el principal reto al que se enfrenta la humanidad. As\u00ed lo ha manifestado el periodista y escritor <strong>Ezequiel Mart\u00ednez<\/strong>, que tambi\u00e9n ha sido director del programa \u2018Tierra y mar\u2019, de Canal Sur TV. Tal y como han predicho m\u00e1s de un millar de cient\u00edficos que integran el Panel Intergubernamental del Cambio Clim\u00e1tico de Naciones Unidas, los fen\u00f3menos meteorol\u00f3gicos y clim\u00e1ticos ser\u00e1n cada vez m\u00e1s extremos a lo largo de este siglo. Como consecuencia de todo ello, \u201cel nivel del mar ascender\u00e1. \u00bfCu\u00e1nto? No sabemos, pero una vez que suba unos cent\u00edmetros, el medio metro y quiz\u00e1 el metro, en algunas zonas ser\u00e1 una realidad. Eso har\u00e1 desaparecer islas y algunas zonas costeras se ver\u00e1n inundadas\u201d.<\/p>\n<p>En el mejor de los escenarios que se plantean, la temperatura media del planeta podr\u00eda ascender unos dos grados a lo largo de este siglo, seg\u00fan el periodista: \u201cEso quiere decir que en unas zonas quiz\u00e1 no suba y en otras subir\u00e1 cuatro o cinco grados. Estas olas de calor &#8211; vamos por la cuarta en este verano &#8211; son preocupantes, as\u00ed como la virulencia de los huracanes y los tifones, las lluvias torrenciales y los tsunamis que, como en el caso de Jap\u00f3n, arrasaron la costa y afectaron gravemente a la central nuclear de Fukushima\u201d.<\/p>\n<p>Ezequiel Mart\u00ednez ha realizado estas declaraciones con motivo del curso que dirige, titulado <strong>\u201cIX Encuentros sostenibles: agricultura, alimentaci\u00f3n y Medio Ambiente\u201d,<\/strong> y que finaliza hoy en el marco de cursos de verano que la Universidad Pablo de Olavide organiza cada a\u00f1o en su sede de Carmona.<\/p>\n<p>Con respecto a si los ciudadanos somos realmente conscientes del problema que est\u00e1 generando la destrucci\u00f3n del Medio Ambiente, el escritor sostiene que \u201csomos conscientes y no lo somos\u201d. Aunque nos preocupamos cuando leemos y o\u00edmos noticias sobre fen\u00f3menos metereol\u00f3gicos y clim\u00e1ticos extremos, \u201censeguida pasamos a otra cosa. No somos verdaderamente conscientes de los problemas que estamos generando destruyendo la Amazonia, o los bosques de Finlandia, o lo que origina un fuego en el monte, la contaminaci\u00f3n en las ciudades, o un vertido de petr\u00f3leo en el mar. Esperamos que la Cumbre de Par\u00eds de diciembre ponga los puntos sobre las \u00edes y los dirigentes mundiales tomen decisiones imprescindibles como el cambio de nuestro modelo energ\u00e9tico, basado en combustibles f\u00f3siles, a todas luces insostenible y perjudicial para el futuro de la Humanidad\u201d, en opini\u00f3n de Mart\u00ednez.<\/p>\n<p>A\u00fan as\u00ed, considera que nuestro mundo puede ser realmente sostenible si todos pens\u00e1ramos en la importancia que nuestras acciones de hoy pueden tener para las futuras generaciones. \u201cSin duda tendr\u00edamos que actuar con modelos de desarrollo y de vida m\u00e1s sostenibles, pero todos estamos metidos en la batidora consumista y como nos sentimos a gusto, nadie quiere apretar el bot\u00f3n que dice: \u00a1parar y buscar otras f\u00f3rmulas de vida, o lo pasar\u00e9is muy mal!\u201d, seg\u00fan el periodista.<\/p>\n<p>En esta l\u00ednea, ha manifestado que la sostenibilidad comienza en el mundo rural, que es esencial en la producci\u00f3n de alimentos sanos, por lo que ha hecho un llamamiento a los ciudadanos y habitantes de los pueblos para que consuman lo cercano y lo local. \u201cD\u00edas atr\u00e1s fui a la fruter\u00eda a comprar un mel\u00f3n, y escog\u00ed uno de Villamanrique frente a otros que proced\u00edan de La Mancha. Con mi acci\u00f3n estoy protegiendo a agricultores de mi entorno, y contribuyo a fijar poblaci\u00f3n, adem\u00e1s de a mantener a esas familias de agricultores andaluces, pues si no lo hacemos tendr\u00e1n que emigrar. Y si los alimentos son ecol\u00f3gicos, mejor que mejor\u201d, ha explicado Ezequiel.<\/p>\n<p>Precisamente, la agricultura ecol\u00f3gica se ha desarrollado de forma considerable en los \u00faltimos 15 a\u00f1os. Seg\u00fan ha asegurado Ezequiel Mart\u00ednez, en el a\u00f1o 91 exist\u00edan unas 3.000 hect\u00e1reas dedicadas a la agricultura y ganader\u00eda ecol\u00f3gicas en Andaluc\u00eda y 194 operadores, mientras que en la actualidad estamos ya en m\u00e1s de 853.000 hect\u00e1reas en Andaluc\u00eda y m\u00e1s de 11.000 operadores. \u201cEl avance ha sido tremendo, en progresi\u00f3n geom\u00e9trica. Producimos muy bien en ecol\u00f3gico, tanto en agricultura como en ganader\u00eda, pero tenemos una asignatura pendiente que es el consumo de estos alimentos. Tenemos la idea equivocada de que todos los productos ecol\u00f3gicos son m\u00e1s caros que los convencionales, y no es as\u00ed. Hay ejemplos de productos ecol\u00f3gicos con precios similares a los de la agricultura convencional. Y si un producto ecol\u00f3gico me cuesta un poco m\u00e1s caro, s\u00e9 que mi salud me lo agradecer\u00e1\u201d, puntualiza el periodista.<\/p>\n<p>Por \u00faltimo, aunque ha reconocido que la vida en las ciudades en un s\u00edntoma y una necesidad de la era moderna, vivir en el campo y cerca de la Naturaleza tiene muchas ventajas para el desarrollo arm\u00f3nico de la persona, su equilibrio emocional y el disfrute que supone la contemplaci\u00f3n del paisaje, las aves y animales que lo habitan. \u201cVivir cerca de la Naturaleza, o\u00edr sus sonidos, nos hace m\u00e1s naturales, y m\u00e1s conservacionistas y protectores de nuestros bosques, de nuestros r\u00edos, de nuestros mares y oc\u00e9anos, y de la riqueza natural que albergan y de la que nos alimentamos como seres vivos\u201d, concluye Ezequiel Mart\u00ednez.<\/p>\n<p align=\"center\"><b>\u00a0<\/b><\/p>\n","protected":false},"excerpt":{"rendered":"<p>El periodista y escritor sostiene que vivir cerca de la naturaleza propicia el desarrollo arm\u00f3nico de la persona, favoreciendo su equilibrio emocional<\/p>\n","protected":false},"author":2,"featured_media":10180072,"comment_status":"closed","ping_status":"open","sticky":false,"template":"","format":"standard","meta":{"_monsterinsights_skip_tracking":false,"_monsterinsights_sitenote_active":false,"_monsterinsights_sitenote_note":"","_monsterinsights_sitenote_category":0,"footnotes":""},"categories":[729],"tags":[593,23,22,2557,1321,429],"class_list":["post-10180071","post","type-post","status-publish","format-standard","has-post-thumbnail","hentry","category-cursos-verano","tag-cambio-climatico","tag-carmona","tag-cursos-de-verano","tag-encuentros-sostenibles","tag-ezequiel-martinez","tag-medio-ambiente"],"_links":{"self":[{"href":"https:\/\/www.upo.es\/diario\/wp-json\/wp\/v2\/posts\/10180071","targetHints":{"allow":["GET"]}}],"collection":[{"href":"https:\/\/www.upo.es\/diario\/wp-json\/wp\/v2\/posts"}],"about":[{"href":"https:\/\/www.upo.es\/diario\/wp-json\/wp\/v2\/types\/post"}],"author":[{"embeddable":true,"href":"https:\/\/www.upo.es\/diario\/wp-json\/wp\/v2\/users\/2"}],"replies":[{"embeddable":true,"href":"https:\/\/www.upo.es\/diario\/wp-json\/wp\/v2\/comments?post=10180071"}],"version-history":[{"count":2,"href":"https:\/\/www.upo.es\/diario\/wp-json\/wp\/v2\/posts\/10180071\/revisions"}],"predecessor-version":[{"id":10180075,"href":"https:\/\/www.upo.es\/diario\/wp-json\/wp\/v2\/posts\/10180071\/revisions\/10180075"}],"wp:featuredmedia":[{"embeddable":true,"href":"https:\/\/www.upo.es\/diario\/wp-json\/wp\/v2\/media\/10180072"}],"wp:attachment":[{"href":"https:\/\/www.upo.es\/diario\/wp-json\/wp\/v2\/media?parent=10180071"}],"wp:term":[{"taxonomy":"category","embeddable":true,"href":"https:\/\/www.upo.es\/diario\/wp-json\/wp\/v2\/categories?post=10180071"},{"taxonomy":"post_tag","embeddable":true,"href":"https:\/\/www.upo.es\/diario\/wp-json\/wp\/v2\/tags?post=10180071"}],"curies":[{"name":"wp","href":"https:\/\/api.w.org\/{rel}","templated":true}]}}