{"id":10180396,"date":"2015-07-30T05:05:15","date_gmt":"2015-07-30T05:05:15","guid":{"rendered":"https:\/\/www.upo.es\/diario\/?p=10180396"},"modified":"2015-07-30T05:05:19","modified_gmt":"2015-07-30T05:05:19","slug":"carlos-fernandez-guerra-responsable-de-redes-sociales-de-la-policia-nacional-hoy-en-carmona","status":"publish","type":"post","link":"https:\/\/www.upo.es\/diario\/institucional\/2015\/07\/carlos-fernandez-guerra-responsable-de-redes-sociales-de-la-policia-nacional-hoy-en-carmona\/","title":{"rendered":"Carlos Fern\u00e1ndez Guerra, responsable de redes sociales de la Polic\u00eda Nacional, hoy en Carmona"},"content":{"rendered":"<figure id=\"attachment_10180399\" aria-describedby=\"caption-attachment-10180399\" style=\"width: 320px\" class=\"wp-caption alignright\"><img loading=\"lazy\" decoding=\"async\" class=\"size-medium wp-image-10180399\" alt=\"Gr\u00e1fico: Sofiaperesoa\" src=\"https:\/\/www.upo.es\/diario\/wp-content\/uploads\/2015\/07\/800px-Social-media-for-public-relations1-320x162.jpg\" width=\"320\" height=\"162\" srcset=\"https:\/\/www.upo.es\/diario\/wp-content\/uploads\/2015\/07\/800px-Social-media-for-public-relations1-320x162.jpg 320w, https:\/\/www.upo.es\/diario\/wp-content\/uploads\/2015\/07\/800px-Social-media-for-public-relations1-600x305.jpg 600w, https:\/\/www.upo.es\/diario\/wp-content\/uploads\/2015\/07\/800px-Social-media-for-public-relations1.jpg 800w\" sizes=\"auto, (max-width: 320px) 100vw, 320px\" \/><figcaption id=\"caption-attachment-10180399\" class=\"wp-caption-text\">Gr\u00e1fico: Sofiaperesoa<\/figcaption><\/figure>\n<p>Hoy a las 10,30 horas, <b>Carlos Fern\u00e1ndez Guerra, responsable de redes sociales de la Polic\u00eda Nacional<\/b>, inaugura en Carmona el <b>curso <a href=\"http:\/\/www.upo.es\/olavideencarmona\/export\/sites\/upo_carmona\/documentos\/2015\/2015cc35.pdf\" target=\"_blank\">\u201cMarketing y comunicaci\u00f3n digital: retos y oportunidades en la nube\u201d<\/a><\/b> con la conferencia \u201cEficacia 2.0: nueva comunicaci\u00f3n adaptada a un nuevo entorno\u201d. Con esta ponencia se abre un nuevo seminario que se celebrar\u00e1 durante dos d\u00edas en el aula 1 de la Casa Palacio de Los Briones y cuyo objetivo es que los alumnos puedan conocer el impacto actual de los social media, acercarse a las nuevas t\u00e9cnicas y herramientas de marketing y aprender las \u00faltimas tendencias en el sector de la comunicaci\u00f3n digital. Este curso est\u00e1 dirigido por Juan \u00c1ngel J\u00f3dar Mar\u00edn, director de la Unidad Docente del Centro Universitario San Isidoro de Sevilla, adscrito a la Universidad Pablo de Olavide y por David Polo Serrano, director acad\u00e9mico del Grado Universitario en Comunicaci\u00f3n Digital de este mismo centro.<\/p>\n<p>Tras la conferencia inaugural, a las 12,30 horas, intervendr\u00e1 Antonio Manfredi D\u00edaz, director de Medios Interactivos de RTVA y decano del Colegio Profesional de Periodistas de Andaluc\u00eda, quien hablar\u00e1 sobre el \u201cPresente y futuro de la sociedad multipantalla\u201d. Por la tarde, el curso se retomar\u00e1 a partir de las 16,00 horas con la ponencia \u201cEstrategias para conseguir un mill\u00f3n de visitas\u201d impartida conjuntamente por Talal Bejelloun y David Troya, COO y CEO de la startup Glamping Hub, respectivamente, y a las 18,00 horas, ser\u00e1 el turno de David Polo Serrano, director del curso y Ra\u00fal Sequena D\u00edaz, profesor de Comunicaci\u00f3n Audiovisual del Centro Universitario San Isidoro, adscrito a la UPO, quienes explicar\u00e1n en qu\u00e9 consiste el \u201cReal-Time Marketing\u201d.<\/p>\n<p>Por otro lado, hoy contin\u00faa celebr\u00e1ndose en Carmona el curso <b>\u201cFormador de gu\u00edas de turismo ornitol\u00f3gico\u201d<\/b> con un programa compuesto por dos conferencias y un taller. En primer lugar, a las 10,00 horas en el aula 2 de la Casa Palacio de Los Briones, Carlos Molina Angulo, coordinador de actividades formativas del Centro Ornitol\u00f3gico \u201cFrancisco Bernis\u201d ofrecer\u00e1 la ponencia \u201cEl trabajo con grupos\u201d y a continuaci\u00f3n, a las 11,45 horas, Francisco J. Mart\u00edn Barranco, bi\u00f3logo y empresario del departamento de Proyectos de Iberus Birding &amp; Nature, hablar\u00e1 sobre el \u201cDise\u00f1o de actividades\u201d. Tras el descanso del mediod\u00eda, a partir de las 16,00 horas, este \u00faltimo ponente, junto a Jes\u00fas Pinilla Infiesta, director del seminario, ser\u00e1n los encargados de exponer el taller \u201cDise\u00f1o de una ruta ornitol\u00f3gica\u201d.<\/p>\n<p>Por \u00faltimo, el seminario <b>\u201cPatrimonio hist\u00f3rico: el mosaico romano en Carmona. Taller pr\u00e1ctico de elaboraci\u00f3n\u201d<\/b> aborda hoy su segunda jornada con dos nuevos talleres que ser\u00e1n impartidos por Santiago Recio Blanco, director del curso y que tendr\u00e1n lugar a las 09,00 y a las 11,30 horas en el aula 3 de la Casa Palacio de Los Briones. El primero de ellos con el t\u00edtulo \u201cEl mosaico romano: t\u00e9cnicas de elaboraci\u00f3n\u201d y el segundo, \u201cEl mosaico romano: elaboraci\u00f3n I\u201d.<\/p>\n","protected":false},"excerpt":{"rendered":"<p>Hoy a las 10,30 horas, Carlos Fern\u00e1ndez Guerra, responsable de redes sociales de la Polic\u00eda Nacional, inaugura en Carmona el curso \u201cMarketing y comunicaci\u00f3n digital: retos y oportunidades en la nube\u201d con la conferencia \u201cEficacia 2.0: nueva comunicaci\u00f3n adaptada a un nuevo entorno\u201d. <\/p>\n","protected":false},"author":6,"featured_media":0,"comment_status":"closed","ping_status":"open","sticky":false,"template":"","format":"standard","meta":{"_monsterinsights_skip_tracking":false,"_monsterinsights_sitenote_active":false,"_monsterinsights_sitenote_note":"","_monsterinsights_sitenote_category":0,"footnotes":""},"categories":[6],"tags":[23,350,22,519,2060,129,687,20,811],"class_list":["post-10180396","post","type-post","status-publish","format-standard","hentry","category-institucional","tag-carmona","tag-comunicacion","tag-cursos-de-verano","tag-olavide-en-carmona","tag-ornitologia","tag-patrimonio","tag-periodismo","tag-redes-sociales","tag-turismo"],"_links":{"self":[{"href":"https:\/\/www.upo.es\/diario\/wp-json\/wp\/v2\/posts\/10180396","targetHints":{"allow":["GET"]}}],"collection":[{"href":"https:\/\/www.upo.es\/diario\/wp-json\/wp\/v2\/posts"}],"about":[{"href":"https:\/\/www.upo.es\/diario\/wp-json\/wp\/v2\/types\/post"}],"author":[{"embeddable":true,"href":"https:\/\/www.upo.es\/diario\/wp-json\/wp\/v2\/users\/6"}],"replies":[{"embeddable":true,"href":"https:\/\/www.upo.es\/diario\/wp-json\/wp\/v2\/comments?post=10180396"}],"version-history":[{"count":6,"href":"https:\/\/www.upo.es\/diario\/wp-json\/wp\/v2\/posts\/10180396\/revisions"}],"predecessor-version":[{"id":10185743,"href":"https:\/\/www.upo.es\/diario\/wp-json\/wp\/v2\/posts\/10180396\/revisions\/10185743"}],"wp:attachment":[{"href":"https:\/\/www.upo.es\/diario\/wp-json\/wp\/v2\/media?parent=10180396"}],"wp:term":[{"taxonomy":"category","embeddable":true,"href":"https:\/\/www.upo.es\/diario\/wp-json\/wp\/v2\/categories?post=10180396"},{"taxonomy":"post_tag","embeddable":true,"href":"https:\/\/www.upo.es\/diario\/wp-json\/wp\/v2\/tags?post=10180396"}],"curies":[{"name":"wp","href":"https:\/\/api.w.org\/{rel}","templated":true}]}}