{"id":10194610,"date":"2015-07-31T11:30:05","date_gmt":"2015-07-31T11:30:05","guid":{"rendered":"https:\/\/www.upo.es\/diario\/?p=10194610"},"modified":"2015-07-31T11:43:58","modified_gmt":"2015-07-31T11:43:58","slug":"mas-de-700-estudiantes-y-238-ponentes-participan-en-los-cursos-de-verano-2015-de-olavide-en-carmona","status":"publish","type":"post","link":"https:\/\/www.upo.es\/diario\/cursos-verano\/2015\/07\/mas-de-700-estudiantes-y-238-ponentes-participan-en-los-cursos-de-verano-2015-de-olavide-en-carmona\/","title":{"rendered":"M\u00e1s de 700 estudiantes y 238 ponentes participan en los Cursos de Verano 2015 de Olavide en Carmona"},"content":{"rendered":"<figure id=\"attachment_10194612\" aria-describedby=\"caption-attachment-10194612\" style=\"width: 600px\" class=\"wp-caption aligncenter\"><a href=\"https:\/\/www.upo.es\/diario\/wp-content\/uploads\/2015\/07\/Alumnos1.jpg\"><img loading=\"lazy\" decoding=\"async\" class=\"size-large wp-image-10194612\" alt=\"Los Cursos de Verano de la Universidad Pablo de Olavide en Carmona se imparten en el Palacio de Los Briones.\" src=\"https:\/\/www.upo.es\/diario\/wp-content\/uploads\/2015\/07\/Alumnos1-600x401.jpg\" width=\"600\" height=\"401\" srcset=\"https:\/\/www.upo.es\/diario\/wp-content\/uploads\/2015\/07\/Alumnos1-600x401.jpg 600w, https:\/\/www.upo.es\/diario\/wp-content\/uploads\/2015\/07\/Alumnos1-320x214.jpg 320w, https:\/\/www.upo.es\/diario\/wp-content\/uploads\/2015\/07\/Alumnos1.jpg 1936w\" sizes=\"auto, (max-width: 600px) 100vw, 600px\" \/><\/a><figcaption id=\"caption-attachment-10194612\" class=\"wp-caption-text\">Los Cursos de Verano de la Universidad Pablo de Olavide en Carmona se imparten en el Palacio de Los Briones.<\/figcaption><\/figure>\n<p>La decimotercera edici\u00f3n de los Cursos de Verano de la Universidad Pablo de Olavide en Carmona, organizados con la colaboraci\u00f3n del Ayuntamiento de esta ciudad, han finalizado con la participaci\u00f3n de un total de 729 estudiantes en los 30 cursos de verano celebrados desde el pasado 6 de julio en la Casa Palacio de los Briones, sede de la UPO en Carmona \u2013 Rectora Rosario Valpuesta.<\/p>\n<p>Asimismo, 238 conferenciantes y ponentes han pasado por las aulas estivales. De entre estos docentes, 27 pertenecen a la Universidad Pablo de Olavide, mientras que los 211 restantes proceden de otras universidades espa\u00f1olas o extranjeras, adem\u00e1s de diferentes instituciones, organismos, empresas, etc.<\/p>\n<p>Del total de 36 directores de los cursos de verano, 13 han sido profesores pertenecientes a la UPO y otros 23 personas no vinculadas a dicha instituci\u00f3n universitaria, y que provienen de otros \u00e1mbitos del mundo acad\u00e9mico, t\u00e9cnico o profesional.<\/p>\n<p>A trav\u00e9s de los acuerdos establecidos con instituciones, entidades y empresas colaboradoras, un 21 por ciento de los estudiantes participantes del programa 2015 han obtenido beca. A estas becas institucionales, hay que a\u00f1adir el 10% de becas oficiales que la universidad reconoce para cada uno de los cursos ofertados; de esta manera, un 31 por ciento de los estudiantes participantes en esta edici\u00f3n habr\u00edan obtenido beca.<\/p>\n<p>Adem\u00e1s, en esta edici\u00f3n se han incluido en la programaci\u00f3n estival dos cursos de verano coordinados por el Centro de Estudios Empresariales (CEADE) en virtud al convenio suscrito en julio de 2013 entre la Universidad Pablo de Olavide y esta instituci\u00f3n.<\/p>\n<p>Como datos interesantes cabe resaltar que en estas 13 ediciones se han celebrado un total de 399 cursos, en los que han intervenido un total de 4.843 especialistas, conferenciantes y ponentes, y han pasado por las aulas de la sede 12.707 estudiantes.<\/p>\n<p>Respecto al perfil del alumnado a lo largo de estas 13 ediciones, ha ido variando. Si en las primeras ediciones predominaban los estudiantes universitarios que cursaban los cr\u00e9ditos de libre configuraci\u00f3n, en la actualidad se est\u00e1 encaminando hacia un perfil m\u00e1s profesional, de trabajadores que necesitan actualizar sus conocimientos para reciclarse en sus puestos de trabajo.<\/p>\n<p>Con respecto a los ponentes, hay que destacar la presencia en los Cursos de Verano del ex presidente del Gobierno Jos\u00e9 Luis Rodr\u00edguez Zapatero; la periodista y escritora Maruja Torres; del dise\u00f1ador de moda Lorenzo Caprile; del secretario general de Comisiones Obreras, Ignacio Fern\u00e1ndez Totxo o el defensor del Pueblo Andaluz, Jes\u00fas Maeztu.<\/p>\n<p>Tambi\u00e9n han participado periodistas como Juan Cruz Ruiz, director adjunto de El Pa\u00eds; Rafael Rodr\u00edguez Guerrero, presidente de la Asociaci\u00f3n de la Prensa de Sevilla; Nacho Escolar Garc\u00eda, director de eldiario.es; Nacho Cardero, director de elconfidencial.es; Jos\u00e9 Luis P\u00e9rez G\u00f3mez, director de Informativos de la Cadena COPE o Ezequiel Mart\u00ednez Jim\u00e9nez, tambi\u00e9n escritor y ex director de \u2018Tierra y mar\u2019, de Canal Sur TV.<\/p>\n<p>Destaca adem\u00e1s, la participaci\u00f3n del teniente coronel Juan Luis S\u00e1nchez S\u00e1nchez, del Grupo de Operaciones Psicol\u00f3gicas del Regimiento de Inteligencia n\u00ba 1 del Ej\u00e9rcito de Tierra; el teniente coronel Jes\u00fas D\u00edez Alcalde, del Instituto Espa\u00f1ol de Estudios Estrat\u00e9gicos; el teniente coronel Francisco Jos\u00e9 V\u00e1zquez, del Servicio de Informaci\u00f3n de la Guardia Civil; Manel Castellv\u00ed del Peral, comisario general de Informaci\u00f3n de los Mossos d\u2019Esquadra-Polic\u00eda de la Generalitat o el general de Divisi\u00f3n Juan Antonio Moliner Gonz\u00e1lez, director del Gabinete T\u00e9cnico del Secretario General de Pol\u00edtica de Defensa.<\/p>\n<p>Dise\u00f1adoras como Lourdes Montes Parejo, de la firma \u2018Analien\u2019; Julio Cuesta Dom\u00ednguez, presidente de la Fundaci\u00f3n Cruzcampo; las bailaoras Eva la Yerbabuena o Isabel Bay\u00f3n; Pedro Garc\u00eda Aguado, presentador del programa \u2018Hermano mayor\u2019; el responsable de redes sociales de la Polic\u00eda Nacional, Carlos Fern\u00e1ndez Guerra; el presidente de la Fundaci\u00f3n FACUA, Francisco S\u00e1nchez Legr\u00e1n o el analista pol\u00edtico Javier Aroca.<\/p>\n<p>En los Cursos de Verano se han abordado, entre otros, temas diversos, como el terrorismo yihadista; c\u00f3mo ser periodista y no morir en el intento; las intervenciones asistidas por animales; el coaching y la comunicaci\u00f3n; la alimentaci\u00f3n emocional; las terapias ecuestres, el marketing y la comunicaci\u00f3n digital, la protecci\u00f3n de los consumidores desde el \u00e1mbito municipal o la tradici\u00f3n e innovaci\u00f3n en la cocina andaluza, en los que han participado diferentes especialistas nacionales e internacionales. Adem\u00e1s, el pr\u00f3ximo lunes comienza un curso pr\u00e1ctico destinado a realizar pr\u00e1cticas arqueol\u00f3gicas de campo.<\/p>\n<p>Los cursos se han desarrollado dentro de los cauces establecidos y en base a los par\u00e1metros de calidad, excelencia cient\u00edfica y acad\u00e9mica establecidos por el Vicerrectorado de Postgrado, Formaci\u00f3n Permanente y Empleo de la Universidad Pablo de Olavide, disponiendo de ponentes de m\u00e1ximo nivel y una tem\u00e1tica de actualidad, que hacen de la sede Olavide en Carmona un centro de reflexi\u00f3n y generaci\u00f3n de conocimiento.<\/p>\n<p>Esta decimotercera edici\u00f3n de los Cursos de Verano de la Universidad Pablo de Olavide ha contado con la colaboraci\u00f3n de 56 entidades p\u00fablicas y privadas, y con la financiaci\u00f3n de la Diputaci\u00f3n de Sevilla y la Fundaci\u00f3n Cajasol.<\/p>\n<p><b>Inauguraci\u00f3n curso Arqueolog\u00eda de campo<\/b><\/p>\n<p>Por otro lado, el pr\u00f3ximo lunes, a las 10 horas, en la sede de Olavide en Carmona comienza el \u00faltimo curso de verano denominado \u2018Arqueolog\u00eda de campo\u2019, coordinado por el director del Museo de la Ciudad de Carmona, Ricardo Lineros y el arque\u00f3logo del Servicio Municipal de Arqueolog\u00eda Juan Manuel Rom\u00e1n. En esta ocasi\u00f3n, el alumnado desarrollar\u00e1 su labor en una excavaci\u00f3n situada en la plaza de Juli\u00e1n Besteiro, que se encuentra ya a nivel de la \u00e9poca romana.<\/p>\n<p>Con respecto a este \u00faltimo, nos encontramos ante un \u00e1rea de trabajo en el que los estudiantes participantes podr\u00e1n, durante el mes de agosto, conocer todos los entresijos, proceso y gesti\u00f3n de una excavaci\u00f3n en un espacio como Carmona, que por su propia historia y valor patrimonial, posibilita este tipo de actividad. Y que cuenta con la colaboraci\u00f3n del Museo de la Ciudad, el Servicio de Arqueolog\u00eda Municipal y la Delegaci\u00f3n de Patrimonio Hist\u00f3rico y Turismo del Ayuntamiento de Carmona.<\/p>\n","protected":false},"excerpt":{"rendered":"<p>Un verano de lo m\u00e1s caluroso en la docencia con un total de 30 cursos celebrados<\/p>\n","protected":false},"author":2,"featured_media":10194611,"comment_status":"closed","ping_status":"open","sticky":false,"template":"","format":"standard","meta":{"_monsterinsights_skip_tracking":false,"_monsterinsights_sitenote_active":false,"_monsterinsights_sitenote_note":"","_monsterinsights_sitenote_category":0,"footnotes":""},"categories":[729],"tags":[2573,1754,23,22,1657,491],"class_list":["post-10194610","post","type-post","status-publish","format-standard","has-post-thumbnail","hentry","category-cursos-verano","tag-arqueologia-de-campo","tag-balance","tag-carmona","tag-cursos-de-verano","tag-universidad-pablo-de-olavide","tag-upo"],"_links":{"self":[{"href":"https:\/\/www.upo.es\/diario\/wp-json\/wp\/v2\/posts\/10194610","targetHints":{"allow":["GET"]}}],"collection":[{"href":"https:\/\/www.upo.es\/diario\/wp-json\/wp\/v2\/posts"}],"about":[{"href":"https:\/\/www.upo.es\/diario\/wp-json\/wp\/v2\/types\/post"}],"author":[{"embeddable":true,"href":"https:\/\/www.upo.es\/diario\/wp-json\/wp\/v2\/users\/2"}],"replies":[{"embeddable":true,"href":"https:\/\/www.upo.es\/diario\/wp-json\/wp\/v2\/comments?post=10194610"}],"version-history":[{"count":3,"href":"https:\/\/www.upo.es\/diario\/wp-json\/wp\/v2\/posts\/10194610\/revisions"}],"predecessor-version":[{"id":10195257,"href":"https:\/\/www.upo.es\/diario\/wp-json\/wp\/v2\/posts\/10194610\/revisions\/10195257"}],"wp:featuredmedia":[{"embeddable":true,"href":"https:\/\/www.upo.es\/diario\/wp-json\/wp\/v2\/media\/10194611"}],"wp:attachment":[{"href":"https:\/\/www.upo.es\/diario\/wp-json\/wp\/v2\/media?parent=10194610"}],"wp:term":[{"taxonomy":"category","embeddable":true,"href":"https:\/\/www.upo.es\/diario\/wp-json\/wp\/v2\/categories?post=10194610"},{"taxonomy":"post_tag","embeddable":true,"href":"https:\/\/www.upo.es\/diario\/wp-json\/wp\/v2\/tags?post=10194610"}],"curies":[{"name":"wp","href":"https:\/\/api.w.org\/{rel}","templated":true}]}}