{"id":1021547,"date":"2013-06-14T05:50:25","date_gmt":"2013-06-14T05:50:25","guid":{"rendered":"https:\/\/www.upo.es\/diario\/?p=1021547"},"modified":"2013-06-14T06:20:09","modified_gmt":"2013-06-14T06:20:09","slug":"manana-ceremonia-de-egresados-de-la-primera-promocion-del-grado-en-educacion-social-de-la-upo","status":"publish","type":"post","link":"https:\/\/www.upo.es\/diario\/institucional\/2013\/06\/manana-ceremonia-de-egresados-de-la-primera-promocion-del-grado-en-educacion-social-de-la-upo\/","title":{"rendered":"Hoy, ceremonia de egresados de la primera promoci\u00f3n del grado en Educaci\u00f3n Social de la UPO"},"content":{"rendered":"<p>La Universidad Pablo de Olavide celebrar\u00e1 hoy viernes 14 de junio, a las 19 horas en el Paraninfo, la Ceremonia Fin de Carrera de la primera promoci\u00f3n (2009\/2013) del grado en Educaci\u00f3n Social, que estar\u00e1 presidida por Guillermo Dom\u00ednguez Fern\u00e1ndez, decano de la Facultad de Ciencias Sociales.<\/p>\n<p>El padrino de la promoci\u00f3n ser\u00e1 Jos\u00e9 Chamizo de la Rubia, ex defensor del Pueblo Andaluz. A la ceremonia asistir\u00e1n la profesora del \u00c1rea de Teor\u00eda e Historia de la Educaci\u00f3n de la UPO, Roc\u00edo C\u00e1rdenas como madrina honor\u00edfica de la promoci\u00f3n y la vicedecana de Relaciones Internacionales e Institucionales de la Facultad de Ciencias Sociales, Esther Prieto Jim\u00e9nez.<\/p>\n<p>Un total de 49 egresados han confirmado su asistencia, junto a sus familiares, a este acto con el que la Universidad Pablo de Olavide recupera una antigua tradici\u00f3n de las universidades europeas.<\/p>\n<p align=\"center\"><b><span style=\"text-decoration: underline;\">Programa de la Ceremonia Fin de Grado<\/span><\/b><\/p>\n<p align=\"center\">19 horas.<\/p>\n<p align=\"center\">Paraninfo de la Universidad Pablo de Olavide<\/p>\n<p style=\"text-align: center;\">\u00a0&#8211; Apertura del acto.<\/p>\n<p align=\"center\">&#8211; Mensaje del padrino de la promoci\u00f3n: Jos\u00e9 Chamizo de la Rubia, ex defensor del Pueblo Andaluz.<\/p>\n<p align=\"center\">\u00a0&#8211; Mensaje de la madrina honor\u00edfica de la promoci\u00f3n: Roc\u00edo C\u00e1rdenas, profesora del \u00c1rea de Teor\u00eda e Historia de la Educaci\u00f3n de la UPO<\/p>\n<p align=\"center\">\u00a0 &#8211; Imposici\u00f3n de becas a los estudiantes.<\/p>\n<p align=\"center\">\u00a0&#8211; Intervenci\u00f3n de las representantes de los estudiantes: Juan Llamas Arigita y Carlos Zapata de la Flor.<\/p>\n<p align=\"center\">\u00a0&#8211; Palabras \u00a0y clausura del acto: el decano de la Facultad de Ciencias Sociales, Guillermo Dom\u00ednguez Fern\u00e1ndez.<\/p>\n<p align=\"center\">\u00a0&#8211; Himno Universitario.<\/p>\n","protected":false},"excerpt":{"rendered":"<p>La Universidad Pablo de Olavide celebrar\u00e1 hoy viernes 14 de junio, a las 19 horas en el Paraninfo, la Ceremonia Fin de Carrera de la primera promoci\u00f3n (2009\/2013) del grado en Educaci\u00f3n Social, que estar\u00e1 presidida por Guillermo Dom\u00ednguez Fern\u00e1ndez, decano de la Facultad de Ciencias Sociales.<\/p>\n","protected":false},"author":4,"featured_media":0,"comment_status":"closed","ping_status":"open","sticky":false,"template":"","format":"standard","meta":{"_monsterinsights_skip_tracking":false,"_monsterinsights_sitenote_active":false,"_monsterinsights_sitenote_note":"","_monsterinsights_sitenote_category":0,"footnotes":""},"categories":[6],"tags":[581,628,21,487,266],"class_list":["post-1021547","post","type-post","status-publish","format-standard","hentry","category-institucional","tag-ceremonia-de-egresados","tag-educacion-social","tag-estudiantes","tag-facultad-ciencias-sociales","tag-grados"],"_links":{"self":[{"href":"https:\/\/www.upo.es\/diario\/wp-json\/wp\/v2\/posts\/1021547","targetHints":{"allow":["GET"]}}],"collection":[{"href":"https:\/\/www.upo.es\/diario\/wp-json\/wp\/v2\/posts"}],"about":[{"href":"https:\/\/www.upo.es\/diario\/wp-json\/wp\/v2\/types\/post"}],"author":[{"embeddable":true,"href":"https:\/\/www.upo.es\/diario\/wp-json\/wp\/v2\/users\/4"}],"replies":[{"embeddable":true,"href":"https:\/\/www.upo.es\/diario\/wp-json\/wp\/v2\/comments?post=1021547"}],"version-history":[{"count":3,"href":"https:\/\/www.upo.es\/diario\/wp-json\/wp\/v2\/posts\/1021547\/revisions"}],"predecessor-version":[{"id":1021549,"href":"https:\/\/www.upo.es\/diario\/wp-json\/wp\/v2\/posts\/1021547\/revisions\/1021549"}],"wp:attachment":[{"href":"https:\/\/www.upo.es\/diario\/wp-json\/wp\/v2\/media?parent=1021547"}],"wp:term":[{"taxonomy":"category","embeddable":true,"href":"https:\/\/www.upo.es\/diario\/wp-json\/wp\/v2\/categories?post=1021547"},{"taxonomy":"post_tag","embeddable":true,"href":"https:\/\/www.upo.es\/diario\/wp-json\/wp\/v2\/tags?post=1021547"}],"curies":[{"name":"wp","href":"https:\/\/api.w.org\/{rel}","templated":true}]}}