{"id":1021992,"date":"2013-06-14T06:00:02","date_gmt":"2013-06-14T06:00:02","guid":{"rendered":"https:\/\/www.upo.es\/diario\/?p=1021992"},"modified":"2013-06-14T14:07:46","modified_gmt":"2013-06-14T14:07:46","slug":"la-upo-celebra-manana-un-homenaje-en-memoria-a-rosario-valpuesta-primera-rectora-de-esta-universidad","status":"publish","type":"post","link":"https:\/\/www.upo.es\/diario\/institucional\/2013\/06\/la-upo-celebra-manana-un-homenaje-en-memoria-a-rosario-valpuesta-primera-rectora-de-esta-universidad\/","title":{"rendered":"La UPO celebra hoy un homenaje en memoria a Rosario Valpuesta, primera rectora de esta Universidad"},"content":{"rendered":"<figure id=\"attachment_690210\" aria-describedby=\"caption-attachment-690210\" style=\"width: 320px\" class=\"wp-caption alignright\"><a href=\"https:\/\/www.upo.es\/diario\/wp-content\/uploads\/2013\/03\/Rosario.Valpuesta-1.jpg\"><img loading=\"lazy\" decoding=\"async\" class=\"size-medium wp-image-690210\" alt=\"Rosario Valpuesta\" src=\"https:\/\/www.upo.es\/diario\/wp-content\/uploads\/2013\/03\/Rosario.Valpuesta-1-320x227.jpg\" width=\"320\" height=\"227\" srcset=\"https:\/\/www.upo.es\/diario\/wp-content\/uploads\/2013\/03\/Rosario.Valpuesta-1-320x227.jpg 320w, https:\/\/www.upo.es\/diario\/wp-content\/uploads\/2013\/03\/Rosario.Valpuesta-1-1024x729.jpg 1024w, https:\/\/www.upo.es\/diario\/wp-content\/uploads\/2013\/03\/Rosario.Valpuesta-1-600x427.jpg 600w\" sizes=\"auto, (max-width: 320px) 100vw, 320px\" \/><\/a><figcaption id=\"caption-attachment-690210\" class=\"wp-caption-text\">Rosario Valpuesta<\/figcaption><\/figure>\n<p>La Universidad Pablo de Olavide rendir\u00e1 <b>hoy viernes 14 de junio<\/b> un homenaje en memoria a Rosario Valpuesta, primera rectora de esta Universidad.<\/p>\n<p><b>A las 11.30 horas<\/b>, el rector de la UPO Vicente Guzm\u00e1n Fluja acompa\u00f1ado por los hijos de la homenajeada, F\u00e1tima y Alberto Gir\u00e1ldez Valpuesta, inagurar\u00e1n la rotulaci\u00f3n del edificio del Rectorado de la Olavide, que llevar\u00e1 el nombre de Rosario Valpuesta.<\/p>\n<p><b>A las 12.00 horas<\/b> se celebrar\u00e1 un acto institucional en el Paraninfo de la UPO presidido por el rector Vicente Guzm\u00e1n, quien estar\u00e1 acompa\u00f1ado por Adelaida de la Calle Mart\u00edn, rectora de la Universidad de M\u00e1laga y presidenta de la CRUE; Jos\u00e9 Manuel Rold\u00e1n Nogueras, rector de la Universidad de C\u00f3rdoba y presidente de la AUPA; Andr\u00e9s Rodr\u00edguez Benot, decano de la Facultad de Derecho de la Universidad Pablo de Olavide, y Amparo Rubiales, presidenta en funciones del Consejo Social de la UPO.<\/p>\n<p>En el acto tambi\u00e9n intervendr\u00e1n el profesor \u00c1ngel L\u00f3pez L\u00f3pez, catedr\u00e1tico de la Universidad de Sevilla y maestro de Rosario Valpuesta, quien har\u00e1 una semblanza; \u00a0los profesores Francisco Oliva Bl\u00e1zquez y Francisco Infante Ruiz, disc\u00edpulos de Rosario Valpuesta; su alumna Atenea Melgarejo; su hermana Mar\u00eda Valpuesta Fern\u00e1ndez y sus hijos F\u00e1tima y Alberto Gir\u00e1ldez Valpuesta; Antonio Ojeda Escobar, primer presidente del Consejo Social de la Olavide, y Francisco Hialgo y Gumersindo Caballero, miembros del personal de administraci\u00f3n y servicios de la UPO.<\/p>\n<p>Al acto tambi\u00e9n asistir\u00e1n familiares y amigos de Rosario Valpuesta, autoridades acad\u00e9micas, civiles y miembros de la comunidad universitaria.<\/p>\n<p>&nbsp;<\/p>\n<p><strong>Retransmisi\u00f3n del acto en directo<\/strong>: \u00a0<a href=\" mms:\/\/upomedia.upo.es\/online3\">mms:\/\/upomedia.upo.es\/online3<\/a><\/p>\n<p>&nbsp;<\/p>\n<p>&nbsp;<\/p>\n","protected":false},"excerpt":{"rendered":"<p>La Universidad Pablo de Olavide rendir\u00e1 hoy viernes 14 de junio un homenaje en memoria a Rosario Valpuesta, primera rectora de esta Universidad. A las 11.30 horas, el rector de la UPO Vicente Guzm\u00e1n Fluja acompa\u00f1ado por los hijos de la homenajeada, F\u00e1tima y Alberto Gir\u00e1ldez Valpuesta, inagurar\u00e1n la rotulaci\u00f3n del edificio del Rectorado de la Olavide, que llevar\u00e1 el nombre de Rosario Valpuesta. A las 12.00 horas se celebrar\u00e1 un acto institucional en el Paraninfo de la UPO.<\/p>\n","protected":false},"author":6,"featured_media":0,"comment_status":"closed","ping_status":"open","sticky":false,"template":"","format":"standard","meta":{"_monsterinsights_skip_tracking":false,"_monsterinsights_sitenote_active":false,"_monsterinsights_sitenote_note":"","_monsterinsights_sitenote_category":0,"footnotes":""},"categories":[6],"tags":[308,38,536,39,106],"class_list":["post-1021992","post","type-post","status-publish","format-standard","hentry","category-institucional","tag-homenaje","tag-rector","tag-rosario-valpuesta","tag-universidades","tag-vicente-c-guzman"],"_links":{"self":[{"href":"https:\/\/www.upo.es\/diario\/wp-json\/wp\/v2\/posts\/1021992","targetHints":{"allow":["GET"]}}],"collection":[{"href":"https:\/\/www.upo.es\/diario\/wp-json\/wp\/v2\/posts"}],"about":[{"href":"https:\/\/www.upo.es\/diario\/wp-json\/wp\/v2\/types\/post"}],"author":[{"embeddable":true,"href":"https:\/\/www.upo.es\/diario\/wp-json\/wp\/v2\/users\/6"}],"replies":[{"embeddable":true,"href":"https:\/\/www.upo.es\/diario\/wp-json\/wp\/v2\/comments?post=1021992"}],"version-history":[{"count":10,"href":"https:\/\/www.upo.es\/diario\/wp-json\/wp\/v2\/posts\/1021992\/revisions"}],"predecessor-version":[{"id":1027675,"href":"https:\/\/www.upo.es\/diario\/wp-json\/wp\/v2\/posts\/1021992\/revisions\/1027675"}],"wp:attachment":[{"href":"https:\/\/www.upo.es\/diario\/wp-json\/wp\/v2\/media?parent=1021992"}],"wp:term":[{"taxonomy":"category","embeddable":true,"href":"https:\/\/www.upo.es\/diario\/wp-json\/wp\/v2\/categories?post=1021992"},{"taxonomy":"post_tag","embeddable":true,"href":"https:\/\/www.upo.es\/diario\/wp-json\/wp\/v2\/tags?post=1021992"}],"curies":[{"name":"wp","href":"https:\/\/api.w.org\/{rel}","templated":true}]}}