{"id":1027431,"date":"2013-06-17T06:30:10","date_gmt":"2013-06-17T06:30:10","guid":{"rendered":"https:\/\/www.upo.es\/diario\/?p=1027431"},"modified":"2013-06-17T06:35:55","modified_gmt":"2013-06-17T06:35:55","slug":"el-aula-abierta-de-mayores-de-la-upo-recibe-el-proximo-lunes-el-segundo-premio-miguel-hernandez-2012","status":"publish","type":"post","link":"https:\/\/www.upo.es\/diario\/institucional\/2013\/06\/el-aula-abierta-de-mayores-de-la-upo-recibe-el-proximo-lunes-el-segundo-premio-miguel-hernandez-2012\/","title":{"rendered":"El Aula Abierta de Mayores de la UPO recibe hoy el segundo premio Miguel Hern\u00e1ndez 2012"},"content":{"rendered":"<figure id=\"attachment_1027432\" aria-describedby=\"caption-attachment-1027432\" style=\"width: 320px\" class=\"wp-caption alignright\"><a href=\"https:\/\/www.upo.es\/diario\/wp-content\/uploads\/2013\/06\/aulamayores1.jpg\"><img loading=\"lazy\" decoding=\"async\" class=\"size-medium wp-image-1027432\" alt=\"En la imagen, acto de clausura del Aula Abierta de Mayores celebrado en la UPO esta semana. \" src=\"https:\/\/www.upo.es\/diario\/wp-content\/uploads\/2013\/06\/aulamayores1-320x213.jpg\" width=\"320\" height=\"213\" srcset=\"https:\/\/www.upo.es\/diario\/wp-content\/uploads\/2013\/06\/aulamayores1-320x213.jpg 320w, https:\/\/www.upo.es\/diario\/wp-content\/uploads\/2013\/06\/aulamayores1-1024x682.jpg 1024w, https:\/\/www.upo.es\/diario\/wp-content\/uploads\/2013\/06\/aulamayores1-600x400.jpg 600w\" sizes=\"auto, (max-width: 320px) 100vw, 320px\" \/><\/a><figcaption id=\"caption-attachment-1027432\" class=\"wp-caption-text\">En la imagen, acto de clausura del Aula Abierta de Mayores celebrado en la UPO esta semana.<\/figcaption><\/figure>\n<p>El Aula Abierta de Mayores de la Universidad Pablo de Olavide, programa de intervenci\u00f3n socioeducativa para fomentar el acceso a la formaci\u00f3n permanente de los mayores de 55 a\u00f1os, ha sido galardonado con el segundo Premio \u201cMiguel Hern\u00e1ndez\u201d 2012. Este premio, otorgado por el <a href=\"http:\/\/www.mecd.gob.es\/portada-mecd\/\">Ministerio de Educaci\u00f3n, Cultura y Deporte<\/a> y dotado con 25.000 euros, reconoce as\u00ed la labor de este proyecto universitario en la eliminaci\u00f3n de desigualdades ante la educaci\u00f3n, y su apuesta por la ampliaci\u00f3n de educaci\u00f3n como bien social y la \u00a0supresi\u00f3n del analfabetismo funcional.<\/p>\n<p>La entrega del premio tendr\u00e1 lugar hoy lunes 17 de junio a las 18.00 horas en la Biblioteca Nacional, en Madrid, y al acto acudir\u00e1n la vicerrectora de Cultura, Participaci\u00f3n y Compromiso Social de la UPO Elodia Hern\u00e1ndez Le\u00f3n, el vicerrector de Postgrado, Formaci\u00f3n Permanente y Empleo de la UPO Miguel \u00c1ngel Gual Font, acompa\u00f1ados por M\u00aa del Roc\u00edo Cruz D\u00edaz, coordinadora acad\u00e9mica del Aula Abierta de Mayores, Pilar A. Moreno Crespo, miembro del equipo t\u00e9cnico del Aula Abierta de Mayores, Soledad Rey Moreno, coordinadora municipal Aula Abierta de Mayores de Gines y Fuencisla Sanz Garc\u00eda, representante el alumnado del programa Aula Abierta de Mayores de Gines.<\/p>\n<p>El Aula Abierta de Mayores, que celebra este curso 2012-13 su und\u00e9cimo aniversario, es un programa universitario dirigido a personas mayores de 55 a\u00f1os, sin necesidad de una titulaci\u00f3n previa, que deseen ampliar su formaci\u00f3n e intercambiar experiencias. Dependiente del Vicerrectorado de Cultura, Participaci\u00f3n y Compromiso Social de la Universidad Pablo de Olavide, esta iniciativa tiene como principal objetivo la formaci\u00f3n cient\u00edfica, cultural y social de los mayores, as\u00ed como propiciar actividades art\u00edsticas y creativas, aprovechar la riqueza cultural de los mayores, promover las relaciones intergeneracionales o facilitar el voluntariado. Para ello, el programa se estructura en dos ciclos, b\u00e1sico y de continuidad, divididos en tres cursos cada uno de 135 horas.<\/p>\n<p>El programa cuenta con el sustento de varias instituciones, de modo que a la UPO se suman la <a href=\"http:\/\/www.juntadeandalucia.es\/organismos\/saludybienestarsocial.html\">Consejer\u00eda de Salud y Bienestar Social<\/a>, la <a href=\"http:\/\/www.dipusevilla.es\/\">Diputaci\u00f3n Provincial de Sevilla<\/a> y los distintos ayuntamientos donde tiene lugar el Aula Abierta de Mayores. En concreto, participan en el proyecto 12 municipios de Sevilla: <b>Alcal\u00e1 de Guada\u00edra, Aznalc\u00f3llar,<\/b><b>Bormujos, Gines, Carmona, Gilena, La Puebla de Cazalla, Mairena del Alcor, Herrera, Pedrera, Salteras y Tomares<\/b>. Asimismo, el alumnado de <b>Castilleja de la Cuesta<\/b>, <b>El Coronil<\/b> y <b>Gerena<\/b>, mantienen una estrecha vinculaci\u00f3n a trav\u00e9s de las asociaciones de alumnos y ex alumnos del Aula Abierta de Mayores y el desarrollo de actividades directamente promocionadas por la Diputaci\u00f3n Provincial de Sevilla y la Universidad Pablo de Olavide. El curr\u00edculo acad\u00e9mico atiende a las demandas formativas de cada municipio, contando con profesorado tanto local como propio de la universidad.<\/p>\n<p>La iniciativa \u201cHoy leemos todos\u201d del Centro de Educaci\u00f3n para Adultos Isabel de Segura (Teruel) ha recibido por su parte el primer premio \u201cMiguel Hern\u00e1ndez\u201d 2012 y representar\u00e1 a Espa\u00f1a en los Premios Internacionales de Alfabetizaci\u00f3n de la UNESCO. Adem\u00e1s han sido galardonados la Confederaci\u00f3n Galega de Persoas con Discapacidade (COGAMI), con el tercer premio, y el colectivo Traperos de Ema\u00fas de la Regi\u00f3n Murciana, que ha recibido una menci\u00f3n honor\u00edfica.<\/p>\n","protected":false},"excerpt":{"rendered":"<p>El Aula Abierta de Mayores de la Universidad Pablo de Olavide, programa de intervenci\u00f3n socioeducativa para fomentar el acceso a la formaci\u00f3n permanente de los mayores de 55 a\u00f1os, ha sido galardonado con el segundo Premio \u201cMiguel Hern\u00e1ndez\u201d 2012. Este premio, otorgado por el Ministerio de Educaci\u00f3n, Cultura y Deporte y dotado con 25.000 euros, reconoce as\u00ed la labor de este proyecto universitario en la eliminaci\u00f3n de desigualdades ante la educaci\u00f3n, y su apuesta por la ampliaci\u00f3n de educaci\u00f3n como bien social y la  supresi\u00f3n del analfabetismo funcional. <\/p>\n","protected":false},"author":2,"featured_media":0,"comment_status":"closed","ping_status":"open","sticky":false,"template":"","format":"standard","meta":{"_monsterinsights_skip_tracking":false,"_monsterinsights_sitenote_active":false,"_monsterinsights_sitenote_note":"","_monsterinsights_sitenote_category":0,"footnotes":""},"categories":[6],"tags":[52,244,58],"class_list":["post-1027431","post","type-post","status-publish","format-standard","hentry","category-institucional","tag-aula-abierta-de-mayores","tag-ministerio-de-educacion","tag-premio"],"_links":{"self":[{"href":"https:\/\/www.upo.es\/diario\/wp-json\/wp\/v2\/posts\/1027431","targetHints":{"allow":["GET"]}}],"collection":[{"href":"https:\/\/www.upo.es\/diario\/wp-json\/wp\/v2\/posts"}],"about":[{"href":"https:\/\/www.upo.es\/diario\/wp-json\/wp\/v2\/types\/post"}],"author":[{"embeddable":true,"href":"https:\/\/www.upo.es\/diario\/wp-json\/wp\/v2\/users\/2"}],"replies":[{"embeddable":true,"href":"https:\/\/www.upo.es\/diario\/wp-json\/wp\/v2\/comments?post=1027431"}],"version-history":[{"count":8,"href":"https:\/\/www.upo.es\/diario\/wp-json\/wp\/v2\/posts\/1027431\/revisions"}],"predecessor-version":[{"id":1027447,"href":"https:\/\/www.upo.es\/diario\/wp-json\/wp\/v2\/posts\/1027431\/revisions\/1027447"}],"wp:attachment":[{"href":"https:\/\/www.upo.es\/diario\/wp-json\/wp\/v2\/media?parent=1027431"}],"wp:term":[{"taxonomy":"category","embeddable":true,"href":"https:\/\/www.upo.es\/diario\/wp-json\/wp\/v2\/categories?post=1027431"},{"taxonomy":"post_tag","embeddable":true,"href":"https:\/\/www.upo.es\/diario\/wp-json\/wp\/v2\/tags?post=1027431"}],"curies":[{"name":"wp","href":"https:\/\/api.w.org\/{rel}","templated":true}]}}