{"id":1027436,"date":"2013-06-14T12:57:13","date_gmt":"2013-06-14T12:57:13","guid":{"rendered":"https:\/\/www.upo.es\/diario\/?p=1027436"},"modified":"2013-06-14T12:57:13","modified_gmt":"2013-06-14T12:57:13","slug":"la-universidad-pablo-de-olavide-clausura-esta-tarde-la-x-edicion-del-curso-de-especialista-en-mediacion","status":"publish","type":"post","link":"https:\/\/www.upo.es\/diario\/institucional\/2013\/06\/la-universidad-pablo-de-olavide-clausura-esta-tarde-la-x-edicion-del-curso-de-especialista-en-mediacion\/","title":{"rendered":"La Universidad Pablo de Olavide clausura esta tarde la X edici\u00f3n del Curso de Especialista en Mediaci\u00f3n"},"content":{"rendered":"<p>Esta tarde, a las 19.00 horas, en el sal\u00f3n de grados del Centro Andaluz de Biolog\u00eda del Desarrollo de la Universidad Pablo de Olavide, se proceder\u00e1 a la clausura de la X edici\u00f3n del Curso de Especialista en Mediaci\u00f3n Familiar, puesto en marcha por el \u00c1rea de Formaci\u00f3n Permanente de la UPO. Dicho acto estar\u00e1 presidido por el director del curso, Javier Al\u00e9s Sioli, profesor de Derecho Administrativo del Departamento de Derecho P\u00fablico y Jos\u00e9 Barranca L\u00f3pez, defensor del ciudadano del Ayuntamiento de Sevilla, quien ser\u00e1 el padrino de la promoci\u00f3n.<\/p>\n<p>En la clausura tambi\u00e9n estar\u00e1n presentes Juan Diego Mata, coordinador del curso y profesor de Derecho Administrativo de la UPO y Sebasti\u00e1n Garc\u00eda Moreno, representante del alumnado de esta edici\u00f3n.<\/p>\n<p>Un total de 80 alumnos, de distintas disciplinas, obtendr\u00e1n el t\u00edtulo de mediador familiar adaptado para la inscripci\u00f3n en el reci\u00e9n creado Registro de Mediadores de Andaluc\u00eda, tras superar los distintos m\u00f3dulos del curso, que comenz\u00f3 el pasado mes de octubre de 2012.<\/p>\n<p>El perfil del alumnado que obtiene el t\u00edtulo responde a un total de 13 titulaciones universitarias distintas, siendo muy destacado el n\u00famero de abogados y abogadas en ejercicio, psic\u00f3logos, terapeutas, educadores y trabajadores sociales. Profesionales, en la mayor\u00eda de los casos, con m\u00e1s de 15 a\u00f1os de ejercicio.<\/p>\n<p>Con la clausura de este curso, decano en el \u00e1mbito de la Mediaci\u00f3n en Andaluc\u00eda, son ya m\u00e1s de 600 mediadores profesionales los que se han formado en las aulas de la Universidad Pablo de Olavide, y m\u00e1s de 46 servicios creados a lo largo de estos a\u00f1os.<\/p>\n<p>Este t\u00edtulo habilita a los profesionales que lo cursan en la intervenci\u00f3n de conflictos de diversa \u00edndole como mediadores. Se trata de una actividad profesional que ha obtenido el respaldo definitivo gracias a la aprobaci\u00f3n de la Ley Andaluza de Mediaci\u00f3n Familiar, que ha impulsado el Gobierno andaluz.<\/p>\n","protected":false},"excerpt":{"rendered":"<p>Esta tarde, a las 19.00 horas, en el sal\u00f3n de grados del Centro Andaluz de Biolog\u00eda del Desarrollo de la Universidad Pablo de Olavide, se proceder\u00e1 a la clausura de la X edici\u00f3n del Curso de Especialista en Mediaci\u00f3n Familiar, puesto en marcha por el \u00c1rea de Formaci\u00f3n Permanente de la UPO. Dicho acto estar\u00e1 presidido por el director del curso, Javier Al\u00e9s Sioli, profesor de Derecho Administrativo del Departamento de Derecho P\u00fablico y Jos\u00e9 Barranca L\u00f3pez, defensor del ciudadano del Ayuntamiento de Sevilla, quien ser\u00e1 el padrino de la promoci\u00f3n. <\/p>\n","protected":false},"author":2,"featured_media":0,"comment_status":"closed","ping_status":"open","sticky":false,"template":"","format":"standard","meta":{"_monsterinsights_skip_tracking":false,"_monsterinsights_sitenote_active":false,"_monsterinsights_sitenote_note":"","_monsterinsights_sitenote_category":0,"footnotes":""},"categories":[6],"tags":[463,141,157],"class_list":["post-1027436","post","type-post","status-publish","format-standard","hentry","category-institucional","tag-clausura","tag-curso","tag-mediacion"],"_links":{"self":[{"href":"https:\/\/www.upo.es\/diario\/wp-json\/wp\/v2\/posts\/1027436","targetHints":{"allow":["GET"]}}],"collection":[{"href":"https:\/\/www.upo.es\/diario\/wp-json\/wp\/v2\/posts"}],"about":[{"href":"https:\/\/www.upo.es\/diario\/wp-json\/wp\/v2\/types\/post"}],"author":[{"embeddable":true,"href":"https:\/\/www.upo.es\/diario\/wp-json\/wp\/v2\/users\/2"}],"replies":[{"embeddable":true,"href":"https:\/\/www.upo.es\/diario\/wp-json\/wp\/v2\/comments?post=1027436"}],"version-history":[{"count":2,"href":"https:\/\/www.upo.es\/diario\/wp-json\/wp\/v2\/posts\/1027436\/revisions"}],"predecessor-version":[{"id":1027439,"href":"https:\/\/www.upo.es\/diario\/wp-json\/wp\/v2\/posts\/1027436\/revisions\/1027439"}],"wp:attachment":[{"href":"https:\/\/www.upo.es\/diario\/wp-json\/wp\/v2\/media?parent=1027436"}],"wp:term":[{"taxonomy":"category","embeddable":true,"href":"https:\/\/www.upo.es\/diario\/wp-json\/wp\/v2\/categories?post=1027436"},{"taxonomy":"post_tag","embeddable":true,"href":"https:\/\/www.upo.es\/diario\/wp-json\/wp\/v2\/tags?post=1027436"}],"curies":[{"name":"wp","href":"https:\/\/api.w.org\/{rel}","templated":true}]}}