{"id":1027440,"date":"2013-06-14T13:00:58","date_gmt":"2013-06-14T13:00:58","guid":{"rendered":"https:\/\/www.upo.es\/diario\/?p=1027440"},"modified":"2013-06-14T13:00:58","modified_gmt":"2013-06-14T13:00:58","slug":"el-rector-de-la-upo-y-el-presidente-de-la-diputacion-de-sevilla-ratifican-dos-acuerdos-de-colaboracion-entre-ambas-entidades","status":"publish","type":"post","link":"https:\/\/www.upo.es\/diario\/institucional\/2013\/06\/el-rector-de-la-upo-y-el-presidente-de-la-diputacion-de-sevilla-ratifican-dos-acuerdos-de-colaboracion-entre-ambas-entidades\/","title":{"rendered":"El rector de la UPO y el presidente de la Diputaci\u00f3n de Sevilla ratifican dos acuerdos de colaboraci\u00f3n entre ambas entidades"},"content":{"rendered":"<p>El rector de la Universidad Pablo de Olavide, Vicente Guzm\u00e1n Fluja, y el presidente de la Diputaci\u00f3n de Sevilla, Fernando Rodr\u00edguez Villalobos, y firmar\u00e1n el pr\u00f3ximo lunes, a las 11.00 horas en la Diputaci\u00f3n, dos convenios de colaboraci\u00f3n.<\/p>\n<p>Mediante esos acuerdos, la instituci\u00f3n provincial se compromete a aportar presupuestariamente una cantidad para la celebraci\u00f3n de la XI edici\u00f3n de los curso de verano de Olavide en Carmona y a acoger a alumnos en pr\u00e1cticas de dicha entidad acad\u00e9mica.<\/p>\n","protected":false},"excerpt":{"rendered":"<p>Mediante esos acuerdos, la instituci\u00f3n provincial se compromete a aportar presupuestariamente una cantidad para la celebraci\u00f3n de la XI edici\u00f3n de los curso de verano de Olavide en Carmona y a acoger a alumnos en pr\u00e1cticas de dicha entidad acad\u00e9mica.<\/p>\n","protected":false},"author":2,"featured_media":0,"comment_status":"closed","ping_status":"open","sticky":false,"template":"","format":"standard","meta":{"_monsterinsights_skip_tracking":false,"_monsterinsights_sitenote_active":false,"_monsterinsights_sitenote_note":"","_monsterinsights_sitenote_category":0,"footnotes":""},"categories":[6],"tags":[326,22,327,21,65],"class_list":["post-1027440","post","type-post","status-publish","format-standard","hentry","category-institucional","tag-convenio","tag-cursos-de-verano","tag-diputacion","tag-estudiantes","tag-practicas"],"_links":{"self":[{"href":"https:\/\/www.upo.es\/diario\/wp-json\/wp\/v2\/posts\/1027440","targetHints":{"allow":["GET"]}}],"collection":[{"href":"https:\/\/www.upo.es\/diario\/wp-json\/wp\/v2\/posts"}],"about":[{"href":"https:\/\/www.upo.es\/diario\/wp-json\/wp\/v2\/types\/post"}],"author":[{"embeddable":true,"href":"https:\/\/www.upo.es\/diario\/wp-json\/wp\/v2\/users\/2"}],"replies":[{"embeddable":true,"href":"https:\/\/www.upo.es\/diario\/wp-json\/wp\/v2\/comments?post=1027440"}],"version-history":[{"count":1,"href":"https:\/\/www.upo.es\/diario\/wp-json\/wp\/v2\/posts\/1027440\/revisions"}],"predecessor-version":[{"id":1027441,"href":"https:\/\/www.upo.es\/diario\/wp-json\/wp\/v2\/posts\/1027440\/revisions\/1027441"}],"wp:attachment":[{"href":"https:\/\/www.upo.es\/diario\/wp-json\/wp\/v2\/media?parent=1027440"}],"wp:term":[{"taxonomy":"category","embeddable":true,"href":"https:\/\/www.upo.es\/diario\/wp-json\/wp\/v2\/categories?post=1027440"},{"taxonomy":"post_tag","embeddable":true,"href":"https:\/\/www.upo.es\/diario\/wp-json\/wp\/v2\/tags?post=1027440"}],"curies":[{"name":"wp","href":"https:\/\/api.w.org\/{rel}","templated":true}]}}