{"id":1042213,"date":"2013-06-17T08:22:48","date_gmt":"2013-06-17T08:22:48","guid":{"rendered":"https:\/\/www.upo.es\/diario\/?p=1042213"},"modified":"2013-06-17T09:54:01","modified_gmt":"2013-06-17T09:54:01","slug":"profesores-de-espanol-como-segunda-lengua-asisten-hoy-en-la-upo-a-una-jornada-de-actualizacion-organizada-por-el-cui","status":"publish","type":"post","link":"https:\/\/www.upo.es\/diario\/institucional\/2013\/06\/profesores-de-espanol-como-segunda-lengua-asisten-hoy-en-la-upo-a-una-jornada-de-actualizacion-organizada-por-el-cui\/","title":{"rendered":"Profesores de espa\u00f1ol como segunda lengua asisten hoy en la UPO a una jornada de actualizaci\u00f3n profesional"},"content":{"rendered":"<figure id=\"attachment_1042435\" aria-describedby=\"caption-attachment-1042435\" style=\"width: 320px\" class=\"wp-caption alignright\"><a href=\"https:\/\/www.upo.es\/diario\/wp-content\/uploads\/2013\/06\/Jorn_Prof_ELE_12.jpg\"><img loading=\"lazy\" decoding=\"async\" class=\"size-medium wp-image-1042435\" alt=\"sala de grados del edificio 7 durante la Jornada\" src=\"https:\/\/www.upo.es\/diario\/wp-content\/uploads\/2013\/06\/Jorn_Prof_ELE_12-320x213.jpg\" width=\"320\" height=\"213\" srcset=\"https:\/\/www.upo.es\/diario\/wp-content\/uploads\/2013\/06\/Jorn_Prof_ELE_12-320x213.jpg 320w, https:\/\/www.upo.es\/diario\/wp-content\/uploads\/2013\/06\/Jorn_Prof_ELE_12-1024x682.jpg 1024w, https:\/\/www.upo.es\/diario\/wp-content\/uploads\/2013\/06\/Jorn_Prof_ELE_12-600x400.jpg 600w\" sizes=\"auto, (max-width: 320px) 100vw, 320px\" \/><\/a><figcaption id=\"caption-attachment-1042435\" class=\"wp-caption-text\">La Jornada puede seguirse en directo a trav\u00e9s del siguiente enlace: mms:\/\/upomedia.upo.es\/online3<\/figcaption><\/figure>\n<p>Noventa profesores de espa\u00f1ol como lengua extranjera (ELE) y de espa\u00f1ol como segunda lengua (EL2) centrados en la ense\u00f1anza a inmigrantes, acuden hoy en la Universidad Pablo de Olavide a la <b>\u2018Jornada del Profesorado para la ense\u00f1anza de ELE y L2 a inmigrantes\u2019<\/b>. Desde las 9 horas en la sala de grados del edificio 7. Eugenio Fedriani, director del Centro Universitario Internacional, dar\u00e1 la bienvenida a los asistentes.<\/p>\n<p>La Jornada ha sido organizada por el <a href=\"http:\/\/www.upo.es\/intl\/\">Centro Universitario Internacional de la UPO<\/a> y puede seguirse en directo a trav\u00e9s de Internet en el siguiente enlace: <a href=\"mms:\/\/upomedia.upo.es\/online3\">mms:\/\/upomedia.upo.es\/online3<\/a> . La alfabetizaci\u00f3n digital; los factores sociales y afectivos en la ense\u00f1anza del espa\u00f1ol para inmigrantes; y la ense\u00f1anza de ELE a distancia son algunos de los temas que ser\u00e1n abordados en un programa dise\u00f1ado para facilitar la actualizaci\u00f3n de conocimientos a los profesionales que se dedican a la ense\u00f1anza del espa\u00f1ol.<\/p>\n<p>&gt; <a href=\"https:\/\/www.upo.es\/diario\/wp-content\/uploads\/2013\/06\/Jornada_ELE_17junio_CUI_UPO_2.pdf\">Jornada del Profesorado para la ense\u00f1anza de ELE y L2 a inmigrantes \u2013programa en PDF-<\/a><\/p>\n","protected":false},"excerpt":{"rendered":"<p>Noventa profesores de espa\u00f1ol como lengua extranjera (ELE) y de espa\u00f1ol como segunda lengua (EL2) centrados en la ense\u00f1anza a inmigrantes, acuden hoy en la Universidad Pablo de Olavide a la \u2018Jornada del Profesorado para la ense\u00f1anza de ELE y L2 a inmigrantes\u2019. Desde las 9 horas en la sala de grados del edificio 7. Puede seguirse en directo a trav\u00e9s del siguiente enlace: mms:\/\/upomedia.upo.es\/online3<\/p>\n","protected":false},"author":6,"featured_media":0,"comment_status":"closed","ping_status":"open","sticky":false,"template":"","format":"standard","meta":{"_monsterinsights_skip_tracking":false,"_monsterinsights_sitenote_active":false,"_monsterinsights_sitenote_note":"","_monsterinsights_sitenote_category":0,"footnotes":""},"categories":[6],"tags":[155,695,36,35,694,514,199],"class_list":["post-1042213","post","type-post","status-publish","format-standard","hentry","category-institucional","tag-centro-universitario-internacional","tag-ensenanza","tag-extranjeros","tag-idiomas","tag-inmigrantes","tag-jornada","tag-profesorado"],"_links":{"self":[{"href":"https:\/\/www.upo.es\/diario\/wp-json\/wp\/v2\/posts\/1042213","targetHints":{"allow":["GET"]}}],"collection":[{"href":"https:\/\/www.upo.es\/diario\/wp-json\/wp\/v2\/posts"}],"about":[{"href":"https:\/\/www.upo.es\/diario\/wp-json\/wp\/v2\/types\/post"}],"author":[{"embeddable":true,"href":"https:\/\/www.upo.es\/diario\/wp-json\/wp\/v2\/users\/6"}],"replies":[{"embeddable":true,"href":"https:\/\/www.upo.es\/diario\/wp-json\/wp\/v2\/comments?post=1042213"}],"version-history":[{"count":6,"href":"https:\/\/www.upo.es\/diario\/wp-json\/wp\/v2\/posts\/1042213\/revisions"}],"predecessor-version":[{"id":1042216,"href":"https:\/\/www.upo.es\/diario\/wp-json\/wp\/v2\/posts\/1042213\/revisions\/1042216"}],"wp:attachment":[{"href":"https:\/\/www.upo.es\/diario\/wp-json\/wp\/v2\/media?parent=1042213"}],"wp:term":[{"taxonomy":"category","embeddable":true,"href":"https:\/\/www.upo.es\/diario\/wp-json\/wp\/v2\/categories?post=1042213"},{"taxonomy":"post_tag","embeddable":true,"href":"https:\/\/www.upo.es\/diario\/wp-json\/wp\/v2\/tags?post=1042213"}],"curies":[{"name":"wp","href":"https:\/\/api.w.org\/{rel}","templated":true}]}}