{"id":1043096,"date":"2013-06-17T00:05:53","date_gmt":"2013-06-17T00:05:53","guid":{"rendered":"https:\/\/www.upo.es\/diario\/?p=1043096"},"modified":"2013-06-18T12:53:22","modified_gmt":"2013-06-18T12:53:22","slug":"la-universidad-pablo-de-olavide-celebra-la-selectividad-desde-manana-martes","status":"publish","type":"post","link":"https:\/\/www.upo.es\/diario\/institucional\/2013\/06\/la-universidad-pablo-de-olavide-celebra-la-selectividad-desde-manana-martes\/","title":{"rendered":"La Universidad Pablo de Olavide celebra la Selectividad desde ma\u00f1ana martes"},"content":{"rendered":"<figure id=\"attachment_979599\" aria-describedby=\"caption-attachment-979599\" style=\"width: 320px\" class=\"wp-caption alignright\"><a href=\"https:\/\/www.upo.es\/diario\/wp-content\/uploads\/2013\/06\/selectividad.jpg\"><img loading=\"lazy\" decoding=\"async\" class=\"size-medium wp-image-979599\" alt=\"Imagen de estudiantes en la prueba de Selectividad del pasado a\u00f1o\" src=\"https:\/\/www.upo.es\/diario\/wp-content\/uploads\/2013\/06\/selectividad-320x191.jpg\" width=\"320\" height=\"191\" srcset=\"https:\/\/www.upo.es\/diario\/wp-content\/uploads\/2013\/06\/selectividad-320x191.jpg 320w, https:\/\/www.upo.es\/diario\/wp-content\/uploads\/2013\/06\/selectividad-1024x613.jpg 1024w, https:\/\/www.upo.es\/diario\/wp-content\/uploads\/2013\/06\/selectividad-600x359.jpg 600w\" sizes=\"auto, (max-width: 320px) 100vw, 320px\" \/><\/a><figcaption id=\"caption-attachment-979599\" class=\"wp-caption-text\">Imagen de estudiantes en la prueba de Selectividad del pasado a\u00f1o.<\/figcaption><\/figure>\n<p>Un total de 1.202 estudiantes de Bachillerato y de Ciclos Formativos de Grado Superior de Sevilla y provincia se examinar\u00e1n de Selectividad desde ma\u00f1ana martes en la Universidad Pablo de Olavide. La Prueba de Acceso a la Universidad se celebrar\u00e1 los d\u00edas 18, 19, 20 y 21 de junio. La UPO ha distribuido los 21 centros educativos en 2 sedes: en los edificios 2, 4 y 6 (Sede 1) y en los edificios 5 y 8 (Sede 2).<\/p>\n<p>Los estudiantes est\u00e1n citados ma\u00f1ana martes 18 de junio a las 8.00 horas, mientras que las Pruebas de Acceso a la Universidad dar\u00e1n comienzo a las 8.30 horas, desarroll\u00e1ndose el primer examen de 8.30 a 10 horas. Los alumnos tendr\u00e1n un primer descanso desde las 10 hasta las 10.45 horas.<\/p>\n<p>De los 1.202 estudiantes que se presentan a las pruebas en la Universidad Pablo de Olavide, 716 son mujeres y 486 son hombres. Por su parte, 1.097 alumnos proceden de Bachillerato y 105 de Ciclos Formativos de Grado Superior. Respecto al n\u00famero de alumnos que se presentan a cada fase, 918 estudiantes realizar\u00e1n tanto la fase espec\u00edfica como la general, mientras que 46 se examinar\u00e1n \u00fanicamente de la fase general y \u00a0238 de la fase espec\u00edfica.<\/p>\n<p>El examen consta de una prueba general con 4 ejercicios: Lengua Castellana y Literatura; Lengua Extranjera; Historia o Filosof\u00eda, y una materia de la modalidad de Bachillerato elegida por el estudiante. No existe un m\u00ednimo para aprobar cada examen, pero la media de las cuatro asignaturas debe ser igual o superior a 4 para considerar la prueba aprobada. En esta fase se puede alcanzar una nota m\u00e1xima de 10 y su validez es de car\u00e1cter indefinido.<\/p>\n<p>No obstante, los estudiantes tendr\u00e1n la oportunidad de subir nota hasta 4 puntos examin\u00e1ndose de una prueba espec\u00edfica y voluntaria que realizar\u00e1 la UPO, en aquellas materias que est\u00e9n relacionadas con la rama del conocimiento de la carrera elegida. Podr\u00e1n examinarse de un m\u00e1ximo de 4 ex\u00e1menes, y solamente contar\u00e1n las 2 notas de mayor puntuaci\u00f3n. Las materias superadas en la fase espec\u00edfica tienen validez en el curso que se superan y los dos siguientes cursos (se podr\u00e1n usar en los procesos de admisi\u00f3n de tres cursos). Transcurridos esos dos siguientes cursos caducan las calificaciones de la fase espec\u00edfica.<\/p>\n<p>Los estudiantes que tengan un t\u00edtulo de t\u00e9cnico superior de Formaci\u00f3n Profesional (FP), t\u00e9cnico superior de Artes Pl\u00e1sticas y Dise\u00f1o o t\u00e9cnico Deportivo Superior y equivalentes tienen la posibilidad de presentarse a la fase espec\u00edfica de la Prueba de Acceso a la Universidad en Andaluc\u00eda aunque pueden acceder a los estudios universitarios sin necesidad de realizar la Selectividad. Los estudiantes que quieran ingresar en carreras superiores con exceso de demanda deben examinarse de esta fase para poder mejorar su nota de admisi\u00f3n.<\/p>\n<p>Ense\u00f1anza Secundaria y Formaci\u00f3n Profesional de Sevilla y provincia, distribuy\u00e9ndolos en dos sedes. Estos 21 centros son el colegio Escuelas Profesionales de la Sagrada Familia (Sevilla), el colegio Salesianos de San Pedro (Sevilla), el colegio San Fernando (Sevilla), el IES Vel\u00e1zquez (Sevilla), el IES Joaqu\u00edn Turina (Sevilla), el IES Miguel de Cervantes (Sevilla), el IES Ram\u00f3n del Valle Incl\u00e1n (Sevilla), el colegio Albaydar (Sevilla), el colegio Alberto Durero (Sevilla), el IES Ruiz Gij\u00f3n (Utrera), el IES Mateo Alem\u00e1n (San Juan de Aznalfarache), el IES Severo Ochoa (San Juan de Aznalfarache), el IES Camas (Camas), el IES Juan de Mairena (Mairena del Aljarafe), el IES Atenea (Mairena del Aljarafe), el IES Rodrigo Caro (Coria del R\u00edo), el IES Pepe Ruiz Vela (Villaverde del R\u00edo), el IES Carmen Laff\u00f3n (San Jos\u00e9 de la Rinconada) el IES Los \u00c1lamos (Bormujos), el colegio Antonio de Sol\u00eds (Sevilla), y el Centro de Estudios Sanitarios Dr. Ardu\u00e1n (Sevilla).<\/p>\n<p>Para los estudiantes que aprueben la Selectividad, la Universidad Pablo de Olavide oferta un total de 31 titulaciones -21 grados y 10 dobles grados- para el pr\u00f3ximo curso 2013-2014. Para esta oferta acad\u00e9mica, el n\u00famero de plazas de nueva ingreso ascienden a 2.200, increment\u00e1ndose en un 8 % con respecto al curso anterior.<\/p>\n<p>Los 31 grados europeos que la Universidad Pablo de Olavide oferta para el pr\u00f3ximo curso son:<\/p>\n<ul>\n<li><strong>Grados:<\/strong> Humanidades, Traducci\u00f3n e Interpretaci\u00f3n (Ingl\u00e9s, Franc\u00e9s y Alem\u00e1n), Geograf\u00eda e Historia, Derecho, Relaciones Laborales y Recursos Humanos, Ciencias Pol\u00edticas y de la Administraci\u00f3n, Administraci\u00f3n y Direcci\u00f3n de Empresas en espa\u00f1ol y en ingl\u00e9s, Finanzas y Contabilidad, Criminolog\u00eda, An\u00e1lisis Econ\u00f3mico, Trabajo Social, Educaci\u00f3n Social, Ciencias de la Actividad F\u00edsica y del Deporte, Sociolog\u00eda, Biotecnolog\u00eda, Ciencias Ambientales, Ingenier\u00eda Inform\u00e1tica en Sistemas de la Informaci\u00f3n y Nutrici\u00f3n Humana y Diet\u00e9tica.<\/li>\n<li><strong>Dobles grados:<\/strong> Humanidades y Traducci\u00f3n e Interpretaci\u00f3n, Administraci\u00f3n y Direcci\u00f3n de Empresas y Derecho (en espa\u00f1ol y con ADE en ingl\u00e9s), Derecho y Finanzas y Contabilidad, Derecho y Ciencias Pol\u00edticas y de la Administraci\u00f3n, Derecho y Criminolog\u00eda, Derecho y Relaciones Laborales y Recursos Humanos, Ciencias Pol\u00edticas y de la Administraci\u00f3n y Sociolog\u00eda, Trabajo Social y Educaci\u00f3n Social, y el nuevo doble grado en Trabajo Social y Sociolog\u00eda.<\/li>\n<\/ul>\n<p>Por su parte, la Universidad Pablo de Olavide ha puesto en marcha un <b>portal web<\/b> espec\u00edfico dirigido a los futuros universitarios (<a href=\"http:\/\/www.upo.es\/guia-estudios\/index.html\">http:\/\/www.upo.es\/guia-estudios\/index.html<\/a>), que recoge la informaci\u00f3n relacionada con el acceso a la Universidad, as\u00ed como la oferta de grados y dobles grados, movilidad y actividades sociales, culturales y deportivas que ofrece la UPO en su campus universitario.<\/p>\n<p>La UPO ha distribuido para esta convocatoria de junio los centros educativos en las <strong>2 sedes de Selectividad<\/strong> de la siguiente manera:<\/p>\n<table border=\"0\" cellspacing=\"0\" cellpadding=\"0\">\n<tbody>\n<tr>\n<td colspan=\"2\" valign=\"top\" width=\"100%\">\n<p align=\"center\"><b><br \/>\nSEDE 1<\/b><\/p>\n<\/td>\n<\/tr>\n<tr>\n<td valign=\"top\" width=\"322\">I.E.S. RODRIGO CARO<\/td>\n<td valign=\"top\" width=\"339\">EDIFICIO 2, AULA 1<\/td>\n<\/tr>\n<tr>\n<td valign=\"top\" width=\"322\">I.E.S. CARMEN LAFF\u00d3N<\/td>\n<td valign=\"top\" width=\"339\">EDIFICIO 2, AULA 2<\/td>\n<\/tr>\n<tr>\n<td valign=\"top\" width=\"322\">C.D.P. ALBERTO DURERO<\/td>\n<td valign=\"top\" width=\"339\">EDIFICIO 2, AULA 3<\/td>\n<\/tr>\n<tr>\n<td valign=\"top\" width=\"322\">I.E.S. PEPE RUIZ VELA<\/td>\n<td valign=\"top\" width=\"339\">EDIFICIO 2, AULA 4<\/td>\n<\/tr>\n<tr>\n<td valign=\"top\" width=\"322\">I.E.S. CAMAS<\/td>\n<td valign=\"top\" width=\"339\">EDIFICIO 2, AULA 4<\/td>\n<\/tr>\n<tr>\n<td valign=\"top\" width=\"322\">I.E.S. MIGUEL DE CERVANTES<\/td>\n<td valign=\"top\" width=\"339\">EDIFICIO 4, AULA 1<\/td>\n<\/tr>\n<tr>\n<td valign=\"top\" width=\"322\">C.D.P. ALBAYDAR<\/td>\n<td valign=\"top\" width=\"339\">EDIFICIO 4, AULA 1<\/td>\n<\/tr>\n<tr>\n<td valign=\"top\" width=\"322\">I.E.S. VEL\u00c1ZQUEZ<\/td>\n<td valign=\"top\" width=\"339\">EDIFICIO 4, AULA 2<\/td>\n<\/tr>\n<tr>\n<td valign=\"top\" width=\"322\">I.E.S ATENEA<\/td>\n<td valign=\"top\" width=\"339\">EDIFICIO 4, AULA 3<\/td>\n<\/tr>\n<tr>\n<td valign=\"top\" width=\"322\">I.E.S. JOAQUIN TURINA<\/td>\n<td valign=\"top\" width=\"339\">EDIFICIO 4, AULA 3<\/td>\n<\/tr>\n<tr>\n<td valign=\"top\" width=\"322\">C.D.P. ANTONIO SOLIS<\/td>\n<td valign=\"top\" width=\"339\">EDIFICIO 4, AULA 3<\/td>\n<\/tr>\n<tr>\n<td valign=\"top\" width=\"322\">I.E.S. LOS \u00c1LAMOS<\/td>\n<td valign=\"top\" width=\"339\">EDIFICIO 4, AULA 4<\/td>\n<\/tr>\n<tr>\n<td valign=\"top\" width=\"322\">I.E.S. RUIZ GIJON<\/td>\n<td valign=\"top\" width=\"339\">EDIFICIO 6, AULA 1<br \/>\n(De la a A a la L)<\/td>\n<\/tr>\n<tr>\n<td valign=\"top\" width=\"322\">I.E.S. RUIZ GIJON<\/td>\n<td valign=\"top\" width=\"339\">EDIFICIO 6, AULA 2<br \/>\n(de la M a la Z)<\/td>\n<\/tr>\n<tr>\n<td colspan=\"2\" valign=\"top\" width=\"662\">\n<p align=\"center\"><b><br \/>\nSEDE 2<\/b><\/p>\n<\/td>\n<\/tr>\n<tr>\n<td valign=\"top\" width=\"322\">I.E.S JUAN DE MAIRENA<\/td>\n<td valign=\"top\" width=\"339\">EDIFICIO 5, AULA 1<br \/>\n(de la\u00a0 A a la M)<\/td>\n<\/tr>\n<tr>\n<td valign=\"top\" width=\"322\">I.E.S.JUAN DE MAIRENA<\/td>\n<td valign=\"top\" width=\"339\">EDIFICIO 5, AULA 2(de la\u00a0 N a la Z)<\/td>\n<\/tr>\n<tr>\n<td valign=\"top\" width=\"322\">C.D.P. CENTRO DE STUDIOS SANITARIOS DR. ARDUAN<\/td>\n<td valign=\"top\" width=\"339\">EDIFICIO 5, AULA 2<\/td>\n<\/tr>\n<tr>\n<td valign=\"top\" width=\"322\">I.E.S. VALLE INCL\u00c1N<\/td>\n<td valign=\"top\" width=\"339\">EDIFICIO 5, AULA 3<\/td>\n<\/tr>\n<tr>\n<td valign=\"top\" width=\"322\">I.E.S. SEVERO OCHOA<\/td>\n<td valign=\"top\" width=\"339\">EDIFICIO 5, AULA 4<\/td>\n<\/tr>\n<tr>\n<td valign=\"top\" width=\"322\">C.D.P EE.PP. DE LA SAGRADA FAMILIA \u2013 NUESTRA SE\u00d1ORA DE LOS REYES<\/td>\n<td valign=\"top\" width=\"339\">EDIFICIO 5, AULA 4<\/td>\n<\/tr>\n<tr>\n<td valign=\"top\" width=\"322\">I.E.S. MATEO ALEMAN<\/td>\n<td valign=\"top\" width=\"339\">EDIFICIO 8, AULA 1<\/td>\n<\/tr>\n<tr>\n<td valign=\"top\" width=\"322\">C.D.P. SAN FERNANDO<\/td>\n<td valign=\"top\" width=\"339\">EDIFICIO 8, AULA 3<\/td>\n<\/tr>\n<tr>\n<td valign=\"top\" width=\"322\">C.D.P. SALESIANOS SAN PEDRO<\/td>\n<td valign=\"top\" width=\"339\">EDIFICIO 8, AULA 5(de la A a la M)<\/td>\n<\/tr>\n<tr>\n<td valign=\"top\" width=\"322\">C.D.P. SALESIANOS SAN PEDRO<\/td>\n<td valign=\"top\" width=\"339\">EDIFICIO 8, AULA 7(de la N a la Z)<\/td>\n<\/tr>\n<\/tbody>\n<\/table>\n<p>Todos los alumnos de Lenguaje y Pr\u00e1ctica Musical e Historia de la M\u00fasica y Danza y An\u00e1lisis Musical II se examinar\u00e1n en el EDIFICIO 3 &#8211; AULA 4.<\/p>\n<p>Todos los alumnos de Dise\u00f1o y T\u00e9cnicas de Expresi\u00f3n Gr\u00e1fico Pl\u00e1sticas se examinar\u00e1n en el EDIFICIO 3 SEMINARIO.<\/p>\n<p>Todos los alumnos de Dibujo Art\u00edstico II se examinar\u00e1n en el EDIFICIO 6 AULA 4.<\/p>\n<p>Aula de Incidencias: EDIFICIO 8 \u2013 AULA 2<\/p>\n<p>Vocales Colaboradores de Centro: EDIFICIO 6 &#8211; AULA 3<\/p>\n<hr \/>\n<p>&nbsp;<\/p>\n<p><strong>El calendario de las Pruebas de Acceso a la Universidad en la Universidad Pablo de Olavide es el siguiente:<\/strong><\/p>\n<table border=\"1\" cellspacing=\"0\" cellpadding=\"0\">\n<tbody>\n<tr>\n<td valign=\"top\" width=\"84\">\n<p align=\"center\"><b>HORARIO<\/b><\/p>\n<\/td>\n<td valign=\"top\" width=\"132\">\n<p align=\"center\"><b>PRIMER D\u00cdA<\/b><\/p>\n<\/td>\n<td valign=\"top\" width=\"120\">\n<p align=\"center\"><b>SEGUNDO D\u00cdA<\/b><\/p>\n<\/td>\n<td valign=\"top\" width=\"144\">\n<p align=\"center\"><b>TERCER D\u00cdA<\/b><\/p>\n<\/td>\n<td valign=\"top\" width=\"144\">\n<p align=\"center\"><b>CUARTO D\u00cdA<\/b><\/p>\n<\/td>\n<\/tr>\n<tr>\n<td valign=\"top\" width=\"84\"><b>8:00-8:30 <\/b><\/td>\n<td valign=\"top\" width=\"132\"><b>Citaci\u00f3n<\/b><\/td>\n<td valign=\"top\" width=\"120\"><b>Citaci\u00f3n<\/b><\/td>\n<td valign=\"top\" width=\"144\">\n<p align=\"center\"><b>Citaci\u00f3n<\/b><\/p>\n<\/td>\n<td valign=\"top\" width=\"144\"><b>Citaci\u00f3n<\/b><\/td>\n<\/tr>\n<tr>\n<td valign=\"top\" width=\"84\"><b>8:30-10:00 <\/b><\/td>\n<td width=\"132\">COMENTARIO DE TEXTO RELACIONADO CON LA LENGUA CASTELLANA Y LA LITERATURA II<\/td>\n<td width=\"120\">HISTORIA DEL ARTEMATEM\u00c1TICAS II<\/td>\n<td width=\"144\">HISTORIA DE LA M\u00daSICA YLA D\u00c1NZADIBUJO ART\u00cdSTICO IIF\u00cdSICALAT\u00cdN II<\/td>\n<td width=\"144\">A DISPOSICI\u00d3N DE LA COMISI\u00d3N COORDINADORA PARA POSIBLES INCOMPATIBILIDADES<\/td>\n<\/tr>\n<tr>\n<td valign=\"top\" width=\"84\"><b>10:00-10:45<\/b><\/td>\n<td width=\"132\"><b>DESCANSO<\/b><\/td>\n<td width=\"120\"><b>DESCANSO<\/b><\/td>\n<td width=\"144\"><b>DESCANSO<\/b><\/td>\n<td width=\"144\"><b>DESCANSO<\/b><\/td>\n<\/tr>\n<tr>\n<td valign=\"top\" width=\"84\"><b>10:45-12:15<\/b><\/td>\n<td width=\"132\">HISTORIA DE ESPA\u00d1AHISTORIA DE LA FILOSOF\u00cdA<\/td>\n<td width=\"120\">T\u00c9CNICAS DE EXPR. GR\u00c1FICO-PL\u00c1STICASQU\u00cdMICAELECTROT\u00c9CNIALITERATURA UNIVERSAL<\/td>\n<td width=\"144\">AN\u00c1LISIS MUSICAL IIDISE\u00d1OGEOGRAF\u00cdABIOLOG\u00cdA<\/td>\n<td width=\"144\">A DISPOSICI\u00d3N DE LA COMISI\u00d3N COORDINADORA PARA POSIBLES INCOMPATIBILIDADES<\/td>\n<\/tr>\n<tr>\n<td valign=\"top\" width=\"84\"><b>12:15-13:00<\/b><\/td>\n<td width=\"132\"><b>DESCANSO<\/b><\/td>\n<td width=\"120\"><b>DESCANSO<\/b><\/td>\n<td width=\"144\"><b>DESCANSO<\/b><\/td>\n<td width=\"144\"><b>DESCANSO<\/b><\/td>\n<\/tr>\n<tr>\n<td valign=\"top\" width=\"84\"><b>13:00-14:30<\/b><\/td>\n<td width=\"132\">IDIOMA EXTRANJERO<\/td>\n<td width=\"120\">LENGUAJE Y PR\u00c1CTICA MUSICALTECNOLOG\u00cdA INDUSTRIAL IIMATEM\u00c1T. APLIC. A\u00a0 LAS CC. SOCIALES II<\/td>\n<td width=\"144\">DIBUJO T\u00c9CNICO IICIENCIAS DE LA TIERRA Y MEDIOAMBIENTALESECONOM\u00cdA DE LA EMPRESAGRIEGO II<\/td>\n<td width=\"144\">A DISPOSICI\u00d3N DE LA COMISI\u00d3N COORDINADORA PARA POSIBLES INCOMPATIBILIDADES<\/td>\n<\/tr>\n<\/tbody>\n<\/table>\n","protected":false},"excerpt":{"rendered":"<p>Un total de 1.202 estudiantes de Bachillerato y de Ciclos Formativos de Grado Superior de Sevilla y provincia se examinar\u00e1n de Selectividad desde ma\u00f1ana martes en la Universidad Pablo de Olavide. La Prueba de Acceso a la Universidad se celebrar\u00e1 los d\u00edas 18, 19, 20 y 21 de junio. La UPO ha distribuido los 21 centros educativos en 2 sedes: en los edificios 2, 4 y 6 (Sede 1) y en los edificios 5 y 8 (Sede 2).<\/p>\n","protected":false},"author":6,"featured_media":0,"comment_status":"closed","ping_status":"open","sticky":false,"template":"","format":"standard","meta":{"_monsterinsights_skip_tracking":false,"_monsterinsights_sitenote_active":false,"_monsterinsights_sitenote_note":"","_monsterinsights_sitenote_category":0,"footnotes":""},"categories":[6],"tags":[501,127,668,690,665,39],"class_list":["post-1043096","post","type-post","status-publish","format-standard","hentry","category-institucional","tag-acceso","tag-examenes","tag-pau","tag-prueba-de-acceso-a-la-universidad","tag-selectividad","tag-universidades"],"_links":{"self":[{"href":"https:\/\/www.upo.es\/diario\/wp-json\/wp\/v2\/posts\/1043096","targetHints":{"allow":["GET"]}}],"collection":[{"href":"https:\/\/www.upo.es\/diario\/wp-json\/wp\/v2\/posts"}],"about":[{"href":"https:\/\/www.upo.es\/diario\/wp-json\/wp\/v2\/types\/post"}],"author":[{"embeddable":true,"href":"https:\/\/www.upo.es\/diario\/wp-json\/wp\/v2\/users\/6"}],"replies":[{"embeddable":true,"href":"https:\/\/www.upo.es\/diario\/wp-json\/wp\/v2\/comments?post=1043096"}],"version-history":[{"count":8,"href":"https:\/\/www.upo.es\/diario\/wp-json\/wp\/v2\/posts\/1043096\/revisions"}],"predecessor-version":[{"id":1048842,"href":"https:\/\/www.upo.es\/diario\/wp-json\/wp\/v2\/posts\/1043096\/revisions\/1048842"}],"wp:attachment":[{"href":"https:\/\/www.upo.es\/diario\/wp-json\/wp\/v2\/media?parent=1043096"}],"wp:term":[{"taxonomy":"category","embeddable":true,"href":"https:\/\/www.upo.es\/diario\/wp-json\/wp\/v2\/categories?post=1043096"},{"taxonomy":"post_tag","embeddable":true,"href":"https:\/\/www.upo.es\/diario\/wp-json\/wp\/v2\/tags?post=1043096"}],"curies":[{"name":"wp","href":"https:\/\/api.w.org\/{rel}","templated":true}]}}