{"id":1043106,"date":"2013-06-14T07:45:13","date_gmt":"2013-06-14T07:45:13","guid":{"rendered":"https:\/\/www.upo.es\/diario\/?p=1043106"},"modified":"2013-06-17T12:47:58","modified_gmt":"2013-06-17T12:47:58","slug":"ceremonia-de-egresados-de-la-primera-promocion-del-grado-en-trabajo-social-de-la-upo","status":"publish","type":"post","link":"https:\/\/www.upo.es\/diario\/institucional\/2013\/06\/ceremonia-de-egresados-de-la-primera-promocion-del-grado-en-trabajo-social-de-la-upo\/","title":{"rendered":"Ceremonia de egresados de la primera promoci\u00f3n del grado en Trabajo Social de la UPO"},"content":{"rendered":"<figure id=\"attachment_1043109\" aria-describedby=\"caption-attachment-1043109\" style=\"width: 320px\" class=\"wp-caption alignright\"><a href=\"https:\/\/www.upo.es\/diario\/wp-content\/uploads\/2013\/06\/130613-UPO__543.jpg\"><img loading=\"lazy\" decoding=\"async\" class=\"size-medium wp-image-1043109\" alt=\"Promoci\u00f3n 2009-2013 de Trabajo Social\" src=\"https:\/\/www.upo.es\/diario\/wp-content\/uploads\/2013\/06\/130613-UPO__543-320x158.jpg\" width=\"320\" height=\"158\" srcset=\"https:\/\/www.upo.es\/diario\/wp-content\/uploads\/2013\/06\/130613-UPO__543-320x158.jpg 320w, https:\/\/www.upo.es\/diario\/wp-content\/uploads\/2013\/06\/130613-UPO__543-600x297.jpg 600w, https:\/\/www.upo.es\/diario\/wp-content\/uploads\/2013\/06\/130613-UPO__543.jpg 701w\" sizes=\"auto, (max-width: 320px) 100vw, 320px\" \/><\/a><figcaption id=\"caption-attachment-1043109\" class=\"wp-caption-text\">Promoci\u00f3n 2009-2013 de Trabajo Social<\/figcaption><\/figure>\n<figure id=\"attachment_1043110\" aria-describedby=\"caption-attachment-1043110\" style=\"width: 320px\" class=\"wp-caption alignright\"><a href=\"https:\/\/www.upo.es\/diario\/wp-content\/uploads\/2013\/06\/130613-UPO__086.jpg\"><img loading=\"lazy\" decoding=\"async\" class=\"size-medium wp-image-1043110\" alt=\"Durante la imposici\u00f3n de becas con los padrinos\" src=\"https:\/\/www.upo.es\/diario\/wp-content\/uploads\/2013\/06\/130613-UPO__086-320x212.jpg\" width=\"320\" height=\"212\" srcset=\"https:\/\/www.upo.es\/diario\/wp-content\/uploads\/2013\/06\/130613-UPO__086-320x212.jpg 320w, https:\/\/www.upo.es\/diario\/wp-content\/uploads\/2013\/06\/130613-UPO__086-600x399.jpg 600w, https:\/\/www.upo.es\/diario\/wp-content\/uploads\/2013\/06\/130613-UPO__086.jpg 768w\" sizes=\"auto, (max-width: 320px) 100vw, 320px\" \/><\/a><figcaption id=\"caption-attachment-1043110\" class=\"wp-caption-text\">Durante la imposici\u00f3n de becas con los padrinos<\/figcaption><\/figure>\n<p>La Ceremonia de Egresados de la primera promoci\u00f3n (2009\/2013) del grado en Trabajo Social se celebr\u00f3 el pasado jueves en la Universidad Pablo de Olavide, presidida por Guillermo Dom\u00ednguez Fern\u00e1ndez, decano de la Facultad de Ciencias Sociales.<\/p>\n<p>Los padrinos de la promoci\u00f3n fueron los profesores del \u00c1rea de Trabajo Social y Servicios Sociales de la UPO, Rosa M\u00aa D\u00edaz Jim\u00e9nez y Pedro Chicharro Rodr\u00edguez. A la ceremonia asistieron la vicedecana de Calidad, M\u00aa Rosa Herrera y la vicedecana de Relaciones Internacionales y Movildad, Esther Prieto Jim\u00e9nez, ambas de la Facultad de Ciencias Sociales. Los representantes de los estudiantes fueron Inmaculada Exp\u00f3sito C\u00edvico, Alba F\u00e1tima Franco N\u00fa\u00f1ez, Francisco Jos\u00e9 N\u00fa\u00f1ez Izquierdo, M\u00aa Gracia Paloma Ruiz y Ver\u00f3nica Reja Fern\u00e1ndez.<\/p>\n<p>Un total de 169 egresados asistieron junto a sus familiares a este acto con el que la Universidad Pablo de Olavide recupera una antigua tradici\u00f3n de las universidades europeas.<\/p>\n<p>&nbsp;<\/p>\n","protected":false},"excerpt":{"rendered":"<p>La Ceremonia de Egresados de la primera promoci\u00f3n (2009\/2013) del grado en Trabajo Social se celebr\u00f3 el pasado jueves en la Universidad Pablo de Olavide, presidida por Guillermo Dom\u00ednguez Fern\u00e1ndez, decano de la Facultad de Ciencias Sociales.<\/p>\n","protected":false},"author":4,"featured_media":0,"comment_status":"closed","ping_status":"open","sticky":false,"template":"","format":"standard","meta":{"_monsterinsights_skip_tracking":false,"_monsterinsights_sitenote_active":false,"_monsterinsights_sitenote_note":"","_monsterinsights_sitenote_category":0,"footnotes":""},"categories":[6],"tags":[581,487,103],"class_list":["post-1043106","post","type-post","status-publish","format-standard","hentry","category-institucional","tag-ceremonia-de-egresados","tag-facultad-ciencias-sociales","tag-trabajo-social"],"_links":{"self":[{"href":"https:\/\/www.upo.es\/diario\/wp-json\/wp\/v2\/posts\/1043106","targetHints":{"allow":["GET"]}}],"collection":[{"href":"https:\/\/www.upo.es\/diario\/wp-json\/wp\/v2\/posts"}],"about":[{"href":"https:\/\/www.upo.es\/diario\/wp-json\/wp\/v2\/types\/post"}],"author":[{"embeddable":true,"href":"https:\/\/www.upo.es\/diario\/wp-json\/wp\/v2\/users\/4"}],"replies":[{"embeddable":true,"href":"https:\/\/www.upo.es\/diario\/wp-json\/wp\/v2\/comments?post=1043106"}],"version-history":[{"count":1,"href":"https:\/\/www.upo.es\/diario\/wp-json\/wp\/v2\/posts\/1043106\/revisions"}],"predecessor-version":[{"id":1043332,"href":"https:\/\/www.upo.es\/diario\/wp-json\/wp\/v2\/posts\/1043106\/revisions\/1043332"}],"wp:attachment":[{"href":"https:\/\/www.upo.es\/diario\/wp-json\/wp\/v2\/media?parent=1043106"}],"wp:term":[{"taxonomy":"category","embeddable":true,"href":"https:\/\/www.upo.es\/diario\/wp-json\/wp\/v2\/categories?post=1043106"},{"taxonomy":"post_tag","embeddable":true,"href":"https:\/\/www.upo.es\/diario\/wp-json\/wp\/v2\/tags?post=1043106"}],"curies":[{"name":"wp","href":"https:\/\/api.w.org\/{rel}","templated":true}]}}