{"id":1043333,"date":"2013-06-17T07:45:34","date_gmt":"2013-06-17T07:45:34","guid":{"rendered":"https:\/\/www.upo.es\/diario\/?p=1043333"},"modified":"2013-06-17T12:53:43","modified_gmt":"2013-06-17T12:53:43","slug":"ceremonia-de-egresados-de-la-primera-promocion-del-grado-en-educacion-social-de-la-upo","status":"publish","type":"post","link":"https:\/\/www.upo.es\/diario\/institucional\/2013\/06\/ceremonia-de-egresados-de-la-primera-promocion-del-grado-en-educacion-social-de-la-upo\/","title":{"rendered":"Ceremonia de egresados de la primera promoci\u00f3n del grado en Educaci\u00f3n Social de la UPO"},"content":{"rendered":"<figure id=\"attachment_1043334\" aria-describedby=\"caption-attachment-1043334\" style=\"width: 320px\" class=\"wp-caption alignright\"><a href=\"https:\/\/www.upo.es\/diario\/wp-content\/uploads\/2013\/06\/130614-UPO_076.jpg\"><img loading=\"lazy\" decoding=\"async\" class=\"size-medium wp-image-1043334\" alt=\"El padrino de la promoci\u00f3n, Jos\u00e9 Chamizo\" src=\"https:\/\/www.upo.es\/diario\/wp-content\/uploads\/2013\/06\/130614-UPO_076-320x212.jpg\" width=\"320\" height=\"212\" srcset=\"https:\/\/www.upo.es\/diario\/wp-content\/uploads\/2013\/06\/130614-UPO_076-320x212.jpg 320w, https:\/\/www.upo.es\/diario\/wp-content\/uploads\/2013\/06\/130614-UPO_076-600x398.jpg 600w, https:\/\/www.upo.es\/diario\/wp-content\/uploads\/2013\/06\/130614-UPO_076.jpg 1024w\" sizes=\"auto, (max-width: 320px) 100vw, 320px\" \/><\/a><figcaption id=\"caption-attachment-1043334\" class=\"wp-caption-text\">El padrino de la promoci\u00f3n, Jos\u00e9 Chamizo<\/figcaption><\/figure>\n<figure id=\"attachment_1043335\" aria-describedby=\"caption-attachment-1043335\" style=\"width: 320px\" class=\"wp-caption alignright\"><a href=\"https:\/\/www.upo.es\/diario\/wp-content\/uploads\/2013\/06\/130614-UPO_307.jpg\"><img loading=\"lazy\" decoding=\"async\" class=\"size-medium wp-image-1043335\" alt=\"Promoci\u00f3n 2009-2013 de Educaci\u00f3n Social\" src=\"https:\/\/www.upo.es\/diario\/wp-content\/uploads\/2013\/06\/130614-UPO_307-320x213.jpg\" width=\"320\" height=\"213\" srcset=\"https:\/\/www.upo.es\/diario\/wp-content\/uploads\/2013\/06\/130614-UPO_307-320x213.jpg 320w, https:\/\/www.upo.es\/diario\/wp-content\/uploads\/2013\/06\/130614-UPO_307-600x400.jpg 600w, https:\/\/www.upo.es\/diario\/wp-content\/uploads\/2013\/06\/130614-UPO_307.jpg 1024w\" sizes=\"auto, (max-width: 320px) 100vw, 320px\" \/><\/a><figcaption id=\"caption-attachment-1043335\" class=\"wp-caption-text\">Promoci\u00f3n 2009-2013 de Educaci\u00f3n Social<\/figcaption><\/figure>\n<p>La Ceremonia de egresados de la primera promoci\u00f3n (2009\/2013) del grado en Educaci\u00f3n Socia se celebr\u00f3 el pasado viernes, presidida por Guillermo Dom\u00ednguez Fern\u00e1ndez, decano de la Facultad de Ciencias Sociales.<\/p>\n<p>El padrino de la promoci\u00f3n fue Jos\u00e9 Chamizo de la Rubia, ex defensor del Pueblo Andaluz. A la ceremonia asistieron la profesora del \u00c1rea de Teor\u00eda e Historia de la Educaci\u00f3n de la UPO, Roc\u00edo C\u00e1rdenas como madrina honor\u00edfica de la promoci\u00f3n y la vicedecana de Relaciones Internacionales e Institucionales de la Facultad de Ciencias Sociales, Esther Prieto Jim\u00e9nez. Los representantes de los estudiantes fueron Juan Llamas Arigita y Carlos Zapata de la Flor.<\/p>\n<p>Un total de 49 egresados asistieron junto a sus familiares, a este acto con el que la Universidad Pablo de Olavide recupera una antigua tradici\u00f3n de las universidades europeas.<\/p>\n<p>&nbsp;<\/p>\n","protected":false},"excerpt":{"rendered":"<p>La Ceremonia de egresados de la primera promoci\u00f3n (2009\/2013) del grado en Educaci\u00f3n Socia se celebr\u00f3 el pasado viernes, presidida por Guillermo Dom\u00ednguez Fern\u00e1ndez, decano de la Facultad de Ciencias Sociales.<\/p>\n","protected":false},"author":4,"featured_media":0,"comment_status":"closed","ping_status":"open","sticky":false,"template":"","format":"standard","meta":{"_monsterinsights_skip_tracking":false,"_monsterinsights_sitenote_active":false,"_monsterinsights_sitenote_note":"","_monsterinsights_sitenote_category":0,"footnotes":""},"categories":[6],"tags":[581,628,487,266],"class_list":["post-1043333","post","type-post","status-publish","format-standard","hentry","category-institucional","tag-ceremonia-de-egresados","tag-educacion-social","tag-facultad-ciencias-sociales","tag-grados"],"_links":{"self":[{"href":"https:\/\/www.upo.es\/diario\/wp-json\/wp\/v2\/posts\/1043333","targetHints":{"allow":["GET"]}}],"collection":[{"href":"https:\/\/www.upo.es\/diario\/wp-json\/wp\/v2\/posts"}],"about":[{"href":"https:\/\/www.upo.es\/diario\/wp-json\/wp\/v2\/types\/post"}],"author":[{"embeddable":true,"href":"https:\/\/www.upo.es\/diario\/wp-json\/wp\/v2\/users\/4"}],"replies":[{"embeddable":true,"href":"https:\/\/www.upo.es\/diario\/wp-json\/wp\/v2\/comments?post=1043333"}],"version-history":[{"count":1,"href":"https:\/\/www.upo.es\/diario\/wp-json\/wp\/v2\/posts\/1043333\/revisions"}],"predecessor-version":[{"id":1043336,"href":"https:\/\/www.upo.es\/diario\/wp-json\/wp\/v2\/posts\/1043333\/revisions\/1043336"}],"wp:attachment":[{"href":"https:\/\/www.upo.es\/diario\/wp-json\/wp\/v2\/media?parent=1043333"}],"wp:term":[{"taxonomy":"category","embeddable":true,"href":"https:\/\/www.upo.es\/diario\/wp-json\/wp\/v2\/categories?post=1043333"},{"taxonomy":"post_tag","embeddable":true,"href":"https:\/\/www.upo.es\/diario\/wp-json\/wp\/v2\/tags?post=1043333"}],"curies":[{"name":"wp","href":"https:\/\/api.w.org\/{rel}","templated":true}]}}